{"id":4995,"date":"2019-08-05T10:19:59","date_gmt":"2019-08-05T10:19:59","guid":{"rendered":"https:\/\/gazetaregionalna.com\/?p=4995"},"modified":"2019-08-05T10:20:03","modified_gmt":"2019-08-05T10:20:03","slug":"samorzad-chce-zmian-w-centrum-myszkowa","status":"publish","type":"post","link":"https:\/\/gazetaregionalna.com\/?p=4995","title":{"rendered":"Samorz\u0105d chce zmian w centrum Myszkowa"},"content":{"rendered":"\n<p>W\u0142adze miejskie przyst\u0105pi\u0142y do prac nad rewitalizacj\u0105 centrum Myszkowa. Samorz\u0105d chce, aby \u015br\u00f3dmie\u015bcie miasta zmieni\u0142o si\u0119 nie tylko pod wzgl\u0119dem estetycznym, ale tak\u017ce sta\u0142o si\u0119 miejscem przyjaznym i dostosowanym do potrzeb mieszka\u0144c\u00f3w.<br> Miasto prowadzi w zwi\u0105zku z rewitalizacj\u0105 centrum konsultacje spo\u0142eczne. Odby\u0142y si\u0119 ju\u017c dwa spotkania z myszkowianami. Trzecie spotkanie konsultacyjne zorganizowane b\u0119dzie w formule warsztat\u00f3w, w kt\u00f3rych b\u0119d\u0105 mogli wzi\u0105\u0107 udzia\u0142 przedstawiciele r\u00f3\u017cnych \u015brodowisk, grup spo\u0142ecznych oraz grup wiekowych. Samorz\u0105d zaprosi na nie m.in. przedstawicieli mieszka\u0144c\u00f3w, radnych, przedsi\u0119biorc\u00f3w, stowarzysze\u0144 ds. os\u00f3b niepe\u0142nosprawnych, rady m\u0142odzie\u017cowej i senioralnej, a tak\u017ce reprezentant\u00f3w ludzi kultury oraz organizacji pozarz\u0105dowych. Warsztaty zostan\u0105 przeprowadzone z udzia\u0142em ok. 40 os\u00f3b.<\/p>\n\n\n\n<figure class=\"wp-block-image\"><img decoding=\"async\" width=\"800\" height=\"450\" data-src=\"https:\/\/gazetaregionalna.com\/wp-content\/uploads\/2019\/08\/myszkow.jpg\" alt=\"\" class=\"wp-image-4998 lazyload\" data-srcset=\"https:\/\/gazetaregionalna.com\/wp-content\/uploads\/2019\/08\/myszkow.jpg 800w, https:\/\/gazetaregionalna.com\/wp-content\/uploads\/2019\/08\/myszkow-300x169.jpg 300w, https:\/\/gazetaregionalna.com\/wp-content\/uploads\/2019\/08\/myszkow-768x432.jpg 768w\" data-sizes=\"(max-width: 800px) 100vw, 800px\" src=\"data:image\/svg+xml;base64,PHN2ZyB3aWR0aD0iMSIgaGVpZ2h0PSIxIiB4bWxucz0iaHR0cDovL3d3dy53My5vcmcvMjAwMC9zdmciPjwvc3ZnPg==\" style=\"--smush-placeholder-width: 800px; --smush-placeholder-aspect-ratio: 800\/450;\" \/><\/figure>\n\n\n\n<p><br> Jak zapowiada magistrat, rezultatem konsultacji ma by\u0107 raport ko\u0144cowy, kt\u00f3ry stanie si\u0119 za\u0142\u0105cznikiem do regulaminu konkursu urbanistyczno-architektonicznego, kt\u00f3ry w sprawie rewitalizacji zostanie og\u0142oszony przez miasto.<br> Ju\u017c teraz na podstawie konsultacji spo\u0142ecznych wiadomo, \u017ce opracowaniem konkursowym obj\u0119ty zostanie fragment miasta w \u015bcis\u0142ym centrum, o powierzchni ok. 2,5 ha. S\u0105 to tereny w wi\u0119kszo\u015bci nale\u017c\u0105ce do gminy. W gr\u0119 wchodzi dawny plac manewrowy PKS wraz z budynkiem niefunkcjonuj\u0105cego dworca autobusowego przy ul. 1 Maja 2 oraz Plac Dworcowy wraz z budynkiem dworca kolejowego. W planach miasta jest r\u00f3wnie\u017c zmiana oblicza miasta\u00a0w rejonie: ul. Ko\u015bciuszki na odcinku od Placu Dworcowego do terenu przed budynkiem Urz\u0119du Miasta wraz z pierzejami tego odcinka ulicy; teren skweru miejskiego, zlokalizowany u zbiegu ulic: Pu\u0142askiego, Ko\u015bciuszki i Kwiatkowskiego;<br> oraz fragment ul. 1 Maja wraz z parkingiem, Rondem Flagi Rzeczpospolitej Polskiej i dzia\u0142k\u0105, na kt\u00f3rej znajduj\u0105 si\u0119 tymczasowe obiekty budowlane oraz budynek dawnej herbaciarni.<\/p>\n","protected":false},"excerpt":{"rendered":"<p>W\u0142adze miejskie przyst\u0105pi\u0142y do prac nad rewitalizacj\u0105 centrum Myszkowa. Samorz\u0105d chce, aby \u015br\u00f3dmie\u015bcie miasta zmieni\u0142o si\u0119 nie tylko pod wzgl\u0119dem estetycznym, ale tak\u017ce sta\u0142o<\/p>\n","protected":false},"author":3,"featured_media":4999,"comment_status":"open","ping_status":"open","sticky":false,"template":"","format":"standard","meta":{"_monsterinsights_skip_tracking":false,"_monsterinsights_sitenote_active":false,"_monsterinsights_sitenote_note":"","_monsterinsights_sitenote_category":0,"_uf_show_specific_survey":0,"_uf_disable_surveys":false,"footnotes":""},"categories":[33,26,2],"tags":[],"class_list":["post-4995","post","type-post","status-publish","format-standard","has-post-thumbnail","hentry","category-inwestycje","category-myszkow","category-wiadomosci"],"_links":{"self":[{"href":"https:\/\/gazetaregionalna.com\/index.php?rest_route=\/wp\/v2\/posts\/4995","targetHints":{"allow":["GET"]}}],"collection":[{"href":"https:\/\/gazetaregionalna.com\/index.php?rest_route=\/wp\/v2\/posts"}],"about":[{"href":"https:\/\/gazetaregionalna.com\/index.php?rest_route=\/wp\/v2\/types\/post"}],"author":[{"embeddable":true,"href":"https:\/\/gazetaregionalna.com\/index.php?rest_route=\/wp\/v2\/users\/3"}],"replies":[{"embeddable":true,"href":"https:\/\/gazetaregionalna.com\/index.php?rest_route=%2Fwp%2Fv2%2Fcomments&post=4995"}],"version-history":[{"count":1,"href":"https:\/\/gazetaregionalna.com\/index.php?rest_route=\/wp\/v2\/posts\/4995\/revisions"}],"predecessor-version":[{"id":5001,"href":"https:\/\/gazetaregionalna.com\/index.php?rest_route=\/wp\/v2\/posts\/4995\/revisions\/5001"}],"wp:featuredmedia":[{"embeddable":true,"href":"https:\/\/gazetaregionalna.com\/index.php?rest_route=\/wp\/v2\/media\/4999"}],"wp:attachment":[{"href":"https:\/\/gazetaregionalna.com\/index.php?rest_route=%2Fwp%2Fv2%2Fmedia&parent=4995"}],"wp:term":[{"taxonomy":"category","embeddable":true,"href":"https:\/\/gazetaregionalna.com\/index.php?rest_route=%2Fwp%2Fv2%2Fcategories&post=4995"},{"taxonomy":"post_tag","embeddable":true,"href":"https:\/\/gazetaregionalna.com\/index.php?rest_route=%2Fwp%2Fv2%2Ftags&post=4995"}],"curies":[{"name":"wp","href":"https:\/\/api.w.org\/{rel}","templated":true}]}}