{"id":4992,"date":"2019-08-05T10:33:57","date_gmt":"2019-08-05T10:33:57","guid":{"rendered":"https:\/\/gazetaregionalna.com\/?p=4992"},"modified":"2019-08-07T12:13:18","modified_gmt":"2019-08-07T12:13:18","slug":"czestochowa-weekend-pelen-emocji-pierwsze-zawody-minizuzlowe-za-nami","status":"publish","type":"post","link":"https:\/\/gazetaregionalna.com\/?p=4992","title":{"rendered":"Cz\u0119stochowa. Weekend pe\u0142en emocji. Pierwsze zawody minizu\u017clowe za nami"},"content":{"rendered":"\n<p><strong>W ostatni weekend 3 i 4 sierpnia odby\u0142y si\u0119 pierwsze w historii zawody mini\u017cu\u017clowe zorganizowane przez klub W\u0142\u00f3kniarza na minitorze przy ul. Brzegowej w Cz\u0119stochowie. <\/strong><br><\/p>\n\n\n\n<p>Dwa dni zmaga\u0144 i rywalizacji przebiega\u0142y w przyjaznej atmosferze. W sobot\u0119 odbywa\u0142a si\u0119 kolejna <strong>VI runda Indywidualnych Mistrzostw Polski <br> 85-125cc<\/strong> , kt\u00f3ra zako\u0144czy\u0142a si\u0119 zwyci\u0119stwem <strong>Dawida Piestrzy\u0144skiego z MKM\u017b Rybki Rybnik<\/strong>. Jak m\u00f3wi\u0142 Dawid: <\/p>\n\n\n\n<p><em>&#8222;Czuj\u0119 si\u0119 \u015bwietnie, to bardzo fajne uczucie by\u0107 na pierwszym miejscu. Tor by\u0142 dobrze przygotowany, nie ma na co narzeka\u0107&#8221;.<\/em><br><\/p>\n\n\n\n<div class=\"wp-block-image\"><figure class=\"aligncenter is-resized\"><img decoding=\"async\" data-src=\"https:\/\/gazetaregionalna.com\/wp-content\/uploads\/2019\/08\/20190804_1254190-1024x631.jpg\" alt=\"\" class=\"wp-image-4993 lazyload\" width=\"512\" height=\"316\" src=\"data:image\/svg+xml;base64,PHN2ZyB3aWR0aD0iMSIgaGVpZ2h0PSIxIiB4bWxucz0iaHR0cDovL3d3dy53My5vcmcvMjAwMC9zdmciPjwvc3ZnPg==\" style=\"--smush-placeholder-width: 512px; --smush-placeholder-aspect-ratio: 512\/316;\"><\/figure><\/div>\n\n\n\n<div class=\"wp-block-image\"><figure class=\"aligncenter is-resized\"><img decoding=\"async\" data-src=\"https:\/\/gazetaregionalna.com\/wp-content\/uploads\/2019\/08\/20190804_112638-2-1024x630.jpg\" alt=\"\" class=\"wp-image-4996 lazyload\" width=\"512\" height=\"315\" data-srcset=\"https:\/\/gazetaregionalna.com\/wp-content\/uploads\/2019\/08\/20190804_112638-2-1024x630.jpg 1024w, https:\/\/gazetaregionalna.com\/wp-content\/uploads\/2019\/08\/20190804_112638-2-300x184.jpg 300w, https:\/\/gazetaregionalna.com\/wp-content\/uploads\/2019\/08\/20190804_112638-2-768x472.jpg 768w, https:\/\/gazetaregionalna.com\/wp-content\/uploads\/2019\/08\/20190804_112638-2.jpg 1600w\" data-sizes=\"(max-width: 512px) 100vw, 512px\" src=\"data:image\/svg+xml;base64,PHN2ZyB3aWR0aD0iMSIgaGVpZ2h0PSIxIiB4bWxucz0iaHR0cDovL3d3dy53My5vcmcvMjAwMC9zdmciPjwvc3ZnPg==\" style=\"--smush-placeholder-width: 512px; --smush-placeholder-aspect-ratio: 512\/315;\" \/><\/figure><\/div>\n\n\n\n<p>Niedzielne zmagania to <strong>VI runda Pucharu Polski Par Klubowych 85-125cc. <\/strong>W tym dniu rywalizacja by\u0142a zaci\u0119ta, a na pierwszym miejscu podium ponownie stan\u0119li zawodnicy z klubu z Rybnika. Wszyscy mini\u017cu\u017clowcy zas\u0142uguj\u0105 na uznanie bowiem ka\u017cdy z nich pokaza\u0142 zdrow\u0105 rywalizacj\u0119 w duchu fair play. <br><\/p>\n\n\n\n<div class=\"wp-block-image\"><figure class=\"aligncenter is-resized\"><img decoding=\"async\" data-src=\"https:\/\/gazetaregionalna.com\/wp-content\/uploads\/2019\/08\/20190804_125235-1024x732.jpg\" alt=\"\" class=\"wp-image-5002 lazyload\" width=\"512\" height=\"366\" data-srcset=\"https:\/\/gazetaregionalna.com\/wp-content\/uploads\/2019\/08\/20190804_125235-1024x732.jpg 1024w, https:\/\/gazetaregionalna.com\/wp-content\/uploads\/2019\/08\/20190804_125235-300x214.jpg 300w, https:\/\/gazetaregionalna.com\/wp-content\/uploads\/2019\/08\/20190804_125235-768x549.jpg 768w, https:\/\/gazetaregionalna.com\/wp-content\/uploads\/2019\/08\/20190804_125235.jpg 1600w\" data-sizes=\"(max-width: 512px) 100vw, 512px\" src=\"data:image\/svg+xml;base64,PHN2ZyB3aWR0aD0iMSIgaGVpZ2h0PSIxIiB4bWxucz0iaHR0cDovL3d3dy53My5vcmcvMjAwMC9zdmciPjwvc3ZnPg==\" style=\"--smush-placeholder-width: 512px; --smush-placeholder-aspect-ratio: 512\/366;\" \/><\/figure><\/div>\n\n\n\n<div class=\"wp-block-image\"><figure class=\"aligncenter is-resized\"><img decoding=\"async\" data-src=\"https:\/\/gazetaregionalna.com\/wp-content\/uploads\/2019\/08\/20190803_185218-1024x896.jpg\" alt=\"\" class=\"wp-image-4997 lazyload\" width=\"512\" height=\"448\" data-srcset=\"https:\/\/gazetaregionalna.com\/wp-content\/uploads\/2019\/08\/20190803_185218-1024x896.jpg 1024w, https:\/\/gazetaregionalna.com\/wp-content\/uploads\/2019\/08\/20190803_185218-300x262.jpg 300w, https:\/\/gazetaregionalna.com\/wp-content\/uploads\/2019\/08\/20190803_185218-768x672.jpg 768w, https:\/\/gazetaregionalna.com\/wp-content\/uploads\/2019\/08\/20190803_185218.jpg 1600w\" data-sizes=\"(max-width: 512px) 100vw, 512px\" src=\"data:image\/svg+xml;base64,PHN2ZyB3aWR0aD0iMSIgaGVpZ2h0PSIxIiB4bWxucz0iaHR0cDovL3d3dy53My5vcmcvMjAwMC9zdmciPjwvc3ZnPg==\" style=\"--smush-placeholder-width: 512px; --smush-placeholder-aspect-ratio: 512\/448;\" \/><\/figure><\/div>\n\n\n\n<p><em>&#8222;Poprzeczk\u0119 stawiamy sobie coraz wy\u017cej, robimy to dla dzieciak\u00f3w, aby mog\u0142y rozwija\u0107 swoje pasje &#8211; nas to cieszy&#8221; <\/em>&#8211; m\u00f3wi\u0142 Micha\u0142 \u015awi\u0105cik, Prezes W\u0142\u00f3kniarza Cz\u0119stochowa. <br><\/p>\n\n\n\n<p>Na s\u0142owa uznania zas\u0142uguj\u0105 zawodnicy dru\u017cyny gospodarzy &#8211; <strong>Bocar W\u0142\u00f3kniarz Cz\u0119stochowa &#8211; Kacper Halkiewicz<\/strong>, kt\u00f3ry swoj\u0105 postaw\u0105 i jazd\u0105 pokaza\u0142 co potrafi\u0105 m\u0142odzi adepci \u017cu\u017cla. Halkiewicz w sobotnich rozgrywkach wywalczy\u0142 wysok\u0105 pi\u0105t\u0105 lokat\u0119 w zawodach <\/p>\n\n\n\n<p>&#8211; <em>&#8222;Tor jest dobrze przygotowany, zawsze mo\u017ce by\u0107 lepiej, ale ja nie mam tego strachu przed startem, nie boj\u0119 si\u0119, \u017ce si\u0119 przewr\u00f3c\u0119. Na tym torze trenuj\u0119 na co dzie\u0144 i wiem, \u017ce czym ci\u0119\u017cszy tor na treningach tym lepiej je\u017adzi si\u0119 na zwodach. Zawodnicy s\u0105 wymagaj\u0105cy i trzeba si\u0119 stara\u0107, \u017ceby wygra\u0107 &#8211; najbardziej z dru\u017cyn\u0105 z Rybnika i z Gda\u0144ska&#8221;<\/em>. Upadek Halkiewicza w pierwszym starcie przekre\u015bli\u0142 jego szanse na awans do wielkiego fina\u0142u. <br><\/p>\n\n\n\n<div class=\"wp-block-image\"><figure class=\"aligncenter is-resized\"><img decoding=\"async\" data-src=\"https:\/\/gazetaregionalna.com\/wp-content\/uploads\/2019\/08\/20190804_125418-1024x768.jpg\" alt=\"\" class=\"wp-image-5004 lazyload\" width=\"512\" height=\"384\" data-srcset=\"https:\/\/gazetaregionalna.com\/wp-content\/uploads\/2019\/08\/20190804_125418-1024x768.jpg 1024w, https:\/\/gazetaregionalna.com\/wp-content\/uploads\/2019\/08\/20190804_125418-300x225.jpg 300w, https:\/\/gazetaregionalna.com\/wp-content\/uploads\/2019\/08\/20190804_125418-768x576.jpg 768w, https:\/\/gazetaregionalna.com\/wp-content\/uploads\/2019\/08\/20190804_125418.jpg 1600w\" data-sizes=\"(max-width: 512px) 100vw, 512px\" src=\"data:image\/svg+xml;base64,PHN2ZyB3aWR0aD0iMSIgaGVpZ2h0PSIxIiB4bWxucz0iaHR0cDovL3d3dy53My5vcmcvMjAwMC9zdmciPjwvc3ZnPg==\" style=\"--smush-placeholder-width: 512px; --smush-placeholder-aspect-ratio: 512\/384;\" \/><\/figure><\/div>\n\n\n\n<div class=\"wp-block-image\"><figure class=\"aligncenter is-resized\"><img decoding=\"async\" data-src=\"https:\/\/gazetaregionalna.com\/wp-content\/uploads\/2019\/08\/20190804_125431-1024x621.jpg\" alt=\"\" class=\"wp-image-5005 lazyload\" width=\"512\" height=\"311\" data-srcset=\"https:\/\/gazetaregionalna.com\/wp-content\/uploads\/2019\/08\/20190804_125431-1024x621.jpg 1024w, https:\/\/gazetaregionalna.com\/wp-content\/uploads\/2019\/08\/20190804_125431-300x182.jpg 300w, https:\/\/gazetaregionalna.com\/wp-content\/uploads\/2019\/08\/20190804_125431-768x466.jpg 768w, https:\/\/gazetaregionalna.com\/wp-content\/uploads\/2019\/08\/20190804_125431.jpg 1600w\" data-sizes=\"(max-width: 512px) 100vw, 512px\" src=\"data:image\/svg+xml;base64,PHN2ZyB3aWR0aD0iMSIgaGVpZ2h0PSIxIiB4bWxucz0iaHR0cDovL3d3dy53My5vcmcvMjAwMC9zdmciPjwvc3ZnPg==\" style=\"--smush-placeholder-width: 512px; --smush-placeholder-aspect-ratio: 512\/311;\" \/><\/figure><\/div>\n\n\n\n<p>Kolejny zawodnik z <strong>Bocar W\u0142\u00f3kniarz Cz\u0119stochowa Pawe\u0142 Caban junior<\/strong> zaj\u0105\u0142 on drug\u0105 lokat\u0119 w wy\u015bcigu eliminacyjnym i pierwszego dnia publiczno\u015bci prezentowa\u0142 si\u0119 w wy\u015bcigach pokazowych. Jazdy treningowe na minitorze przy Brzegowej zaliczyli r\u00f3wnie\u017c <strong>Jakub Korkus, Alan Purgal <\/strong>i<strong> Alan Ciurzy\u0144ski<\/strong>. Niedzielna rywalizacja par klubowych da\u0142a zawodnikom gospodarzy pi\u0105ta pozycj\u0119 z dorobkiem 16 &#8222;oczek&#8221; (14 nale\u017ca\u0142o do Kacpra Halkiewicza, a 2 do Paw\u0142a Cabana).<\/p>\n\n\n\n<div class=\"wp-block-image\"><figure class=\"aligncenter is-resized\"><img decoding=\"async\" data-src=\"https:\/\/gazetaregionalna.com\/wp-content\/uploads\/2019\/08\/20190804_125158-1024x768.jpg\" alt=\"\" class=\"wp-image-5006 lazyload\" width=\"512\" height=\"384\" data-srcset=\"https:\/\/gazetaregionalna.com\/wp-content\/uploads\/2019\/08\/20190804_125158-1024x768.jpg 1024w, https:\/\/gazetaregionalna.com\/wp-content\/uploads\/2019\/08\/20190804_125158-300x225.jpg 300w, https:\/\/gazetaregionalna.com\/wp-content\/uploads\/2019\/08\/20190804_125158-768x576.jpg 768w, https:\/\/gazetaregionalna.com\/wp-content\/uploads\/2019\/08\/20190804_125158.jpg 1600w\" data-sizes=\"(max-width: 512px) 100vw, 512px\" src=\"data:image\/svg+xml;base64,PHN2ZyB3aWR0aD0iMSIgaGVpZ2h0PSIxIiB4bWxucz0iaHR0cDovL3d3dy53My5vcmcvMjAwMC9zdmciPjwvc3ZnPg==\" style=\"--smush-placeholder-width: 512px; --smush-placeholder-aspect-ratio: 512\/384;\" \/><\/figure><\/div>\n\n\n\n<p>Nagrody dla zawodnik\u00f3w w postaci medali i puchar\u00f3w wr\u0119cza\u0142 Prezes W\u0142\u00f3kniarza Cz\u0119stochowa Micha\u0142 \u015awi\u0105cik, kt\u00f3ry nie ukrywa\u0142, \u017ce jest dumny z tych zawod\u00f3w <\/p>\n\n\n\n<div class=\"wp-block-image\"><figure class=\"aligncenter is-resized\"><img decoding=\"async\" data-src=\"https:\/\/gazetaregionalna.com\/wp-content\/uploads\/2019\/08\/20190804_112640-1024x768.jpg\" alt=\"\" class=\"wp-image-5008 lazyload\" width=\"512\" height=\"384\" data-srcset=\"https:\/\/gazetaregionalna.com\/wp-content\/uploads\/2019\/08\/20190804_112640-1024x768.jpg 1024w, https:\/\/gazetaregionalna.com\/wp-content\/uploads\/2019\/08\/20190804_112640-300x225.jpg 300w, https:\/\/gazetaregionalna.com\/wp-content\/uploads\/2019\/08\/20190804_112640-768x576.jpg 768w, https:\/\/gazetaregionalna.com\/wp-content\/uploads\/2019\/08\/20190804_112640.jpg 1600w\" data-sizes=\"(max-width: 512px) 100vw, 512px\" src=\"data:image\/svg+xml;base64,PHN2ZyB3aWR0aD0iMSIgaGVpZ2h0PSIxIiB4bWxucz0iaHR0cDovL3d3dy53My5vcmcvMjAwMC9zdmciPjwvc3ZnPg==\" style=\"--smush-placeholder-width: 512px; --smush-placeholder-aspect-ratio: 512\/384;\" \/><\/figure><\/div>\n\n\n\n<p><em>&#8211; &#8222;Z naszej strony \u017cadnej organizacyjnej wpadki nie by\u0142o, ale to te\u017c wynika z do\u015bwiadczenia jakie mamy w przygotowaniach wi\u0119kszych imprez takich jak np. play-offy. Najbardziej ciesz\u0105 mnie g\u0142osy przedstawicieli innych o\u015brodk\u00f3w sportowych z Rybnika czy z Wawrowa, kt\u00f3rzy m\u00f3wi\u0105, \u017ce to co zrobili\u015bmy w ci\u0105gu kilku miesi\u0119cy z tym obiektem to mistrzostwo \u015bwiata&#8221;<\/em><br><\/p>\n\n\n\n<div class=\"wp-block-image\"><figure class=\"aligncenter is-resized\"><img decoding=\"async\" data-src=\"https:\/\/gazetaregionalna.com\/wp-content\/uploads\/2019\/08\/20190803_161321-1024x725.jpg\" alt=\"\" class=\"wp-image-5011 lazyload\" width=\"512\" height=\"363\" data-srcset=\"https:\/\/gazetaregionalna.com\/wp-content\/uploads\/2019\/08\/20190803_161321-1024x725.jpg 1024w, https:\/\/gazetaregionalna.com\/wp-content\/uploads\/2019\/08\/20190803_161321-300x212.jpg 300w, https:\/\/gazetaregionalna.com\/wp-content\/uploads\/2019\/08\/20190803_161321-768x543.jpg 768w, https:\/\/gazetaregionalna.com\/wp-content\/uploads\/2019\/08\/20190803_161321.jpg 1600w\" data-sizes=\"(max-width: 512px) 100vw, 512px\" src=\"data:image\/svg+xml;base64,PHN2ZyB3aWR0aD0iMSIgaGVpZ2h0PSIxIiB4bWxucz0iaHR0cDovL3d3dy53My5vcmcvMjAwMC9zdmciPjwvc3ZnPg==\" style=\"--smush-placeholder-width: 512px; --smush-placeholder-aspect-ratio: 512\/363;\" \/><\/figure><\/div>\n\n\n\n<p>Warto zwr\u00f3ci\u0107 uwag\u0119 na tor, kt\u00f3ry zosta\u0142 przygotowany tak, aby jazda przebiega\u0142a bezpiecznie. Prezes \u015awi\u0105cik wielokrotnie podkre\u015bla\u0142, \u017ce zostanie on jeszcze przebudowany <\/p>\n\n\n\n<p>&#8211; <em>&#8222;Ju\u017c teraz du\u017co zainwestowali\u015bmy w nawierzchni\u0119 toru, na popraw\u0119 band, wyremontowanie infrastruktury elektrycznej. W tym sezonie na tym torze rozegramy jeszcze jedne zawody z cyklu Mistrzostw Polski, na kt\u00f3re zaprasza\u0107 b\u0119dziemy wszystkie o\u015brodki sportowe, ale g\u0142ownie te z kt\u00f3rymi s\u0105siadujemy czyli R\u0119dziny czy Rybnik. Na jesie\u0144 planujemy przebudow\u0119 toru tzn. chcemy zrobi\u0107 do\u015b\u0107 du\u017cy k\u0105t toru &#8211; wewn\u0119trzn\u0105 obni\u017cy\u0107 o 30 cm, a zewn\u0119trzna podnie\u015b\u0107 o 30 cm. Zyskamy w ten spos\u00f3b 60 cm r\u00f3\u017cnicy nachylenia toru. Taki zabieg umo\u017cliwi niespotykan\u0105 rzecz na torach mini\u017cu\u017clowych, czyli \u015bciganie po zewn\u0119trznej stronie toru. Zmiany obejm\u0105 tak\u017ce geometri\u0119 \u0142uk\u00f3w, tak aby jazda na mini\u017cu\u017clu by\u0142a por\u00f3wnywalna z jazd\u0105 na pe\u0142nowymiarowych torach&#8221;<\/em><br> <\/p>\n\n\n\n<div class=\"wp-block-image\"><figure class=\"aligncenter\"><img decoding=\"async\" width=\"1024\" height=\"732\" data-src=\"https:\/\/gazetaregionalna.com\/wp-content\/uploads\/2019\/08\/20190804_134537-1024x732.jpg\" alt=\"\" class=\"wp-image-5007 lazyload\" data-srcset=\"https:\/\/gazetaregionalna.com\/wp-content\/uploads\/2019\/08\/20190804_134537-1024x732.jpg 1024w, https:\/\/gazetaregionalna.com\/wp-content\/uploads\/2019\/08\/20190804_134537-300x214.jpg 300w, https:\/\/gazetaregionalna.com\/wp-content\/uploads\/2019\/08\/20190804_134537-768x549.jpg 768w, https:\/\/gazetaregionalna.com\/wp-content\/uploads\/2019\/08\/20190804_134537.jpg 1600w\" data-sizes=\"(max-width: 1024px) 100vw, 1024px\" src=\"data:image\/svg+xml;base64,PHN2ZyB3aWR0aD0iMSIgaGVpZ2h0PSIxIiB4bWxucz0iaHR0cDovL3d3dy53My5vcmcvMjAwMC9zdmciPjwvc3ZnPg==\" style=\"--smush-placeholder-width: 1024px; --smush-placeholder-aspect-ratio: 1024\/732;\" \/><\/figure><\/div>\n\n\n\n<p><strong>Wyniki VI rundy IMP 85-125cc:<\/strong><\/p>\n\n\n\n<ul class=\"wp-block-list\"><li>Dawid Piestrzy\u0144ski (MKM\u017b Rybki Rybnik) 12+3 (3,3,3,3)<\/li><li>Bartosz Lewandowski (GUKS Speedway Wawr\u00f3w) 11+2 (2,3,3,3)<\/li><li>Szymon Ludwiczak (MKM\u017b Rybki Rybnik) 9+1 (3,3,0,3)<\/li><li>Krystian Gr\u0119da (ZK\u017b SSA Zielona G\u00f3ra) 11+0 (3,2,3,3)<\/li><li>Kacper Halkiewicz (Bocar W\u0142\u00f3kniarz Cz\u0119stochowa) 9+3 (0,3,3,3)<\/li><li>Emil Maroszek (BT\u017b Polonia Bydgoszcz) 9+2 (3,2,2,2)<\/li><li>Miko\u0142aj Duchi\u0144ski (SSSM Stal Toru\u0144) 8+1 (1,3,3,1)<\/li><li>Mateusz \u0141opuski (GK\u017b Wybrze\u017ce Gda\u0144sk) 8+0 (2,2,2,2)<\/li><li>Kacper Teska (GUKS Speedway Wawr\u00f3w) 6+3 (1,1,2,2)<\/li><li>Nikodem Czmut (SSSM Stal Toru\u0144) 5+2 (2,1,1,1)<\/li><li>Maciej Kurzawski (BT\u017b Polonia Bydgoszcz) 5+1 (3,1,1,0)<\/li><li>Miko\u0142aj Krok (GUKS Speedway Wawr\u00f3w) 6+W (0,2,2,2)<\/li><li>Antoni Kawczy\u0144ski (GK\u017b Wybrze\u017ce Gda\u0144sk) 3+3 (2,0,W,1)<\/li><li>Wiktor Andryszczak (UKS Speedway R\u0119dziny) 4+2 (2,0,1,1)<\/li><li>Mi\u0142osz Kowalski (UKS Speedway R\u0119dziny) 4+1 (D,1,2,1)<\/li><li>Dominik Wo\u017aniak (ZK\u017b SSA Zielona G\u00f3ra) 3+0 (1,0,2)<\/li><li>Jakub Bre\u0144ski (KS Toru\u0144 SA) 1+3 (0,W,1,0)<\/li><li>Szymon Tomaszewski (MKM\u017b Rybki Rybnik) 1+2 (1,0,T,0)<\/li><li>Ksawery S\u0142omski (SSSM Stal Toru\u0144) 1+1 (0,1,0,0)<\/li><li>Denis Andrzejczak (GUKS Speedway Wawr\u00f3w) 2+ns (W,2,-,-)<\/li><li>Marcel Kowolik (MKM\u017b Rybki Rybnik) 1 (1,0,D,-<\/li><\/ul>\n\n\n\n<p><strong>Wyniki VI rundy PPPK 85-125cc:<\/strong><\/p>\n\n\n\n<ul class=\"wp-block-list\"><li><strong>I. MKM\u017b Rybki Rybnik \u2013 29 pkt.&nbsp;&nbsp; &nbsp;&nbsp;&nbsp;<\/strong><\/li><li>Dawid Piestrzy\u0144ski&nbsp;&nbsp; &nbsp;3,3,3,3,3,2=17  <\/li><li>Szymon Ludwiczak&nbsp;&nbsp; &nbsp;2,1,2,2,2,3=12<\/li><li>Szymon Tomaszewski NS<\/li><li>Marcel Kowolik NS<\/li><li> <strong>II. JUST FUN GUKS Speedway Wawr\u00f3w \u2013 22 pkt.<\/strong><\/li><li>Kacper Teska 3 (1,0,-,2,-,-)<\/li><li>Bartosz Lewandowski&nbsp;&nbsp; &nbsp;10 (2,2,3,3,-,-)<\/li><li>Denis Andrzejczak 4 (2,0,2)<\/li><li>Miko\u0142aj Krok 5 (2,3)<\/li><li> <strong>III-IV. GK\u017b Wybrze\u017ce Gda\u0144sk \u2013 17pkt.<\/strong><\/li><li>Mateusz \u0141opuski 11 (3,2,2,1,2,1)<\/li><li>Antoni Kawczy\u0144ski 6 (1,1,3,0,1,0)<\/li><li><strong> III-IV. SSSM Stal Toru\u0144 \u2013 17pkt.<\/strong><\/li><li>Miko\u0142aj Duchi\u0144ski 14 (1,3,1,3,3,3)<\/li><li>Nikodem Czmut 2 (0,d,d,-,1,1)<\/li><li>Ksawery S\u0142omski 1 (1)<\/li><li> <strong>V. Bocar W\u0142\u00f3kniarz Cz\u0119stochowa&nbsp;&nbsp; &nbsp;\u2013 16 pkt.<\/strong><\/li><li>Kacper Halkiewicz 14 (3,3,1,2,3,2)<\/li><li>Pawe\u0142 Caban 2 (0,1,0,1,0,0)<\/li><li> <strong>VI. BT\u017b Polonia Bydgoszcz \u2013 15pkt.<\/strong><\/li><li>Emil Maroszek 13 (2,2,3,1,3,2)<\/li><li>Maciej Kurzawski 2 (0,1,0,0,1,d)<\/li><li> <strong>VII. KS Toru\u0144 SA \u2013 10pkt.<\/strong><\/li><li>Jakub Bre\u0144ski 9 (2,3,T,2,1,1)<\/li><li>Franciszek Majewski&nbsp;&nbsp; &nbsp;1 (0,0,1,W,U,0)<\/li><li>Oskar Swobodzi\u0144ski NS<\/li><\/ul>\n\n\n\n<p><em>(wyniki za: www.wlokniarz.com)<\/em><\/p>\n\n\n\n<p><strong>(p.s-b.)<\/strong><\/p>\n","protected":false},"excerpt":{"rendered":"<p>W ostatni weekend 3 i 4 sierpnia odby\u0142y si\u0119 pierwsze w historii zawody mini\u017cu\u017clowe zorganizowane przez klub W\u0142\u00f3kniarza na minitorze przy ul. Brzegowej w<\/p>\n","protected":false},"author":3,"featured_media":4890,"comment_status":"open","ping_status":"open","sticky":false,"template":"","format":"standard","meta":{"_monsterinsights_skip_tracking":false,"_monsterinsights_sitenote_active":false,"_monsterinsights_sitenote_note":"","_monsterinsights_sitenote_category":0,"_uf_show_specific_survey":0,"_uf_disable_surveys":false,"footnotes":""},"categories":[3,12,18,5,2,13,7],"tags":[],"class_list":["post-4992","post","type-post","status-publish","format-standard","has-post-thumbnail","hentry","category-czestochowa-informacje","category-kultura-i-rozrywka","category-motoryzacja","category-sport","category-wiadomosci","category-wydarzenia","category-zuzel"],"_links":{"self":[{"href":"https:\/\/gazetaregionalna.com\/index.php?rest_route=\/wp\/v2\/posts\/4992","targetHints":{"allow":["GET"]}}],"collection":[{"href":"https:\/\/gazetaregionalna.com\/index.php?rest_route=\/wp\/v2\/posts"}],"about":[{"href":"https:\/\/gazetaregionalna.com\/index.php?rest_route=\/wp\/v2\/types\/post"}],"author":[{"embeddable":true,"href":"https:\/\/gazetaregionalna.com\/index.php?rest_route=\/wp\/v2\/users\/3"}],"replies":[{"embeddable":true,"href":"https:\/\/gazetaregionalna.com\/index.php?rest_route=%2Fwp%2Fv2%2Fcomments&post=4992"}],"version-history":[{"count":2,"href":"https:\/\/gazetaregionalna.com\/index.php?rest_route=\/wp\/v2\/posts\/4992\/revisions"}],"predecessor-version":[{"id":5014,"href":"https:\/\/gazetaregionalna.com\/index.php?rest_route=\/wp\/v2\/posts\/4992\/revisions\/5014"}],"wp:featuredmedia":[{"embeddable":true,"href":"https:\/\/gazetaregionalna.com\/index.php?rest_route=\/wp\/v2\/media\/4890"}],"wp:attachment":[{"href":"https:\/\/gazetaregionalna.com\/index.php?rest_route=%2Fwp%2Fv2%2Fmedia&parent=4992"}],"wp:term":[{"taxonomy":"category","embeddable":true,"href":"https:\/\/gazetaregionalna.com\/index.php?rest_route=%2Fwp%2Fv2%2Fcategories&post=4992"},{"taxonomy":"post_tag","embeddable":true,"href":"https:\/\/gazetaregionalna.com\/index.php?rest_route=%2Fwp%2Fv2%2Ftags&post=4992"}],"curies":[{"name":"wp","href":"https:\/\/api.w.org\/{rel}","templated":true}]}}