{"id":49827,"date":"2021-08-03T07:46:26","date_gmt":"2021-08-03T07:46:26","guid":{"rendered":"https:\/\/gazetaregionalna.com\/?p=49827"},"modified":"2021-08-07T13:32:26","modified_gmt":"2021-08-07T13:32:26","slug":"estakad-zamknieta-rozpoczal-sie-remont-alei-wojska-polskiego","status":"publish","type":"post","link":"https:\/\/gazetaregionalna.com\/?p=49827","title":{"rendered":"Estakada zamkni\u0119ta. Rozpocz\u0105\u0142 si\u0119 remont alei Wojska Polskiego"},"content":{"rendered":"\n<h2 class=\"wp-block-heading\">Estakada zamkni\u0119ta. Rozpocz\u0105\u0142 si\u0119 remont alei Wojska Polskiego. Dzi\u015b na dobre ruszy\u0142y roboty drogowe.<\/h2>\n\n\n\n<figure class=\"wp-block-gallery columns-3 is-cropped wp-block-gallery-1 is-layout-flex wp-block-gallery-is-layout-flex\"><ul class=\"blocks-gallery-grid\"><li class=\"blocks-gallery-item\"><figure><a href=\"https:\/\/gazetaregionalna.com\/wp-content\/uploads\/2021\/08\/225241346_540256750455861_8041119189563882482_n-1-scaled.jpg\"><img decoding=\"async\" width=\"1024\" height=\"683\" data-src=\"https:\/\/gazetaregionalna.com\/wp-content\/uploads\/2021\/08\/225241346_540256750455861_8041119189563882482_n-1-1024x683.jpg\" alt=\"\" data-id=\"49830\" data-full-url=\"https:\/\/gazetaregionalna.com\/wp-content\/uploads\/2021\/08\/225241346_540256750455861_8041119189563882482_n-1-scaled.jpg\" data-link=\"https:\/\/gazetaregionalna.com\/?attachment_id=49830\" class=\"wp-image-49830 lazyload\" data-srcset=\"https:\/\/gazetaregionalna.com\/wp-content\/uploads\/2021\/08\/225241346_540256750455861_8041119189563882482_n-1-1024x683.jpg 1024w, https:\/\/gazetaregionalna.com\/wp-content\/uploads\/2021\/08\/225241346_540256750455861_8041119189563882482_n-1-300x200.jpg 300w, https:\/\/gazetaregionalna.com\/wp-content\/uploads\/2021\/08\/225241346_540256750455861_8041119189563882482_n-1-768x512.jpg 768w, https:\/\/gazetaregionalna.com\/wp-content\/uploads\/2021\/08\/225241346_540256750455861_8041119189563882482_n-1-1536x1025.jpg 1536w, https:\/\/gazetaregionalna.com\/wp-content\/uploads\/2021\/08\/225241346_540256750455861_8041119189563882482_n-1-2048x1367.jpg 2048w, https:\/\/gazetaregionalna.com\/wp-content\/uploads\/2021\/08\/225241346_540256750455861_8041119189563882482_n-1-696x464.jpg 696w, https:\/\/gazetaregionalna.com\/wp-content\/uploads\/2021\/08\/225241346_540256750455861_8041119189563882482_n-1-1068x713.jpg 1068w, https:\/\/gazetaregionalna.com\/wp-content\/uploads\/2021\/08\/225241346_540256750455861_8041119189563882482_n-1-1920x1281.jpg 1920w, https:\/\/gazetaregionalna.com\/wp-content\/uploads\/2021\/08\/225241346_540256750455861_8041119189563882482_n-1-629x420.jpg 629w, https:\/\/gazetaregionalna.com\/wp-content\/uploads\/2021\/08\/225241346_540256750455861_8041119189563882482_n-1-scaled.jpg 1200w\" data-sizes=\"(max-width: 1024px) 100vw, 1024px\" src=\"data:image\/svg+xml;base64,PHN2ZyB3aWR0aD0iMSIgaGVpZ2h0PSIxIiB4bWxucz0iaHR0cDovL3d3dy53My5vcmcvMjAwMC9zdmciPjwvc3ZnPg==\" style=\"--smush-placeholder-width: 1024px; --smush-placeholder-aspect-ratio: 1024\/683;\" \/><\/a><\/figure><\/li><li class=\"blocks-gallery-item\"><figure><a href=\"https:\/\/gazetaregionalna.com\/wp-content\/uploads\/2021\/08\/225241346_540256750455861_8041119189563882482_n-scaled.jpg\"><img decoding=\"async\" width=\"1024\" height=\"683\" data-src=\"https:\/\/gazetaregionalna.com\/wp-content\/uploads\/2021\/08\/225241346_540256750455861_8041119189563882482_n-1024x683.jpg\" alt=\"\" data-id=\"49831\" data-full-url=\"https:\/\/gazetaregionalna.com\/wp-content\/uploads\/2021\/08\/225241346_540256750455861_8041119189563882482_n-scaled.jpg\" data-link=\"https:\/\/gazetaregionalna.com\/?attachment_id=49831\" class=\"wp-image-49831 lazyload\" data-srcset=\"https:\/\/gazetaregionalna.com\/wp-content\/uploads\/2021\/08\/225241346_540256750455861_8041119189563882482_n-1024x683.jpg 1024w, https:\/\/gazetaregionalna.com\/wp-content\/uploads\/2021\/08\/225241346_540256750455861_8041119189563882482_n-300x200.jpg 300w, https:\/\/gazetaregionalna.com\/wp-content\/uploads\/2021\/08\/225241346_540256750455861_8041119189563882482_n-768x512.jpg 768w, https:\/\/gazetaregionalna.com\/wp-content\/uploads\/2021\/08\/225241346_540256750455861_8041119189563882482_n-1536x1025.jpg 1536w, https:\/\/gazetaregionalna.com\/wp-content\/uploads\/2021\/08\/225241346_540256750455861_8041119189563882482_n-2048x1367.jpg 2048w, https:\/\/gazetaregionalna.com\/wp-content\/uploads\/2021\/08\/225241346_540256750455861_8041119189563882482_n-696x464.jpg 696w, https:\/\/gazetaregionalna.com\/wp-content\/uploads\/2021\/08\/225241346_540256750455861_8041119189563882482_n-1068x713.jpg 1068w, https:\/\/gazetaregionalna.com\/wp-content\/uploads\/2021\/08\/225241346_540256750455861_8041119189563882482_n-1920x1281.jpg 1920w, https:\/\/gazetaregionalna.com\/wp-content\/uploads\/2021\/08\/225241346_540256750455861_8041119189563882482_n-629x420.jpg 629w, https:\/\/gazetaregionalna.com\/wp-content\/uploads\/2021\/08\/225241346_540256750455861_8041119189563882482_n-scaled.jpg 1200w\" data-sizes=\"(max-width: 1024px) 100vw, 1024px\" src=\"data:image\/svg+xml;base64,PHN2ZyB3aWR0aD0iMSIgaGVpZ2h0PSIxIiB4bWxucz0iaHR0cDovL3d3dy53My5vcmcvMjAwMC9zdmciPjwvc3ZnPg==\" style=\"--smush-placeholder-width: 1024px; --smush-placeholder-aspect-ratio: 1024\/683;\" \/><\/a><\/figure><\/li><li class=\"blocks-gallery-item\"><figure><a href=\"https:\/\/gazetaregionalna.com\/wp-content\/uploads\/2021\/08\/229558039_848538545784985_1061531972208313044_n-scaled.jpg\"><img decoding=\"async\" width=\"1024\" height=\"683\" data-src=\"https:\/\/gazetaregionalna.com\/wp-content\/uploads\/2021\/08\/229558039_848538545784985_1061531972208313044_n-1024x683.jpg\" alt=\"\" data-id=\"49832\" data-full-url=\"https:\/\/gazetaregionalna.com\/wp-content\/uploads\/2021\/08\/229558039_848538545784985_1061531972208313044_n-scaled.jpg\" data-link=\"https:\/\/gazetaregionalna.com\/?attachment_id=49832\" class=\"wp-image-49832 lazyload\" data-srcset=\"https:\/\/gazetaregionalna.com\/wp-content\/uploads\/2021\/08\/229558039_848538545784985_1061531972208313044_n-1024x683.jpg 1024w, https:\/\/gazetaregionalna.com\/wp-content\/uploads\/2021\/08\/229558039_848538545784985_1061531972208313044_n-300x200.jpg 300w, https:\/\/gazetaregionalna.com\/wp-content\/uploads\/2021\/08\/229558039_848538545784985_1061531972208313044_n-768x512.jpg 768w, https:\/\/gazetaregionalna.com\/wp-content\/uploads\/2021\/08\/229558039_848538545784985_1061531972208313044_n-1536x1025.jpg 1536w, https:\/\/gazetaregionalna.com\/wp-content\/uploads\/2021\/08\/229558039_848538545784985_1061531972208313044_n-2048x1367.jpg 2048w, https:\/\/gazetaregionalna.com\/wp-content\/uploads\/2021\/08\/229558039_848538545784985_1061531972208313044_n-696x464.jpg 696w, https:\/\/gazetaregionalna.com\/wp-content\/uploads\/2021\/08\/229558039_848538545784985_1061531972208313044_n-1068x713.jpg 1068w, https:\/\/gazetaregionalna.com\/wp-content\/uploads\/2021\/08\/229558039_848538545784985_1061531972208313044_n-1920x1281.jpg 1920w, https:\/\/gazetaregionalna.com\/wp-content\/uploads\/2021\/08\/229558039_848538545784985_1061531972208313044_n-629x420.jpg 629w, https:\/\/gazetaregionalna.com\/wp-content\/uploads\/2021\/08\/229558039_848538545784985_1061531972208313044_n-scaled.jpg 1200w\" data-sizes=\"(max-width: 1024px) 100vw, 1024px\" src=\"data:image\/svg+xml;base64,PHN2ZyB3aWR0aD0iMSIgaGVpZ2h0PSIxIiB4bWxucz0iaHR0cDovL3d3dy53My5vcmcvMjAwMC9zdmciPjwvc3ZnPg==\" style=\"--smush-placeholder-width: 1024px; --smush-placeholder-aspect-ratio: 1024\/683;\" \/><\/a><\/figure><\/li><li class=\"blocks-gallery-item\"><figure><a href=\"https:\/\/gazetaregionalna.com\/wp-content\/uploads\/2021\/08\/229863505_520755765912337_419487632279733491_n-scaled.jpg\"><img decoding=\"async\" width=\"1024\" height=\"683\" data-src=\"https:\/\/gazetaregionalna.com\/wp-content\/uploads\/2021\/08\/229863505_520755765912337_419487632279733491_n-1024x683.jpg\" alt=\"\" data-id=\"49833\" data-full-url=\"https:\/\/gazetaregionalna.com\/wp-content\/uploads\/2021\/08\/229863505_520755765912337_419487632279733491_n-scaled.jpg\" data-link=\"https:\/\/gazetaregionalna.com\/?attachment_id=49833\" class=\"wp-image-49833 lazyload\" data-srcset=\"https:\/\/gazetaregionalna.com\/wp-content\/uploads\/2021\/08\/229863505_520755765912337_419487632279733491_n-1024x683.jpg 1024w, https:\/\/gazetaregionalna.com\/wp-content\/uploads\/2021\/08\/229863505_520755765912337_419487632279733491_n-300x200.jpg 300w, https:\/\/gazetaregionalna.com\/wp-content\/uploads\/2021\/08\/229863505_520755765912337_419487632279733491_n-768x512.jpg 768w, https:\/\/gazetaregionalna.com\/wp-content\/uploads\/2021\/08\/229863505_520755765912337_419487632279733491_n-1536x1025.jpg 1536w, https:\/\/gazetaregionalna.com\/wp-content\/uploads\/2021\/08\/229863505_520755765912337_419487632279733491_n-2048x1367.jpg 2048w, https:\/\/gazetaregionalna.com\/wp-content\/uploads\/2021\/08\/229863505_520755765912337_419487632279733491_n-696x464.jpg 696w, https:\/\/gazetaregionalna.com\/wp-content\/uploads\/2021\/08\/229863505_520755765912337_419487632279733491_n-1068x713.jpg 1068w, https:\/\/gazetaregionalna.com\/wp-content\/uploads\/2021\/08\/229863505_520755765912337_419487632279733491_n-1920x1281.jpg 1920w, https:\/\/gazetaregionalna.com\/wp-content\/uploads\/2021\/08\/229863505_520755765912337_419487632279733491_n-629x420.jpg 629w, https:\/\/gazetaregionalna.com\/wp-content\/uploads\/2021\/08\/229863505_520755765912337_419487632279733491_n-scaled.jpg 1200w\" data-sizes=\"(max-width: 1024px) 100vw, 1024px\" src=\"data:image\/svg+xml;base64,PHN2ZyB3aWR0aD0iMSIgaGVpZ2h0PSIxIiB4bWxucz0iaHR0cDovL3d3dy53My5vcmcvMjAwMC9zdmciPjwvc3ZnPg==\" style=\"--smush-placeholder-width: 1024px; --smush-placeholder-aspect-ratio: 1024\/683;\" \/><\/a><\/figure><\/li><li class=\"blocks-gallery-item\"><figure><a href=\"https:\/\/gazetaregionalna.com\/wp-content\/uploads\/2021\/08\/230587674_353339409681527_676762405985114275_n-scaled.jpg\"><img decoding=\"async\" width=\"1024\" height=\"613\" data-src=\"https:\/\/gazetaregionalna.com\/wp-content\/uploads\/2021\/08\/230587674_353339409681527_676762405985114275_n-1024x613.jpg\" alt=\"\" data-id=\"49834\" data-full-url=\"https:\/\/gazetaregionalna.com\/wp-content\/uploads\/2021\/08\/230587674_353339409681527_676762405985114275_n-scaled.jpg\" data-link=\"https:\/\/gazetaregionalna.com\/?attachment_id=49834\" class=\"wp-image-49834 lazyload\" data-srcset=\"https:\/\/gazetaregionalna.com\/wp-content\/uploads\/2021\/08\/230587674_353339409681527_676762405985114275_n-1024x613.jpg 1024w, https:\/\/gazetaregionalna.com\/wp-content\/uploads\/2021\/08\/230587674_353339409681527_676762405985114275_n-300x180.jpg 300w, https:\/\/gazetaregionalna.com\/wp-content\/uploads\/2021\/08\/230587674_353339409681527_676762405985114275_n-768x460.jpg 768w, https:\/\/gazetaregionalna.com\/wp-content\/uploads\/2021\/08\/230587674_353339409681527_676762405985114275_n-1536x920.jpg 1536w, https:\/\/gazetaregionalna.com\/wp-content\/uploads\/2021\/08\/230587674_353339409681527_676762405985114275_n-2048x1226.jpg 2048w, https:\/\/gazetaregionalna.com\/wp-content\/uploads\/2021\/08\/230587674_353339409681527_676762405985114275_n-696x417.jpg 696w, https:\/\/gazetaregionalna.com\/wp-content\/uploads\/2021\/08\/230587674_353339409681527_676762405985114275_n-1068x639.jpg 1068w, https:\/\/gazetaregionalna.com\/wp-content\/uploads\/2021\/08\/230587674_353339409681527_676762405985114275_n-1920x1149.jpg 1920w, https:\/\/gazetaregionalna.com\/wp-content\/uploads\/2021\/08\/230587674_353339409681527_676762405985114275_n-702x420.jpg 702w, https:\/\/gazetaregionalna.com\/wp-content\/uploads\/2021\/08\/230587674_353339409681527_676762405985114275_n-scaled.jpg 1200w\" data-sizes=\"(max-width: 1024px) 100vw, 1024px\" src=\"data:image\/svg+xml;base64,PHN2ZyB3aWR0aD0iMSIgaGVpZ2h0PSIxIiB4bWxucz0iaHR0cDovL3d3dy53My5vcmcvMjAwMC9zdmciPjwvc3ZnPg==\" style=\"--smush-placeholder-width: 1024px; --smush-placeholder-aspect-ratio: 1024\/613;\" \/><\/a><\/figure><\/li><li class=\"blocks-gallery-item\"><figure><a href=\"https:\/\/gazetaregionalna.com\/wp-content\/uploads\/2021\/08\/231032386_513301816419113_2258696833247265444_n-scaled.jpg\"><img decoding=\"async\" width=\"1024\" height=\"684\" data-src=\"https:\/\/gazetaregionalna.com\/wp-content\/uploads\/2021\/08\/231032386_513301816419113_2258696833247265444_n-1024x684.jpg\" alt=\"\" data-id=\"49835\" data-full-url=\"https:\/\/gazetaregionalna.com\/wp-content\/uploads\/2021\/08\/231032386_513301816419113_2258696833247265444_n-scaled.jpg\" data-link=\"https:\/\/gazetaregionalna.com\/?attachment_id=49835\" class=\"wp-image-49835 lazyload\" data-srcset=\"https:\/\/gazetaregionalna.com\/wp-content\/uploads\/2021\/08\/231032386_513301816419113_2258696833247265444_n-1024x684.jpg 1024w, https:\/\/gazetaregionalna.com\/wp-content\/uploads\/2021\/08\/231032386_513301816419113_2258696833247265444_n-300x200.jpg 300w, https:\/\/gazetaregionalna.com\/wp-content\/uploads\/2021\/08\/231032386_513301816419113_2258696833247265444_n-768x513.jpg 768w, https:\/\/gazetaregionalna.com\/wp-content\/uploads\/2021\/08\/231032386_513301816419113_2258696833247265444_n-1536x1025.jpg 1536w, https:\/\/gazetaregionalna.com\/wp-content\/uploads\/2021\/08\/231032386_513301816419113_2258696833247265444_n-2048x1367.jpg 2048w, https:\/\/gazetaregionalna.com\/wp-content\/uploads\/2021\/08\/231032386_513301816419113_2258696833247265444_n-696x465.jpg 696w, https:\/\/gazetaregionalna.com\/wp-content\/uploads\/2021\/08\/231032386_513301816419113_2258696833247265444_n-1068x713.jpg 1068w, https:\/\/gazetaregionalna.com\/wp-content\/uploads\/2021\/08\/231032386_513301816419113_2258696833247265444_n-1920x1282.jpg 1920w, https:\/\/gazetaregionalna.com\/wp-content\/uploads\/2021\/08\/231032386_513301816419113_2258696833247265444_n-629x420.jpg 629w, https:\/\/gazetaregionalna.com\/wp-content\/uploads\/2021\/08\/231032386_513301816419113_2258696833247265444_n-scaled.jpg 1200w\" data-sizes=\"(max-width: 1024px) 100vw, 1024px\" src=\"data:image\/svg+xml;base64,PHN2ZyB3aWR0aD0iMSIgaGVpZ2h0PSIxIiB4bWxucz0iaHR0cDovL3d3dy53My5vcmcvMjAwMC9zdmciPjwvc3ZnPg==\" style=\"--smush-placeholder-width: 1024px; --smush-placeholder-aspect-ratio: 1024\/684;\" \/><\/a><\/figure><\/li><li class=\"blocks-gallery-item\"><figure><a href=\"https:\/\/gazetaregionalna.com\/wp-content\/uploads\/2021\/08\/231289630_1937650913064709_5671278111545583843_n-scaled.jpg\"><img decoding=\"async\" width=\"1024\" height=\"521\" data-src=\"https:\/\/gazetaregionalna.com\/wp-content\/uploads\/2021\/08\/231289630_1937650913064709_5671278111545583843_n-1024x521.jpg\" alt=\"\" data-id=\"49836\" data-full-url=\"https:\/\/gazetaregionalna.com\/wp-content\/uploads\/2021\/08\/231289630_1937650913064709_5671278111545583843_n-scaled.jpg\" data-link=\"https:\/\/gazetaregionalna.com\/?attachment_id=49836\" class=\"wp-image-49836 lazyload\" data-srcset=\"https:\/\/gazetaregionalna.com\/wp-content\/uploads\/2021\/08\/231289630_1937650913064709_5671278111545583843_n-1024x521.jpg 1024w, https:\/\/gazetaregionalna.com\/wp-content\/uploads\/2021\/08\/231289630_1937650913064709_5671278111545583843_n-300x153.jpg 300w, https:\/\/gazetaregionalna.com\/wp-content\/uploads\/2021\/08\/231289630_1937650913064709_5671278111545583843_n-768x390.jpg 768w, https:\/\/gazetaregionalna.com\/wp-content\/uploads\/2021\/08\/231289630_1937650913064709_5671278111545583843_n-1536x781.jpg 1536w, https:\/\/gazetaregionalna.com\/wp-content\/uploads\/2021\/08\/231289630_1937650913064709_5671278111545583843_n-2048x1041.jpg 2048w, https:\/\/gazetaregionalna.com\/wp-content\/uploads\/2021\/08\/231289630_1937650913064709_5671278111545583843_n-696x354.jpg 696w, https:\/\/gazetaregionalna.com\/wp-content\/uploads\/2021\/08\/231289630_1937650913064709_5671278111545583843_n-1068x543.jpg 1068w, https:\/\/gazetaregionalna.com\/wp-content\/uploads\/2021\/08\/231289630_1937650913064709_5671278111545583843_n-1920x976.jpg 1920w, https:\/\/gazetaregionalna.com\/wp-content\/uploads\/2021\/08\/231289630_1937650913064709_5671278111545583843_n-826x420.jpg 826w, https:\/\/gazetaregionalna.com\/wp-content\/uploads\/2021\/08\/231289630_1937650913064709_5671278111545583843_n-scaled.jpg 1200w\" data-sizes=\"(max-width: 1024px) 100vw, 1024px\" src=\"data:image\/svg+xml;base64,PHN2ZyB3aWR0aD0iMSIgaGVpZ2h0PSIxIiB4bWxucz0iaHR0cDovL3d3dy53My5vcmcvMjAwMC9zdmciPjwvc3ZnPg==\" style=\"--smush-placeholder-width: 1024px; --smush-placeholder-aspect-ratio: 1024\/521;\" \/><\/a><\/figure><\/li><\/ul><figcaption class=\"blocks-gallery-caption\">(fot. gazetaregionalna)<\/figcaption><\/figure>\n\n\n\n<p>Dzisiaj ruszy\u0142a zapowiadana od dawna modernizacja cz\u0119stochowskiego odcinka dawnej \u201egierk\u00f3wki\u201d. W ci\u0105gu najbli\u017cszych wielu tygodni musimy si\u0119 liczy\u0107 z utrudnieniami i zmian\u0105 organizacji ruchu w wielu miejsca na trasie.<\/p>\n\n\n\n<p>Zamkni\u0119to dla ruchu samochodowego estakad\u0119. Ruch odbywa si\u0119 tylko do\u0142em. Jak si\u0119 nale\u017ca\u0142o spodziewa\u0107, strat remontu wi\u0105\u017ce si\u0119 z korkami i trudniejszych pokonanie alei. Kto nie musi, niech tamt\u0119dy nie jedzie, chocia\u017c bior\u0105c pod uwag\u0119 prowadzone w innych miejscach w Cz\u0119stochowie remonty dr\u00f3g, gdzie indziej tak\u017ce nie b\u0119dzie \u0142atwo.<\/p>\n\n\n\n<p>Jak b\u0119dzie wygl\u0105da\u0107 organizacja ruchu w alei Wojska Polskiego pisali\u015bmy tutaj:<\/p>\n\n\n\n<figure class=\"wp-block-embed is-type-wp-embed is-provider-gazeta-regionalna wp-block-embed-gazeta-regionalna\"><div class=\"wp-block-embed__wrapper\">\n<div class=\"fitvids-video\"><blockquote class=\"wp-embedded-content\" data-secret=\"Dzl4kCBZyh\"><a href=\"https:\/\/gazetaregionalna.com\/gierkowka-w-czestochowie-do-przebudowy-remont-rusza-w-poniedzialek\/\">&#8222;Gierk\u00f3wka&#8221; w Cz\u0119stochowie do przebudowy. Remont rusza w poniedzia\u0142ek<\/a><\/blockquote><iframe class=\"wp-embedded-content lazyload\" sandbox=\"allow-scripts\" security=\"restricted\" style=\"position: absolute; clip: rect(1px, 1px, 1px, 1px);\" title=\"&#8222;&#8222;Gierk\u00f3wka&#8221; w Cz\u0119stochowie do przebudowy. Remont rusza w poniedzia\u0142ek&#8221; &#8212; Gazeta Regionalna\" data-src=\"https:\/\/gazetaregionalna.com\/gierkowka-w-czestochowie-do-przebudowy-remont-rusza-w-poniedzialek\/embed\/#?secret=DLEahX3cbj#?secret=Dzl4kCBZyh\" data-secret=\"Dzl4kCBZyh\" width=\"600\" height=\"338\" frameborder=\"0\" marginwidth=\"0\" marginheight=\"0\" scrolling=\"no\" src=\"data:image\/svg+xml;base64,PHN2ZyB3aWR0aD0iMSIgaGVpZ2h0PSIxIiB4bWxucz0iaHR0cDovL3d3dy53My5vcmcvMjAwMC9zdmciPjwvc3ZnPg==\" data-load-mode=\"1\"><\/iframe><\/div>\n<\/div><\/figure>\n","protected":false},"excerpt":{"rendered":"<p>Estakada zamkni\u0119ta. Rozpocz\u0105\u0142 si\u0119 remont alei Wojska Polskiego. Dzi\u015b na dobre ruszy\u0142y roboty drogowe. Dzisiaj ruszy\u0142a zapowiadana od dawna modernizacja cz\u0119stochowskiego odcinka dawnej \u201egierk\u00f3wki\u201d.<\/p>\n","protected":false},"author":7,"featured_media":49836,"comment_status":"open","ping_status":"open","sticky":false,"template":"","format":"standard","meta":{"_monsterinsights_skip_tracking":false,"_monsterinsights_sitenote_active":false,"_monsterinsights_sitenote_note":"","_monsterinsights_sitenote_category":0,"_uf_show_specific_survey":0,"_uf_disable_surveys":false,"footnotes":""},"categories":[94,3,2],"tags":[],"class_list":["post-49827","post","type-post","status-publish","format-standard","has-post-thumbnail","hentry","category-polecane","category-czestochowa-informacje","category-wiadomosci"],"_links":{"self":[{"href":"https:\/\/gazetaregionalna.com\/index.php?rest_route=\/wp\/v2\/posts\/49827","targetHints":{"allow":["GET"]}}],"collection":[{"href":"https:\/\/gazetaregionalna.com\/index.php?rest_route=\/wp\/v2\/posts"}],"about":[{"href":"https:\/\/gazetaregionalna.com\/index.php?rest_route=\/wp\/v2\/types\/post"}],"author":[{"embeddable":true,"href":"https:\/\/gazetaregionalna.com\/index.php?rest_route=\/wp\/v2\/users\/7"}],"replies":[{"embeddable":true,"href":"https:\/\/gazetaregionalna.com\/index.php?rest_route=%2Fwp%2Fv2%2Fcomments&post=49827"}],"version-history":[{"count":7,"href":"https:\/\/gazetaregionalna.com\/index.php?rest_route=\/wp\/v2\/posts\/49827\/revisions"}],"predecessor-version":[{"id":50438,"href":"https:\/\/gazetaregionalna.com\/index.php?rest_route=\/wp\/v2\/posts\/49827\/revisions\/50438"}],"wp:featuredmedia":[{"embeddable":true,"href":"https:\/\/gazetaregionalna.com\/index.php?rest_route=\/wp\/v2\/media\/49836"}],"wp:attachment":[{"href":"https:\/\/gazetaregionalna.com\/index.php?rest_route=%2Fwp%2Fv2%2Fmedia&parent=49827"}],"wp:term":[{"taxonomy":"category","embeddable":true,"href":"https:\/\/gazetaregionalna.com\/index.php?rest_route=%2Fwp%2Fv2%2Fcategories&post=49827"},{"taxonomy":"post_tag","embeddable":true,"href":"https:\/\/gazetaregionalna.com\/index.php?rest_route=%2Fwp%2Fv2%2Ftags&post=49827"}],"curies":[{"name":"wp","href":"https:\/\/api.w.org\/{rel}","templated":true}]}}