{"id":49727,"date":"2021-08-02T07:41:17","date_gmt":"2021-08-02T07:41:17","guid":{"rendered":"https:\/\/gazetaregionalna.com\/?p=49727"},"modified":"2021-08-02T07:41:18","modified_gmt":"2021-08-02T07:41:18","slug":"alternatywa-21-zaprasza-nie-tylko-milosnikow-dobrego-jedzenia","status":"publish","type":"post","link":"https:\/\/gazetaregionalna.com\/?p=49727","title":{"rendered":"Alternatywa 21 zaprasza nie tylko mi\u0142o\u015bnik\u00f3w dobrego jedzenia"},"content":{"rendered":"\n<h2 class=\"wp-block-heading\">Alternatywa 21 zaprasza nie tylko mi\u0142o\u015bnik\u00f3w dobrego jedzenia. W Klubokawiarni przy ul. Mielczarskiego oraz w Kawiarni na Starym Rynku w Cz\u0119stochowie czekaj\u0105 wydarzenia kulturalne.<\/h2>\n\n\n\n<p>Na Starym Rynku w Kawiarni jeszcze tylko dzisiaj mo\u017cna zobaczy\u0107 wystaw\u0119 malarstwa Szymona Motyla. Natomiast do 20 sierpnia prezentowane tam b\u0119d\u0105 rze\u017aby ceramiczne Marty J\u0119drzejewskiej.<\/p>\n\n\n\n<p>W najbli\u017cszy pi\u0105tek o godz. 20 na miejscu zagra Bajzel (wst\u0119p wolny, mo\u017cna wrzuci\u0107 datek do puszki Fundacji Oczami Brata). To artysta awangardowy, prze\u0142amuj\u0105cy konwenanse w sztuce, jedyny w swoim rodzaju One Man Band. Autor tekst\u00f3w, kompozytor i wykonawca autorskich utwor\u00f3w.<\/p>\n\n\n\n<p>Szczeg\u00f3\u0142y tego i innych wydarze\u0144 znale\u017a\u0107 mo\u017cna na stronie:<\/p>\n\n\n\n<p><a href=\"https:\/\/www.facebook.com\/KawiarniaAlternatywa21\" target=\"_blank\" rel=\"noopener\">https:\/\/www.facebook.com\/KawiarniaAlternatywa21<\/a><br><br>Z kolei w Klubokawiarni przy Mielczarskiego do obejrzenia wystawa malarstwa Moniki Pi\u015bniak pt. \u201eSzelest\u201d,. Ekspozycja dost\u0119pna do 20 sierpnia. W ostatni pi\u0105tek miesi\u0105ca tradycyjnie odb\u0119dzie si\u0119 \u201eWymiana i kiermasz ksi\u0105\u017cki\u201d.<\/p>\n","protected":false},"excerpt":{"rendered":"<p>Alternatywa 21 zaprasza nie tylko mi\u0142o\u015bnik\u00f3w dobrego jedzenia. W Klubokawiarni przy ul. Mielczarskiego oraz w Kawiarni na Starym Rynku w Cz\u0119stochowie czekaj\u0105 wydarzenia kulturalne.<\/p>\n","protected":false},"author":7,"featured_media":46001,"comment_status":"open","ping_status":"open","sticky":false,"template":"","format":"standard","meta":{"_monsterinsights_skip_tracking":false,"_monsterinsights_sitenote_active":false,"_monsterinsights_sitenote_note":"","_monsterinsights_sitenote_category":0,"_uf_show_specific_survey":0,"_uf_disable_surveys":false,"footnotes":""},"categories":[94,3,2],"tags":[],"class_list":["post-49727","post","type-post","status-publish","format-standard","has-post-thumbnail","hentry","category-polecane","category-czestochowa-informacje","category-wiadomosci"],"_links":{"self":[{"href":"https:\/\/gazetaregionalna.com\/index.php?rest_route=\/wp\/v2\/posts\/49727","targetHints":{"allow":["GET"]}}],"collection":[{"href":"https:\/\/gazetaregionalna.com\/index.php?rest_route=\/wp\/v2\/posts"}],"about":[{"href":"https:\/\/gazetaregionalna.com\/index.php?rest_route=\/wp\/v2\/types\/post"}],"author":[{"embeddable":true,"href":"https:\/\/gazetaregionalna.com\/index.php?rest_route=\/wp\/v2\/users\/7"}],"replies":[{"embeddable":true,"href":"https:\/\/gazetaregionalna.com\/index.php?rest_route=%2Fwp%2Fv2%2Fcomments&post=49727"}],"version-history":[{"count":2,"href":"https:\/\/gazetaregionalna.com\/index.php?rest_route=\/wp\/v2\/posts\/49727\/revisions"}],"predecessor-version":[{"id":49729,"href":"https:\/\/gazetaregionalna.com\/index.php?rest_route=\/wp\/v2\/posts\/49727\/revisions\/49729"}],"wp:featuredmedia":[{"embeddable":true,"href":"https:\/\/gazetaregionalna.com\/index.php?rest_route=\/wp\/v2\/media\/46001"}],"wp:attachment":[{"href":"https:\/\/gazetaregionalna.com\/index.php?rest_route=%2Fwp%2Fv2%2Fmedia&parent=49727"}],"wp:term":[{"taxonomy":"category","embeddable":true,"href":"https:\/\/gazetaregionalna.com\/index.php?rest_route=%2Fwp%2Fv2%2Fcategories&post=49727"},{"taxonomy":"post_tag","embeddable":true,"href":"https:\/\/gazetaregionalna.com\/index.php?rest_route=%2Fwp%2Fv2%2Ftags&post=49727"}],"curies":[{"name":"wp","href":"https:\/\/api.w.org\/{rel}","templated":true}]}}