{"id":49696,"date":"2021-08-01T09:34:13","date_gmt":"2021-08-01T09:34:13","guid":{"rendered":"https:\/\/gazetaregionalna.com\/?p=49696"},"modified":"2021-08-01T09:34:15","modified_gmt":"2021-08-01T09:34:15","slug":"wypadek-pod-radomskiem-ranne-trzy-osoby","status":"publish","type":"post","link":"https:\/\/gazetaregionalna.com\/?p=49696","title":{"rendered":"Wypadek pod Radomskiem. Ranne trzy osoby"},"content":{"rendered":"\n<h2 class=\"wp-block-heading\">Wypadek pod Radomskiem. Ranne trzy osoby. Na drodze 42 zderzy\u0142 si\u0119 samoch\u00f3d osobowy z busem.<\/h2>\n\n\n\n<p>Do wypadku dosz\u0142o dzi\u015b oko\u0142o godziny 8 w Jedlnie Pierwszym w gminie. \u0141adzice, w powiecie radomszcza\u0144skim. Na drodze krajowej &nbsp;42 samoch\u00f3d osobowy zderzy\u0142 si\u0119 z busem. W wyniku zderzenia ranne zosta\u0142y trzy osoby.<\/p>\n","protected":false},"excerpt":{"rendered":"<p>Wypadek pod Radomskiem. Ranne trzy osoby. Na drodze 42 zderzy\u0142 si\u0119 samoch\u00f3d osobowy z busem. Do wypadku dosz\u0142o dzi\u015b oko\u0142o godziny 8 w Jedlnie<\/p>\n","protected":false},"author":7,"featured_media":40503,"comment_status":"open","ping_status":"open","sticky":false,"template":"","format":"standard","meta":{"_monsterinsights_skip_tracking":false,"_monsterinsights_sitenote_active":false,"_monsterinsights_sitenote_note":"","_monsterinsights_sitenote_category":0,"_uf_show_specific_survey":0,"_uf_disable_surveys":false,"footnotes":""},"categories":[94,3,2],"tags":[],"class_list":["post-49696","post","type-post","status-publish","format-standard","has-post-thumbnail","hentry","category-polecane","category-czestochowa-informacje","category-wiadomosci"],"_links":{"self":[{"href":"https:\/\/gazetaregionalna.com\/index.php?rest_route=\/wp\/v2\/posts\/49696","targetHints":{"allow":["GET"]}}],"collection":[{"href":"https:\/\/gazetaregionalna.com\/index.php?rest_route=\/wp\/v2\/posts"}],"about":[{"href":"https:\/\/gazetaregionalna.com\/index.php?rest_route=\/wp\/v2\/types\/post"}],"author":[{"embeddable":true,"href":"https:\/\/gazetaregionalna.com\/index.php?rest_route=\/wp\/v2\/users\/7"}],"replies":[{"embeddable":true,"href":"https:\/\/gazetaregionalna.com\/index.php?rest_route=%2Fwp%2Fv2%2Fcomments&post=49696"}],"version-history":[{"count":1,"href":"https:\/\/gazetaregionalna.com\/index.php?rest_route=\/wp\/v2\/posts\/49696\/revisions"}],"predecessor-version":[{"id":49697,"href":"https:\/\/gazetaregionalna.com\/index.php?rest_route=\/wp\/v2\/posts\/49696\/revisions\/49697"}],"wp:featuredmedia":[{"embeddable":true,"href":"https:\/\/gazetaregionalna.com\/index.php?rest_route=\/wp\/v2\/media\/40503"}],"wp:attachment":[{"href":"https:\/\/gazetaregionalna.com\/index.php?rest_route=%2Fwp%2Fv2%2Fmedia&parent=49696"}],"wp:term":[{"taxonomy":"category","embeddable":true,"href":"https:\/\/gazetaregionalna.com\/index.php?rest_route=%2Fwp%2Fv2%2Fcategories&post=49696"},{"taxonomy":"post_tag","embeddable":true,"href":"https:\/\/gazetaregionalna.com\/index.php?rest_route=%2Fwp%2Fv2%2Ftags&post=49696"}],"curies":[{"name":"wp","href":"https:\/\/api.w.org\/{rel}","templated":true}]}}