{"id":4969,"date":"2019-08-05T06:53:02","date_gmt":"2019-08-05T06:53:02","guid":{"rendered":"https:\/\/gazetaregionalna.com\/?p=4969"},"modified":"2019-08-05T07:15:12","modified_gmt":"2019-08-05T07:15:12","slug":"ponownie-gotowi-do-dzialania","status":"publish","type":"post","link":"https:\/\/gazetaregionalna.com\/?p=4969","title":{"rendered":"Poza muzyk\u0105 tak\u017ce sportowa rywalizacja                    Festiwal \u201eZ Kopyta\u201d"},"content":{"rendered":"\n<p> W ramach Festiwalu Mi\u0142o\u015bnik\u00f3w Koni i Muzyki \u201eZ Kopyta\u201d&nbsp;,&nbsp;kt\u00f3ry b\u0119dzie si\u0119 odbywa\u0107 w dniach 17-18 sierpnia w Gniazdowie ko\u0142o Kozieg\u0142\u00f3w, organizatorzy poza imprezami nawi\u0105zuj\u0105cymi do westernowych klimat\u00f3w przygotowuj\u0105 sporo ciekawych imprez towarzysz\u0105cych. B\u0119d\u0105 to imprezy typowo sportowe, adresowane do os\u00f3b lubi\u0105cych wyzwania i wsp\u00f3\u0142zawodnictwo w plenerze. <\/p>\n\n\n\n<figure class=\"wp-block-image\"><img decoding=\"async\" width=\"636\" height=\"900\" data-src=\"https:\/\/gazetaregionalna.com\/wp-content\/uploads\/2019\/08\/66118923_2265255510257283_6485629680450797568_n.jpg\" alt=\"\" class=\"wp-image-4979 lazyload\" data-srcset=\"https:\/\/gazetaregionalna.com\/wp-content\/uploads\/2019\/08\/66118923_2265255510257283_6485629680450797568_n.jpg 636w, https:\/\/gazetaregionalna.com\/wp-content\/uploads\/2019\/08\/66118923_2265255510257283_6485629680450797568_n-212x300.jpg 212w\" data-sizes=\"(max-width: 636px) 100vw, 636px\" src=\"data:image\/svg+xml;base64,PHN2ZyB3aWR0aD0iMSIgaGVpZ2h0PSIxIiB4bWxucz0iaHR0cDovL3d3dy53My5vcmcvMjAwMC9zdmciPjwvc3ZnPg==\" style=\"--smush-placeholder-width: 636px; --smush-placeholder-aspect-ratio: 636\/900;\" \/><\/figure>\n\n\n\n<p>Poza zapowiadanymi ju\u017c zawodami off Road, kt\u00f3re&nbsp;odb\u0119d\u0105 si\u0119 17 sierpnia, odb\u0119dzie si\u0119 V Bieg z Kopyta. Tak\u017ce 17 sierpnia&nbsp;razem z biegaczami na trasy wyrusz\u0105 tak\u017ce mi\u0142o\u015bnicy&nbsp;Nordic&nbsp;Walkingu. Dla tych pierwszych przygotowano tras\u0119 o d\u0142ugo\u015bci 10, a dla drugich &#8211; 5 km.<br> Zapisy ch\u0119tnych prowadzone b\u0119d\u0105 o godziny 8. Start imprezy \u2013 godzina 11. <\/p>\n","protected":false},"excerpt":{"rendered":"<p>W ramach Festiwalu Mi\u0142o\u015bnik\u00f3w Koni i Muzyki \u201eZ Kopyta\u201d&nbsp;,&nbsp;kt\u00f3ry b\u0119dzie si\u0119 odbywa\u0107 w dniach 17-18 sierpnia w Gniazdowie ko\u0142o Kozieg\u0142\u00f3w, organizatorzy poza imprezami nawi\u0105zuj\u0105cymi<\/p>\n","protected":false},"author":3,"featured_media":4882,"comment_status":"open","ping_status":"open","sticky":false,"template":"","format":"standard","meta":{"_monsterinsights_skip_tracking":false,"_monsterinsights_sitenote_active":false,"_monsterinsights_sitenote_note":"","_monsterinsights_sitenote_category":0,"_uf_show_specific_survey":0,"_uf_disable_surveys":false,"footnotes":""},"categories":[12,40,4,2],"tags":[],"class_list":["post-4969","post","type-post","status-publish","format-standard","has-post-thumbnail","hentry","category-kultura-i-rozrywka","category-pod-naszym-patronatem","category-region","category-wiadomosci"],"_links":{"self":[{"href":"https:\/\/gazetaregionalna.com\/index.php?rest_route=\/wp\/v2\/posts\/4969","targetHints":{"allow":["GET"]}}],"collection":[{"href":"https:\/\/gazetaregionalna.com\/index.php?rest_route=\/wp\/v2\/posts"}],"about":[{"href":"https:\/\/gazetaregionalna.com\/index.php?rest_route=\/wp\/v2\/types\/post"}],"author":[{"embeddable":true,"href":"https:\/\/gazetaregionalna.com\/index.php?rest_route=\/wp\/v2\/users\/3"}],"replies":[{"embeddable":true,"href":"https:\/\/gazetaregionalna.com\/index.php?rest_route=%2Fwp%2Fv2%2Fcomments&post=4969"}],"version-history":[{"count":3,"href":"https:\/\/gazetaregionalna.com\/index.php?rest_route=\/wp\/v2\/posts\/4969\/revisions"}],"predecessor-version":[{"id":4985,"href":"https:\/\/gazetaregionalna.com\/index.php?rest_route=\/wp\/v2\/posts\/4969\/revisions\/4985"}],"wp:featuredmedia":[{"embeddable":true,"href":"https:\/\/gazetaregionalna.com\/index.php?rest_route=\/wp\/v2\/media\/4882"}],"wp:attachment":[{"href":"https:\/\/gazetaregionalna.com\/index.php?rest_route=%2Fwp%2Fv2%2Fmedia&parent=4969"}],"wp:term":[{"taxonomy":"category","embeddable":true,"href":"https:\/\/gazetaregionalna.com\/index.php?rest_route=%2Fwp%2Fv2%2Fcategories&post=4969"},{"taxonomy":"post_tag","embeddable":true,"href":"https:\/\/gazetaregionalna.com\/index.php?rest_route=%2Fwp%2Fv2%2Ftags&post=4969"}],"curies":[{"name":"wp","href":"https:\/\/api.w.org\/{rel}","templated":true}]}}