{"id":4964,"date":"2019-08-05T06:40:38","date_gmt":"2019-08-05T06:40:38","guid":{"rendered":"https:\/\/gazetaregionalna.com\/?p=4964"},"modified":"2019-08-05T06:40:41","modified_gmt":"2019-08-05T06:40:41","slug":"idzie-nowe-na-osiedlu-600-lecia","status":"publish","type":"post","link":"https:\/\/gazetaregionalna.com\/?p=4964","title":{"rendered":"Idzie nowe na Osiedlu 600-lecia"},"content":{"rendered":"\n<p>Dobre wiadomo\u015bci dla mieszka\u0144c\u00f3w Osiedla 600-lecia oraz ulic: Chryzantem i\nLe\u015bniowskiej ma samorz\u0105d gminy \u017barki. Gmina podpisa\u0142a w\u0142a\u015bnie umow\u0119 na budow\u0119 w\ntym rejonie sieci wodoci\u0105gowej i kanalizacyjnej. Wybudowane tam zostan\u0105 tak\u017ce\nnowe drogi.<\/p>\n\n\n\n<p>Na przetarg og\u0142oszony w zwi\u0105zku z budow\u0105\nkanalizacji wp\u0142yn\u0119\u0142o&nbsp; pi\u0119\u0107 ofert. Na\nwykonawc\u0119 rob\u00f3t wybrano firm\u0119 P.H.U.B. MARMADEX Myszk\u00f3w. Warto\u015b\u0107 prac &nbsp;wynosi&nbsp; ponad 1,1 mln z\u0142. To nie koniec\ninwestycji, jakie samorz\u0105d zamierza prowadzi\u0107 w tej okolicy.<\/p>\n\n\n\n<figure class=\"wp-block-image\"><img decoding=\"async\" width=\"960\" height=\"720\" data-src=\"https:\/\/gazetaregionalna.com\/wp-content\/uploads\/2019\/08\/faucet-686958_960_720.jpg\" alt=\"\" class=\"wp-image-4965 lazyload\" data-srcset=\"https:\/\/gazetaregionalna.com\/wp-content\/uploads\/2019\/08\/faucet-686958_960_720.jpg 960w, https:\/\/gazetaregionalna.com\/wp-content\/uploads\/2019\/08\/faucet-686958_960_720-300x225.jpg 300w, https:\/\/gazetaregionalna.com\/wp-content\/uploads\/2019\/08\/faucet-686958_960_720-768x576.jpg 768w\" data-sizes=\"(max-width: 960px) 100vw, 960px\" src=\"data:image\/svg+xml;base64,PHN2ZyB3aWR0aD0iMSIgaGVpZ2h0PSIxIiB4bWxucz0iaHR0cDovL3d3dy53My5vcmcvMjAwMC9zdmciPjwvc3ZnPg==\" style=\"--smush-placeholder-width: 960px; --smush-placeholder-aspect-ratio: 960\/720;\" \/><\/figure>\n\n\n\n<p>&#8211;\u00a0<em>Do ko\u0144ca tego roku zostan\u0105 wybudowane nowe drogi na Osiedlu 600-lecia pomi\u0119dzy ulicami Serwin i Chryzantem<\/em> \u2013 zapowiada burmistrz Klemens Podlejski. \u2013 <em>To zadanie realizujemy z udzia\u0142em dotacji z\u00a0 Funduszu Dr\u00f3g Samorz\u0105dowych w wysoko\u015bci 1,5 mln z\u0142otych<\/em>.\u00a0 <\/p>\n\n\n\n<p>&nbsp;W obszarze pomi\u0119dzy ulicami Serwin i\nChryzantem w\u0142adze gminy planuj\u0105 przed\u0142u\u017cenie ulicy Serwin do drogi gminnej ul.\nChryzantem&nbsp; o d\u0142ugo\u015bci 664,04 m. Powstanie druga ulica b\u0119d\u0105ca\nprzed\u0142u\u017ceniem ul. K\u0105kolii o d\u0142ugo\u015bci 358,84 m, a tak\u017ce trzecia, czyli\nprzed\u0142u\u017cenie ul. Konwalii na d\u0142ugo\u015bci 357,52 m. Ka\u017cda z nowych jezdni b\u0119dzie o\nszeroko\u015bci 5 m, z jednostronnymi chodnikami o szeroko\u015bci 2 m. Zaplanowano\nr\u00f3wnie\u017c odwodnienie. Nawierzchnie zostan\u0105 u\u0142o\u017cone z kostki brukowej.<\/p>\n","protected":false},"excerpt":{"rendered":"<p>Dobre wiadomo\u015bci dla mieszka\u0144c\u00f3w Osiedla 600-lecia oraz ulic: Chryzantem i Le\u015bniowskiej ma samorz\u0105d gminy \u017barki. Gmina podpisa\u0142a w\u0142a\u015bnie umow\u0119 na budow\u0119 w tym rejonie<\/p>\n","protected":false},"author":3,"featured_media":4966,"comment_status":"open","ping_status":"open","sticky":false,"template":"","format":"standard","meta":{"_monsterinsights_skip_tracking":false,"_monsterinsights_sitenote_active":false,"_monsterinsights_sitenote_note":"","_monsterinsights_sitenote_category":0,"_uf_show_specific_survey":0,"_uf_disable_surveys":false,"footnotes":""},"categories":[33,4,2],"tags":[],"class_list":["post-4964","post","type-post","status-publish","format-standard","has-post-thumbnail","hentry","category-inwestycje","category-region","category-wiadomosci"],"_links":{"self":[{"href":"https:\/\/gazetaregionalna.com\/index.php?rest_route=\/wp\/v2\/posts\/4964","targetHints":{"allow":["GET"]}}],"collection":[{"href":"https:\/\/gazetaregionalna.com\/index.php?rest_route=\/wp\/v2\/posts"}],"about":[{"href":"https:\/\/gazetaregionalna.com\/index.php?rest_route=\/wp\/v2\/types\/post"}],"author":[{"embeddable":true,"href":"https:\/\/gazetaregionalna.com\/index.php?rest_route=\/wp\/v2\/users\/3"}],"replies":[{"embeddable":true,"href":"https:\/\/gazetaregionalna.com\/index.php?rest_route=%2Fwp%2Fv2%2Fcomments&post=4964"}],"version-history":[{"count":1,"href":"https:\/\/gazetaregionalna.com\/index.php?rest_route=\/wp\/v2\/posts\/4964\/revisions"}],"predecessor-version":[{"id":4967,"href":"https:\/\/gazetaregionalna.com\/index.php?rest_route=\/wp\/v2\/posts\/4964\/revisions\/4967"}],"wp:featuredmedia":[{"embeddable":true,"href":"https:\/\/gazetaregionalna.com\/index.php?rest_route=\/wp\/v2\/media\/4966"}],"wp:attachment":[{"href":"https:\/\/gazetaregionalna.com\/index.php?rest_route=%2Fwp%2Fv2%2Fmedia&parent=4964"}],"wp:term":[{"taxonomy":"category","embeddable":true,"href":"https:\/\/gazetaregionalna.com\/index.php?rest_route=%2Fwp%2Fv2%2Fcategories&post=4964"},{"taxonomy":"post_tag","embeddable":true,"href":"https:\/\/gazetaregionalna.com\/index.php?rest_route=%2Fwp%2Fv2%2Ftags&post=4964"}],"curies":[{"name":"wp","href":"https:\/\/api.w.org\/{rel}","templated":true}]}}