{"id":49518,"date":"2021-07-30T06:53:30","date_gmt":"2021-07-30T06:53:30","guid":{"rendered":"https:\/\/gazetaregionalna.com\/?p=49518"},"modified":"2021-07-30T06:53:32","modified_gmt":"2021-07-30T06:53:32","slug":"18-pojedzie-jutro-inaczej-wszystko-z-powodu-remontu-ulicy","status":"publish","type":"post","link":"https:\/\/gazetaregionalna.com\/?p=49518","title":{"rendered":"&#8222;18&#8221; pojedzie jutro inaczej. Wszystko z powodu remontu ulicy"},"content":{"rendered":"\n<h2 class=\"wp-block-heading\">&#8222;18&#8221; pojedzie jutro inaczej. Wszystko z powodu remontu ulicy. Zmiana obowi\u0105zywa\u0107 b\u0119dzie mi\u0119dzy godzin\u0105 7 a 13.<\/h2>\n\n\n\n<p>Biuro In\u017cyniera Ruchu Urz\u0119du Miasta Cz\u0119stochowy informuje, \u017ce z powodu prowadzonych prac ziemnych, w sobot\u0119 31 lipca od godz. 7 do 13 zostanie wprowadzony w obu kierunkach objazd dla linii autobusowej nr 18.<br>Autobus b\u0119dzie kursowa\u0107 pomi\u0119dzy Z\u0142ot\u0105 G\u00f3r\u0105 a skrzy\u017cowaniem z ulicami Skarpow\u0105 i G\u0142ogow\u0105 na wprost przez ul. Mirowsk\u0105, pomijaj\u0105c ulice Morenow\u0105 oraz Komornick\u0105 (przystanki na nich b\u0119d\u0105 nieczynne).<br><br>Zmiana trasy dotyczy kurs\u00f3w:<\/p>\n\n\n\n<ul class=\"wp-block-list\"><li>rozpoczynaj\u0105cych si\u0119 z PI\u0141SUDSKIEGO o godzinach: 6:51, 8:37, 10:24 i 11:57<\/li><li>rozpoczynaj\u0105cych si\u0119 z BATALION\u00d3W CH\u0141OPSKICH o godzinach: 7:49, 9:39, 11:10 i 12:42<\/li><\/ul>\n\n\n\n<p>Podczas trwania objazdu, linia nr 18 b\u0119dzie korzysta\u0107 z przystank\u00f3w przy ulicy Mirowskiej, obowi\u0105zuj\u0105cych wsp\u00f3lnie z lini\u0105 nr 26: MORENOWA, FILTROWA i SKARPOWA.<br><br>Pasa\u017cer\u00f3w z ulic Komornickiej i Morenowej prosimy podczas wymienionych powy\u017cej kurs\u00f3w o korzystanie z przystank\u00f3w przy ulicy Mirowskiej lub r\u00f3wnie\u017c z autobus\u00f3w linii nr 26.<\/p>\n","protected":false},"excerpt":{"rendered":"<p>&#8222;18&#8221; pojedzie jutro inaczej. Wszystko z powodu remontu ulicy. Zmiana obowi\u0105zywa\u0107 b\u0119dzie mi\u0119dzy godzin\u0105 7 a 13. Biuro In\u017cyniera Ruchu Urz\u0119du Miasta Cz\u0119stochowy informuje,<\/p>\n","protected":false},"author":7,"featured_media":47816,"comment_status":"open","ping_status":"open","sticky":false,"template":"","format":"standard","meta":{"_monsterinsights_skip_tracking":false,"_monsterinsights_sitenote_active":false,"_monsterinsights_sitenote_note":"","_monsterinsights_sitenote_category":0,"_uf_show_specific_survey":0,"_uf_disable_surveys":false,"footnotes":""},"categories":[2,3],"tags":[],"class_list":["post-49518","post","type-post","status-publish","format-standard","has-post-thumbnail","hentry","category-wiadomosci","category-czestochowa-informacje"],"_links":{"self":[{"href":"https:\/\/gazetaregionalna.com\/index.php?rest_route=\/wp\/v2\/posts\/49518","targetHints":{"allow":["GET"]}}],"collection":[{"href":"https:\/\/gazetaregionalna.com\/index.php?rest_route=\/wp\/v2\/posts"}],"about":[{"href":"https:\/\/gazetaregionalna.com\/index.php?rest_route=\/wp\/v2\/types\/post"}],"author":[{"embeddable":true,"href":"https:\/\/gazetaregionalna.com\/index.php?rest_route=\/wp\/v2\/users\/7"}],"replies":[{"embeddable":true,"href":"https:\/\/gazetaregionalna.com\/index.php?rest_route=%2Fwp%2Fv2%2Fcomments&post=49518"}],"version-history":[{"count":2,"href":"https:\/\/gazetaregionalna.com\/index.php?rest_route=\/wp\/v2\/posts\/49518\/revisions"}],"predecessor-version":[{"id":49522,"href":"https:\/\/gazetaregionalna.com\/index.php?rest_route=\/wp\/v2\/posts\/49518\/revisions\/49522"}],"wp:featuredmedia":[{"embeddable":true,"href":"https:\/\/gazetaregionalna.com\/index.php?rest_route=\/wp\/v2\/media\/47816"}],"wp:attachment":[{"href":"https:\/\/gazetaregionalna.com\/index.php?rest_route=%2Fwp%2Fv2%2Fmedia&parent=49518"}],"wp:term":[{"taxonomy":"category","embeddable":true,"href":"https:\/\/gazetaregionalna.com\/index.php?rest_route=%2Fwp%2Fv2%2Fcategories&post=49518"},{"taxonomy":"post_tag","embeddable":true,"href":"https:\/\/gazetaregionalna.com\/index.php?rest_route=%2Fwp%2Fv2%2Ftags&post=49518"}],"curies":[{"name":"wp","href":"https:\/\/api.w.org\/{rel}","templated":true}]}}