{"id":495,"date":"2018-09-18T06:51:43","date_gmt":"2018-09-18T06:51:43","guid":{"rendered":"http:\/\/gazetaregionalna.com\/?p=495"},"modified":"2018-09-18T06:51:43","modified_gmt":"2018-09-18T06:51:43","slug":"brutalne-pobicie-62-latka","status":"publish","type":"post","link":"https:\/\/gazetaregionalna.com\/?p=495","title":{"rendered":"Brutalne pobicie 62-latka"},"content":{"rendered":"<p>&nbsp;<\/p>\n<p>&nbsp;<\/p>\n<div class=\"head\"><\/div>\n<p>22-latek podejrzany o pobicie ze szczeg\u00f3lnym okrucie\u0144stwem zosta\u0142 zatrzymany przez policjant\u00f3w z cz\u0119stochowskiej policji. Pokrzywdzony by\u0142 bity i kopany, dozna\u0142 powa\u017cnych obra\u017ce\u0144, w tym z\u0142amania nogi. Wszystko dlatego, \u017ce ten zwr\u00f3ci\u0142 mu uwag\u0119 na temat jego niew\u0142a\u015bciwego zachowania w miejscu publicznym. Agresor us\u0142ysza\u0142 ju\u017c zarzut, a prokurator zadecydowa\u0142 o obj\u0119ciu go policyjnym dozorem.<\/p>\n<p>Kilka dni temu oficer dy\u017curny z komisariatu I w Cz\u0119stochowie otrzyma\u0142 zg\u0142oszenie interwencji na skwerku przy ulicy Focha. Jak ustalili \u015bledczy, 62-latek zosta\u0142 zaatakowany, bo zwr\u00f3ci\u0142 m\u0142odemu m\u0119\u017cczy\u017anie uwag\u0119, aby ten nie za\u0142atwia\u0142 swojej potrzeby fizjologicznej pod drzewem. 22-latek wpad\u0142 w sza\u0142. Bi\u0142 i kopa\u0142 pokrzywdzonego po ca\u0142ym ciele. Na szcz\u0119\u015bcie zareagowali przypadkowi \u015bwiadkowie, kt\u00f3rzy odci\u0105gn\u0119li agresora i wezwali pomoc. 62-latek zosta\u0142 przewieziony do szpitala, a agresor do policyjnej celi. Zatrzymany mia\u0142 w organizmie prawie 3 promile alkoholu.<br \/>\nPo wytrze\u017awieniu zosta\u0142 doprowadzony do Prokuratury Rejonowej Cz\u0119stochowa-P\u00f3\u0142noc, gdzie us\u0142ysza\u0142 zarzut uszkodzenia cia\u0142a. Prokurator zastosowa\u0142 wobec niego \u015brodek zapobiegawczy w postaci dozoru.<\/p>\n","protected":false},"excerpt":{"rendered":"<p>&nbsp; &nbsp; 22-latek podejrzany o pobicie ze szczeg\u00f3lnym okrucie\u0144stwem zosta\u0142 zatrzymany przez policjant\u00f3w z cz\u0119stochowskiej policji. Pokrzywdzony by\u0142 bity i kopany, dozna\u0142 powa\u017cnych obra\u017ce\u0144,<\/p>\n","protected":false},"author":3,"featured_media":0,"comment_status":"open","ping_status":"closed","sticky":false,"template":"","format":"standard","meta":{"_monsterinsights_skip_tracking":false,"_monsterinsights_sitenote_active":false,"_monsterinsights_sitenote_note":"","_monsterinsights_sitenote_category":0,"_uf_show_specific_survey":0,"_uf_disable_surveys":false,"footnotes":""},"categories":[3,2],"tags":[],"class_list":["post-495","post","type-post","status-publish","format-standard","hentry","category-czestochowa-informacje","category-wiadomosci"],"_links":{"self":[{"href":"https:\/\/gazetaregionalna.com\/index.php?rest_route=\/wp\/v2\/posts\/495","targetHints":{"allow":["GET"]}}],"collection":[{"href":"https:\/\/gazetaregionalna.com\/index.php?rest_route=\/wp\/v2\/posts"}],"about":[{"href":"https:\/\/gazetaregionalna.com\/index.php?rest_route=\/wp\/v2\/types\/post"}],"author":[{"embeddable":true,"href":"https:\/\/gazetaregionalna.com\/index.php?rest_route=\/wp\/v2\/users\/3"}],"replies":[{"embeddable":true,"href":"https:\/\/gazetaregionalna.com\/index.php?rest_route=%2Fwp%2Fv2%2Fcomments&post=495"}],"version-history":[{"count":1,"href":"https:\/\/gazetaregionalna.com\/index.php?rest_route=\/wp\/v2\/posts\/495\/revisions"}],"predecessor-version":[{"id":497,"href":"https:\/\/gazetaregionalna.com\/index.php?rest_route=\/wp\/v2\/posts\/495\/revisions\/497"}],"wp:attachment":[{"href":"https:\/\/gazetaregionalna.com\/index.php?rest_route=%2Fwp%2Fv2%2Fmedia&parent=495"}],"wp:term":[{"taxonomy":"category","embeddable":true,"href":"https:\/\/gazetaregionalna.com\/index.php?rest_route=%2Fwp%2Fv2%2Fcategories&post=495"},{"taxonomy":"post_tag","embeddable":true,"href":"https:\/\/gazetaregionalna.com\/index.php?rest_route=%2Fwp%2Fv2%2Ftags&post=495"}],"curies":[{"name":"wp","href":"https:\/\/api.w.org\/{rel}","templated":true}]}}