{"id":49490,"date":"2021-07-30T06:21:08","date_gmt":"2021-07-30T06:21:08","guid":{"rendered":"https:\/\/gazetaregionalna.com\/?p=49490"},"modified":"2021-07-30T06:22:45","modified_gmt":"2021-07-30T06:22:45","slug":"bezdomne-zwierzaki-szukaja-domu-kolejna-odslona-naszej-akcji-adoptuj-mnie","status":"publish","type":"post","link":"https:\/\/gazetaregionalna.com\/?p=49490","title":{"rendered":"Bezdomne zwierzaki szukaj\u0105 domu. Kolejna ods\u0142ona naszej akcji &#8222;Adoptuj mnie&#8221;"},"content":{"rendered":"\n<h2 class=\"wp-block-heading\">Bezdomne zwierzaki szukaj\u0105 domu. Kolejna ods\u0142ona naszej akcji &#8222;Adoptuj mnie&#8221;.<\/h2>\n\n\n\n<figure class=\"wp-block-gallery columns-3 is-cropped wp-block-gallery-1 is-layout-flex wp-block-gallery-is-layout-flex\"><ul class=\"blocks-gallery-grid\"><li class=\"blocks-gallery-item\"><figure><a href=\"https:\/\/gazetaregionalna.com\/wp-content\/uploads\/2021\/07\/117655871_818711441998267_9110270442389997228_n1-scaled.jpg\"><img decoding=\"async\" width=\"1024\" height=\"768\" data-src=\"https:\/\/gazetaregionalna.com\/wp-content\/uploads\/2021\/07\/117655871_818711441998267_9110270442389997228_n1-1024x768.jpg\" alt=\"\" data-id=\"49495\" data-full-url=\"https:\/\/gazetaregionalna.com\/wp-content\/uploads\/2021\/07\/117655871_818711441998267_9110270442389997228_n1-scaled.jpg\" data-link=\"https:\/\/gazetaregionalna.com\/?attachment_id=49495\" class=\"wp-image-49495 lazyload\" data-srcset=\"https:\/\/gazetaregionalna.com\/wp-content\/uploads\/2021\/07\/117655871_818711441998267_9110270442389997228_n1-1024x768.jpg 1024w, https:\/\/gazetaregionalna.com\/wp-content\/uploads\/2021\/07\/117655871_818711441998267_9110270442389997228_n1-300x225.jpg 300w, https:\/\/gazetaregionalna.com\/wp-content\/uploads\/2021\/07\/117655871_818711441998267_9110270442389997228_n1-768x576.jpg 768w, https:\/\/gazetaregionalna.com\/wp-content\/uploads\/2021\/07\/117655871_818711441998267_9110270442389997228_n1-1536x1152.jpg 1536w, https:\/\/gazetaregionalna.com\/wp-content\/uploads\/2021\/07\/117655871_818711441998267_9110270442389997228_n1-2048x1536.jpg 2048w, https:\/\/gazetaregionalna.com\/wp-content\/uploads\/2021\/07\/117655871_818711441998267_9110270442389997228_n1-696x522.jpg 696w, https:\/\/gazetaregionalna.com\/wp-content\/uploads\/2021\/07\/117655871_818711441998267_9110270442389997228_n1-1068x801.jpg 1068w, https:\/\/gazetaregionalna.com\/wp-content\/uploads\/2021\/07\/117655871_818711441998267_9110270442389997228_n1-1920x1440.jpg 1920w, https:\/\/gazetaregionalna.com\/wp-content\/uploads\/2021\/07\/117655871_818711441998267_9110270442389997228_n1-560x420.jpg 560w, https:\/\/gazetaregionalna.com\/wp-content\/uploads\/2021\/07\/117655871_818711441998267_9110270442389997228_n1-80x60.jpg 80w, https:\/\/gazetaregionalna.com\/wp-content\/uploads\/2021\/07\/117655871_818711441998267_9110270442389997228_n1-265x198.jpg 265w, https:\/\/gazetaregionalna.com\/wp-content\/uploads\/2021\/07\/117655871_818711441998267_9110270442389997228_n1-scaled.jpg 1200w\" data-sizes=\"(max-width: 1024px) 100vw, 1024px\" src=\"data:image\/svg+xml;base64,PHN2ZyB3aWR0aD0iMSIgaGVpZ2h0PSIxIiB4bWxucz0iaHR0cDovL3d3dy53My5vcmcvMjAwMC9zdmciPjwvc3ZnPg==\" style=\"--smush-placeholder-width: 1024px; --smush-placeholder-aspect-ratio: 1024\/768;\" \/><\/a><\/figure><\/li><li class=\"blocks-gallery-item\"><figure><a href=\"https:\/\/gazetaregionalna.com\/wp-content\/uploads\/2021\/07\/121480456_343955950385553_1002631691571867607_n1.jpg\"><img decoding=\"async\" width=\"768\" height=\"1024\" data-src=\"https:\/\/gazetaregionalna.com\/wp-content\/uploads\/2021\/07\/121480456_343955950385553_1002631691571867607_n1-768x1024.jpg\" alt=\"\" data-id=\"49496\" data-full-url=\"https:\/\/gazetaregionalna.com\/wp-content\/uploads\/2021\/07\/121480456_343955950385553_1002631691571867607_n1.jpg\" data-link=\"https:\/\/gazetaregionalna.com\/?attachment_id=49496\" class=\"wp-image-49496 lazyload\" data-srcset=\"https:\/\/gazetaregionalna.com\/wp-content\/uploads\/2021\/07\/121480456_343955950385553_1002631691571867607_n1-768x1024.jpg 768w, https:\/\/gazetaregionalna.com\/wp-content\/uploads\/2021\/07\/121480456_343955950385553_1002631691571867607_n1-225x300.jpg 225w, https:\/\/gazetaregionalna.com\/wp-content\/uploads\/2021\/07\/121480456_343955950385553_1002631691571867607_n1-1152x1536.jpg 1152w, https:\/\/gazetaregionalna.com\/wp-content\/uploads\/2021\/07\/121480456_343955950385553_1002631691571867607_n1-696x928.jpg 696w, https:\/\/gazetaregionalna.com\/wp-content\/uploads\/2021\/07\/121480456_343955950385553_1002631691571867607_n1-1068x1424.jpg 1068w, https:\/\/gazetaregionalna.com\/wp-content\/uploads\/2021\/07\/121480456_343955950385553_1002631691571867607_n1-315x420.jpg 315w, https:\/\/gazetaregionalna.com\/wp-content\/uploads\/2021\/07\/121480456_343955950385553_1002631691571867607_n1.jpg 1296w\" data-sizes=\"(max-width: 768px) 100vw, 768px\" src=\"data:image\/svg+xml;base64,PHN2ZyB3aWR0aD0iMSIgaGVpZ2h0PSIxIiB4bWxucz0iaHR0cDovL3d3dy53My5vcmcvMjAwMC9zdmciPjwvc3ZnPg==\" style=\"--smush-placeholder-width: 768px; --smush-placeholder-aspect-ratio: 768\/1024;\" \/><\/a><\/figure><\/li><li class=\"blocks-gallery-item\"><figure><a href=\"https:\/\/gazetaregionalna.com\/wp-content\/uploads\/2021\/07\/122546523_4902350283171759_2435418548709129454_n1-scaled.jpg\"><img decoding=\"async\" width=\"768\" height=\"1024\" data-src=\"https:\/\/gazetaregionalna.com\/wp-content\/uploads\/2021\/07\/122546523_4902350283171759_2435418548709129454_n1-768x1024.jpg\" alt=\"\" data-id=\"49497\" data-full-url=\"https:\/\/gazetaregionalna.com\/wp-content\/uploads\/2021\/07\/122546523_4902350283171759_2435418548709129454_n1-scaled.jpg\" data-link=\"https:\/\/gazetaregionalna.com\/?attachment_id=49497\" class=\"wp-image-49497 lazyload\" data-srcset=\"https:\/\/gazetaregionalna.com\/wp-content\/uploads\/2021\/07\/122546523_4902350283171759_2435418548709129454_n1-768x1024.jpg 768w, https:\/\/gazetaregionalna.com\/wp-content\/uploads\/2021\/07\/122546523_4902350283171759_2435418548709129454_n1-225x300.jpg 225w, https:\/\/gazetaregionalna.com\/wp-content\/uploads\/2021\/07\/122546523_4902350283171759_2435418548709129454_n1-1152x1536.jpg 1152w, https:\/\/gazetaregionalna.com\/wp-content\/uploads\/2021\/07\/122546523_4902350283171759_2435418548709129454_n1-1536x2048.jpg 1536w, https:\/\/gazetaregionalna.com\/wp-content\/uploads\/2021\/07\/122546523_4902350283171759_2435418548709129454_n1-696x928.jpg 696w, https:\/\/gazetaregionalna.com\/wp-content\/uploads\/2021\/07\/122546523_4902350283171759_2435418548709129454_n1-1068x1424.jpg 1068w, https:\/\/gazetaregionalna.com\/wp-content\/uploads\/2021\/07\/122546523_4902350283171759_2435418548709129454_n1-1920x2560.jpg 1920w, https:\/\/gazetaregionalna.com\/wp-content\/uploads\/2021\/07\/122546523_4902350283171759_2435418548709129454_n1-315x420.jpg 315w, https:\/\/gazetaregionalna.com\/wp-content\/uploads\/2021\/07\/122546523_4902350283171759_2435418548709129454_n1-scaled.jpg 1200w\" data-sizes=\"(max-width: 768px) 100vw, 768px\" src=\"data:image\/svg+xml;base64,PHN2ZyB3aWR0aD0iMSIgaGVpZ2h0PSIxIiB4bWxucz0iaHR0cDovL3d3dy53My5vcmcvMjAwMC9zdmciPjwvc3ZnPg==\" style=\"--smush-placeholder-width: 768px; --smush-placeholder-aspect-ratio: 768\/1024;\" \/><\/a><\/figure><\/li><li class=\"blocks-gallery-item\"><figure><a href=\"https:\/\/gazetaregionalna.com\/wp-content\/uploads\/2021\/07\/130787191_384267495985117_5884552776900782737_n1-scaled.jpg\"><img decoding=\"async\" width=\"1024\" height=\"768\" data-src=\"https:\/\/gazetaregionalna.com\/wp-content\/uploads\/2021\/07\/130787191_384267495985117_5884552776900782737_n1-1024x768.jpg\" alt=\"\" data-id=\"49498\" data-full-url=\"https:\/\/gazetaregionalna.com\/wp-content\/uploads\/2021\/07\/130787191_384267495985117_5884552776900782737_n1-scaled.jpg\" data-link=\"https:\/\/gazetaregionalna.com\/?attachment_id=49498\" class=\"wp-image-49498 lazyload\" data-srcset=\"https:\/\/gazetaregionalna.com\/wp-content\/uploads\/2021\/07\/130787191_384267495985117_5884552776900782737_n1-1024x768.jpg 1024w, https:\/\/gazetaregionalna.com\/wp-content\/uploads\/2021\/07\/130787191_384267495985117_5884552776900782737_n1-300x225.jpg 300w, https:\/\/gazetaregionalna.com\/wp-content\/uploads\/2021\/07\/130787191_384267495985117_5884552776900782737_n1-768x576.jpg 768w, https:\/\/gazetaregionalna.com\/wp-content\/uploads\/2021\/07\/130787191_384267495985117_5884552776900782737_n1-1536x1152.jpg 1536w, https:\/\/gazetaregionalna.com\/wp-content\/uploads\/2021\/07\/130787191_384267495985117_5884552776900782737_n1-2048x1536.jpg 2048w, https:\/\/gazetaregionalna.com\/wp-content\/uploads\/2021\/07\/130787191_384267495985117_5884552776900782737_n1-696x522.jpg 696w, https:\/\/gazetaregionalna.com\/wp-content\/uploads\/2021\/07\/130787191_384267495985117_5884552776900782737_n1-1068x801.jpg 1068w, https:\/\/gazetaregionalna.com\/wp-content\/uploads\/2021\/07\/130787191_384267495985117_5884552776900782737_n1-1920x1440.jpg 1920w, https:\/\/gazetaregionalna.com\/wp-content\/uploads\/2021\/07\/130787191_384267495985117_5884552776900782737_n1-560x420.jpg 560w, https:\/\/gazetaregionalna.com\/wp-content\/uploads\/2021\/07\/130787191_384267495985117_5884552776900782737_n1-80x60.jpg 80w, https:\/\/gazetaregionalna.com\/wp-content\/uploads\/2021\/07\/130787191_384267495985117_5884552776900782737_n1-265x198.jpg 265w, https:\/\/gazetaregionalna.com\/wp-content\/uploads\/2021\/07\/130787191_384267495985117_5884552776900782737_n1-scaled.jpg 1200w\" data-sizes=\"(max-width: 1024px) 100vw, 1024px\" src=\"data:image\/svg+xml;base64,PHN2ZyB3aWR0aD0iMSIgaGVpZ2h0PSIxIiB4bWxucz0iaHR0cDovL3d3dy53My5vcmcvMjAwMC9zdmciPjwvc3ZnPg==\" style=\"--smush-placeholder-width: 1024px; --smush-placeholder-aspect-ratio: 1024\/768;\" \/><\/a><\/figure><\/li><li class=\"blocks-gallery-item\"><figure><a href=\"https:\/\/gazetaregionalna.com\/wp-content\/uploads\/2021\/07\/148027415_239061587841669_6503726598341669484_n1.jpg\"><img decoding=\"async\" width=\"360\" height=\"480\" data-src=\"https:\/\/gazetaregionalna.com\/wp-content\/uploads\/2021\/07\/148027415_239061587841669_6503726598341669484_n1.jpg\" alt=\"\" data-id=\"49499\" data-full-url=\"https:\/\/gazetaregionalna.com\/wp-content\/uploads\/2021\/07\/148027415_239061587841669_6503726598341669484_n1.jpg\" data-link=\"https:\/\/gazetaregionalna.com\/?attachment_id=49499\" class=\"wp-image-49499 lazyload\" data-srcset=\"https:\/\/gazetaregionalna.com\/wp-content\/uploads\/2021\/07\/148027415_239061587841669_6503726598341669484_n1.jpg 360w, https:\/\/gazetaregionalna.com\/wp-content\/uploads\/2021\/07\/148027415_239061587841669_6503726598341669484_n1-225x300.jpg 225w, https:\/\/gazetaregionalna.com\/wp-content\/uploads\/2021\/07\/148027415_239061587841669_6503726598341669484_n1-315x420.jpg 315w\" data-sizes=\"(max-width: 360px) 100vw, 360px\" src=\"data:image\/svg+xml;base64,PHN2ZyB3aWR0aD0iMSIgaGVpZ2h0PSIxIiB4bWxucz0iaHR0cDovL3d3dy53My5vcmcvMjAwMC9zdmciPjwvc3ZnPg==\" style=\"--smush-placeholder-width: 360px; --smush-placeholder-aspect-ratio: 360\/480;\" \/><\/a><\/figure><\/li><li class=\"blocks-gallery-item\"><figure><a href=\"https:\/\/gazetaregionalna.com\/wp-content\/uploads\/2021\/07\/148397894_431972738010436_7345004254702038473_n1-scaled.jpg\"><img decoding=\"async\" width=\"768\" height=\"1024\" data-src=\"https:\/\/gazetaregionalna.com\/wp-content\/uploads\/2021\/07\/148397894_431972738010436_7345004254702038473_n1-768x1024.jpg\" alt=\"\" data-id=\"49500\" data-full-url=\"https:\/\/gazetaregionalna.com\/wp-content\/uploads\/2021\/07\/148397894_431972738010436_7345004254702038473_n1-scaled.jpg\" data-link=\"https:\/\/gazetaregionalna.com\/?attachment_id=49500\" class=\"wp-image-49500 lazyload\" data-srcset=\"https:\/\/gazetaregionalna.com\/wp-content\/uploads\/2021\/07\/148397894_431972738010436_7345004254702038473_n1-768x1024.jpg 768w, https:\/\/gazetaregionalna.com\/wp-content\/uploads\/2021\/07\/148397894_431972738010436_7345004254702038473_n1-225x300.jpg 225w, https:\/\/gazetaregionalna.com\/wp-content\/uploads\/2021\/07\/148397894_431972738010436_7345004254702038473_n1-1152x1536.jpg 1152w, https:\/\/gazetaregionalna.com\/wp-content\/uploads\/2021\/07\/148397894_431972738010436_7345004254702038473_n1-1536x2048.jpg 1536w, https:\/\/gazetaregionalna.com\/wp-content\/uploads\/2021\/07\/148397894_431972738010436_7345004254702038473_n1-696x928.jpg 696w, https:\/\/gazetaregionalna.com\/wp-content\/uploads\/2021\/07\/148397894_431972738010436_7345004254702038473_n1-1068x1424.jpg 1068w, https:\/\/gazetaregionalna.com\/wp-content\/uploads\/2021\/07\/148397894_431972738010436_7345004254702038473_n1-1920x2560.jpg 1920w, https:\/\/gazetaregionalna.com\/wp-content\/uploads\/2021\/07\/148397894_431972738010436_7345004254702038473_n1-315x420.jpg 315w, https:\/\/gazetaregionalna.com\/wp-content\/uploads\/2021\/07\/148397894_431972738010436_7345004254702038473_n1-scaled.jpg 1200w\" data-sizes=\"(max-width: 768px) 100vw, 768px\" src=\"data:image\/svg+xml;base64,PHN2ZyB3aWR0aD0iMSIgaGVpZ2h0PSIxIiB4bWxucz0iaHR0cDovL3d3dy53My5vcmcvMjAwMC9zdmciPjwvc3ZnPg==\" style=\"--smush-placeholder-width: 768px; --smush-placeholder-aspect-ratio: 768\/1024;\" \/><\/a><\/figure><\/li><li class=\"blocks-gallery-item\"><figure><a href=\"https:\/\/gazetaregionalna.com\/wp-content\/uploads\/2021\/07\/148752908_456440415544758_4481142658903477698_n1-scaled.jpg\"><img decoding=\"async\" width=\"768\" height=\"1024\" data-src=\"https:\/\/gazetaregionalna.com\/wp-content\/uploads\/2021\/07\/148752908_456440415544758_4481142658903477698_n1-768x1024.jpg\" alt=\"\" data-id=\"49501\" data-full-url=\"https:\/\/gazetaregionalna.com\/wp-content\/uploads\/2021\/07\/148752908_456440415544758_4481142658903477698_n1-scaled.jpg\" data-link=\"https:\/\/gazetaregionalna.com\/?attachment_id=49501\" class=\"wp-image-49501 lazyload\" data-srcset=\"https:\/\/gazetaregionalna.com\/wp-content\/uploads\/2021\/07\/148752908_456440415544758_4481142658903477698_n1-768x1024.jpg 768w, https:\/\/gazetaregionalna.com\/wp-content\/uploads\/2021\/07\/148752908_456440415544758_4481142658903477698_n1-225x300.jpg 225w, https:\/\/gazetaregionalna.com\/wp-content\/uploads\/2021\/07\/148752908_456440415544758_4481142658903477698_n1-1152x1536.jpg 1152w, https:\/\/gazetaregionalna.com\/wp-content\/uploads\/2021\/07\/148752908_456440415544758_4481142658903477698_n1-1536x2048.jpg 1536w, https:\/\/gazetaregionalna.com\/wp-content\/uploads\/2021\/07\/148752908_456440415544758_4481142658903477698_n1-696x928.jpg 696w, https:\/\/gazetaregionalna.com\/wp-content\/uploads\/2021\/07\/148752908_456440415544758_4481142658903477698_n1-1068x1424.jpg 1068w, https:\/\/gazetaregionalna.com\/wp-content\/uploads\/2021\/07\/148752908_456440415544758_4481142658903477698_n1-1920x2560.jpg 1920w, https:\/\/gazetaregionalna.com\/wp-content\/uploads\/2021\/07\/148752908_456440415544758_4481142658903477698_n1-315x420.jpg 315w, https:\/\/gazetaregionalna.com\/wp-content\/uploads\/2021\/07\/148752908_456440415544758_4481142658903477698_n1-scaled.jpg 1200w\" data-sizes=\"(max-width: 768px) 100vw, 768px\" src=\"data:image\/svg+xml;base64,PHN2ZyB3aWR0aD0iMSIgaGVpZ2h0PSIxIiB4bWxucz0iaHR0cDovL3d3dy53My5vcmcvMjAwMC9zdmciPjwvc3ZnPg==\" style=\"--smush-placeholder-width: 768px; --smush-placeholder-aspect-ratio: 768\/1024;\" \/><\/a><\/figure><\/li><\/ul><\/figure>\n\n\n\n<p>Dzisiaj prezentujemy cudowny koci dwupak &#8211; oto Hesia i Sunny. <\/p>\n\n\n\n<p>&#8211; Po raz kolejny prezentujemy nasz stowarzyszeniowy dwupak &#8211; Marzena Szafert, wiceprezes Zarz\u0105du&nbsp;Stowarzyszenia Cz\u0119stochowa Dla Zwierz\u0105t, z kt\u00f3rym prowadzimy akcj\u0119 &#8222;Adoptuj mnie&#8221;. &#8211; Pomimo licznych og\u0142osze\u0144 nie skrad\u0142 on&nbsp; niczyjego serca. Mo\u017ce teraz b\u0119dzie inaczej&#8230;<\/p>\n\n\n\n<p><strong>HESIA (ur.2020) i SUNNY (ur.2019) &#8211; pi\u0119kny dwupak szuka domu<\/strong><\/p>\n\n\n\n<p><strong>!HESIA ur. 2020Stowarzyszenie Cz\u0119stochowa DLA ZWIERZ\u0104T, tel. 500 227 808 oraz 692 061 510\u00a0<\/strong><a href=\"https:\/\/www.facebook.com\/czestochowadlazwierzat\" target=\"_blank\" rel=\"noopener\">https:\/\/www.facebook.com\/czestochowadlazwierzat<\/a>\u00a0Hesi\u0119 ju\u017c Wam kiedy\u015b przedstawiali\u015bmy. I wydawa\u0142o nam si\u0119, \u017ce u\u015bmiechn\u0105\u0142 si\u0119 do niej los &#8211; bo koteczka pojecha\u0142a do domu. Niestety, musia\u0142a wr\u00f3ci\u0107. Okaza\u0142o si\u0119, \u017ce&#8230; t\u0119skni do innych kot\u00f3w i nie nadaje si\u0119 na koci\u0105 jedynaczk\u0119. Po powrocie Hesia jakby wr\u00f3ci\u0142a do \u017cycia &#8211; od razu zacz\u0119\u0142a tuli\u0107 si\u0119 do swoich kocich kompan\u00f3w, wr\u00f3ci\u0142 apetyt i ch\u0119\u0107 do zabawy. Teraz mamy pewno\u015b\u0107 &#8211; Hesiunia musi mieszka\u0107 w domu, gdzie jest cho\u0107 jeden kot. A najlepiej, je\u015bli by\u0142by to Sunny&#8230;<br>W domu tymczasowym Hesia bardzo zaprzyja\u017ani\u0142a si\u0119 z kocurkiem Sunnym. Chodzi za nim krok w krok \ud83d\ude42 Wida\u0107, \u017ce i Sunny bardzo polubi\u0142 jej towarzystwo. Postanowili\u015bmy wi\u0119c, razem z kole\u017cankami z Komitetu Spo\u0142ecznego STREFA KOTA &#8211; adopcje Cz\u0119sto\u015al\u0105skie (pod kt\u00f3rych opiek\u0105 pozostaje Sunny), \u017ce znajdziemy im wsp\u00f3lny dom. Apelujemy wi\u0119c do Ludzi o wielkich sercach &#8211; popatrzcie na te zdj\u0119cia, mo\u017ce pokochacie pi\u0119kn\u0105 par\u0119? A mo\u017ce kto\u015b z waszych znajomych zechce da\u0107 im serce i dach nad g\u0142ow\u0105? One ju\u017c wystarczaj\u0105co du\u017co przesz\u0142y w swoim kr\u00f3tkim kocim \u017cyciu. Teraz czas na bezpiecze\u0144stwo, mi\u0142o\u015b\u0107 i&#8230; dobre jedzonko \ud83d\ude09<\/p>\n\n\n\n<p><strong>SUNNY ur. 2019<\/strong><strong>Komitet Spo\u0142eczny STREFA KOTA-adopcje Cz\u0119sto\u015al\u0105skie, tel. 795 110 852<\/strong><a href=\"https:\/\/www.facebook.com\/StrefaKotaAdopcje\" target=\"_blank\" rel=\"noopener\">https:\/\/www.facebook.com\/StrefaKotaAdopcje<\/a><\/p>\n\n\n\n<p>Sunny ma oko\u0142o 2 lat. Jest odrobaczony i wykastrowany.&nbsp; To grzecznym, spokojny, u\u0142o\u017cony&nbsp;kocurek. Przesypia wi\u0119kszo\u015b\u0107 dnia &#8211; uwielbia spanie w \u0142\u00f3\u017cku! Lubi r\u00f3wnie\u017c tulenie i g\u0142askanie, za to nie przepada za noszeniem na r\u0119kach. Ale przecie\u017c to nikomu nie przeszkadza, prawda?&nbsp; Jego ukochan\u0105 kole\u017cank\u0105 w domu tymczasowym jest nasza pi\u0119kna Hesia &#8211; wi\u0119kszo\u015b\u0107 czasu sp\u0119dzaj\u0105 razem i wida\u0107, \u017ce jest im z tym dobrze \ud83d\ude09 Sunny jest dzielnym wojownikiem &#8211; zwalczy\u0142 straszn\u0105 chorob\u0119, teraz jest ju\u017c zdrowy, wymaga &#8211; jak ka\u017cdy kot &#8211; okresowych bada\u0144 kontrolnych. I &#8211; bardzo, bardzo potrzebuje w\u0142asnego domu!<br> <\/p>\n","protected":false},"excerpt":{"rendered":"<p>Bezdomne zwierzaki szukaj\u0105 domu. Kolejna ods\u0142ona naszej akcji &#8222;Adoptuj mnie&#8221;. Dzisiaj prezentujemy cudowny koci dwupak &#8211; oto Hesia i Sunny. &#8211; Po raz kolejny<\/p>\n","protected":false},"author":7,"featured_media":49497,"comment_status":"open","ping_status":"open","sticky":false,"template":"","format":"standard","meta":{"_monsterinsights_skip_tracking":false,"_monsterinsights_sitenote_active":false,"_monsterinsights_sitenote_note":"","_monsterinsights_sitenote_category":0,"_uf_show_specific_survey":0,"_uf_disable_surveys":false,"footnotes":""},"categories":[94,3,2],"tags":[],"class_list":["post-49490","post","type-post","status-publish","format-standard","has-post-thumbnail","hentry","category-polecane","category-czestochowa-informacje","category-wiadomosci"],"_links":{"self":[{"href":"https:\/\/gazetaregionalna.com\/index.php?rest_route=\/wp\/v2\/posts\/49490","targetHints":{"allow":["GET"]}}],"collection":[{"href":"https:\/\/gazetaregionalna.com\/index.php?rest_route=\/wp\/v2\/posts"}],"about":[{"href":"https:\/\/gazetaregionalna.com\/index.php?rest_route=\/wp\/v2\/types\/post"}],"author":[{"embeddable":true,"href":"https:\/\/gazetaregionalna.com\/index.php?rest_route=\/wp\/v2\/users\/7"}],"replies":[{"embeddable":true,"href":"https:\/\/gazetaregionalna.com\/index.php?rest_route=%2Fwp%2Fv2%2Fcomments&post=49490"}],"version-history":[{"count":5,"href":"https:\/\/gazetaregionalna.com\/index.php?rest_route=\/wp\/v2\/posts\/49490\/revisions"}],"predecessor-version":[{"id":49504,"href":"https:\/\/gazetaregionalna.com\/index.php?rest_route=\/wp\/v2\/posts\/49490\/revisions\/49504"}],"wp:featuredmedia":[{"embeddable":true,"href":"https:\/\/gazetaregionalna.com\/index.php?rest_route=\/wp\/v2\/media\/49497"}],"wp:attachment":[{"href":"https:\/\/gazetaregionalna.com\/index.php?rest_route=%2Fwp%2Fv2%2Fmedia&parent=49490"}],"wp:term":[{"taxonomy":"category","embeddable":true,"href":"https:\/\/gazetaregionalna.com\/index.php?rest_route=%2Fwp%2Fv2%2Fcategories&post=49490"},{"taxonomy":"post_tag","embeddable":true,"href":"https:\/\/gazetaregionalna.com\/index.php?rest_route=%2Fwp%2Fv2%2Ftags&post=49490"}],"curies":[{"name":"wp","href":"https:\/\/api.w.org\/{rel}","templated":true}]}}