{"id":49414,"date":"2021-07-29T10:32:31","date_gmt":"2021-07-29T10:32:31","guid":{"rendered":"https:\/\/gazetaregionalna.com\/?p=49414"},"modified":"2021-07-29T10:32:31","modified_gmt":"2021-07-29T10:32:31","slug":"letni-jurajski-festiwal-muzyczny-powroci-na-stary-rynek","status":"publish","type":"post","link":"https:\/\/gazetaregionalna.com\/?p=49414","title":{"rendered":"Letni Jurajski Festiwal Muzyczny zawita\u0142 do Bobolic. Teraz powr\u00f3ci na Stary Rynek"},"content":{"rendered":"\n<h2 class=\"wp-block-heading\">Tak, jak zapowiadali\u015bmy w miniony weekend Letni Jurajski Festiwal Muzyczny odwiedzi\u0142 Bobolice. Teraz powr\u00f3ci na Stary Rynek.<\/h2>\n\n\n\n<p>24 lipca na Zamku w Bobolicach wyst\u0105pi\u0142 kwartet Four Cellos. Uszy meloman\u00f3w cieszyli d\u017awi\u0119kami Adam Klocek (wiolonczela i prowadzenie), Emilia S\u0142ugocka (wiolonczela), Siergiej Rysanow (wiolonczela) oraz Zofia Kulisiewicz (wiolonczela).<\/p>\n\n\n\n<p>By\u0142 to pi\u0105ty koncert wpisuj\u0105cy si\u0119 w program Letniego Jurajskiego Festiwalu Muzycznego. Przypomnijmy, \u017ce to najnowsza propozycja przygotowana przez Filharmoni\u0119 Cz\u0119stochowsk\u0105. Organizatorzy zaznaczaj\u0105, \u017ce pomys\u0142 zrodzi\u0142 si\u0119 z potrzeby kontaktu z publiczno\u015bci\u0105 (po d\u0142ugiej przerwie spowodowanej obostrzeniami pandemicznymi) oraz ch\u0119ci po\u0142\u0105czenia r\u00f3\u017cnorodnych w charakterze propozycji muzycznych w wykonaniu filharmonijnych zespo\u0142\u00f3w kameralnych oraz Orkiestry i Ch\u00f3ru Filharmonii Cz\u0119stochowskiej &#8222;Collegium Cantorum\u201d z wra\u017ceniami turystyczno\u2013krajoznawczymi. St\u0105d festiwalowe koncerty organizowane s\u0105 na szlaku Jury Krakowsko-Cz\u0119stochowskiej.<\/p>\n\n\n\n<figure class=\"wp-block-image size-large\"><img decoding=\"async\" width=\"1024\" height=\"683\" data-src=\"https:\/\/gazetaregionalna.com\/wp-content\/uploads\/2021\/07\/Bobolice-1024x683.jpg\" alt=\"\" class=\"wp-image-49442 lazyload\" data-srcset=\"https:\/\/gazetaregionalna.com\/wp-content\/uploads\/2021\/07\/Bobolice-1024x683.jpg 1024w, https:\/\/gazetaregionalna.com\/wp-content\/uploads\/2021\/07\/Bobolice-300x200.jpg 300w, https:\/\/gazetaregionalna.com\/wp-content\/uploads\/2021\/07\/Bobolice-768x512.jpg 768w, https:\/\/gazetaregionalna.com\/wp-content\/uploads\/2021\/07\/Bobolice-1536x1025.jpg 1536w, https:\/\/gazetaregionalna.com\/wp-content\/uploads\/2021\/07\/Bobolice-696x464.jpg 696w, https:\/\/gazetaregionalna.com\/wp-content\/uploads\/2021\/07\/Bobolice-1068x713.jpg 1068w, https:\/\/gazetaregionalna.com\/wp-content\/uploads\/2021\/07\/Bobolice-630x420.jpg 630w, https:\/\/gazetaregionalna.com\/wp-content\/uploads\/2021\/07\/Bobolice.jpg 1200w\" data-sizes=\"(max-width: 1024px) 100vw, 1024px\" src=\"data:image\/svg+xml;base64,PHN2ZyB3aWR0aD0iMSIgaGVpZ2h0PSIxIiB4bWxucz0iaHR0cDovL3d3dy53My5vcmcvMjAwMC9zdmciPjwvc3ZnPg==\" style=\"--smush-placeholder-width: 1024px; --smush-placeholder-aspect-ratio: 1024\/683;\" \/><figcaption>Letni Jurajski Festiwal Muzyczny w Bobolicach (fot. Agnieszka Ma\u0142asiewicz\/Filharmonia Cz\u0119stochowska)<\/figcaption><\/figure>\n\n\n\n<p>Festiwal zainaugurowa\u0142 koncert na Starym Rynku. Orkiestra Kameralna Filharmonii Cz\u0119stochowskiej pod dyrekcj\u0105 Adama Klocka przygotowa\u0142a w\u00f3wczas &#8222;Koncert muzyki polskiej w 100-lecie Trzeciego Powstania \u015al\u0105skiego\u201d. Wydarzenie dope\u0142ni\u0142a historyczna opowie\u015b\u0107 dr Juliusza S\u0119towskiego, szefa O\u015brodka Dokumentacji Dziej\u00f3w Cz\u0119stochowy (relacja <a href=\"https:\/\/gazetaregionalna.com\/letni-jurajski-festiwal-muzyczny-zainaugurowany\/\">TUTAJ<\/a>). W kolejnych tygodniach muzycy odwiedzili za\u015b Podlesice, Olsztyn, Zawiercie i w\u0142a\u015bnie Bobolice.<\/p>\n\n\n\n<p>Teraz Letni Jurajski Festiwal Muzyczny powr\u00f3ci na Stary Rynek w Cz\u0119stochowie. 31 lipca o godz. 19 wyst\u0105pi tu Jura Woodwinds Trio. Zesp\u00f3\u0142 tworz\u0105 Wojciech Pompka (ob\u00f3j), Robert Gudaja (klarnet) i Jan Wi\u015bniowski (fagot). Wydarzenie poprowadzi <br>Dariusz Madejski. Wst\u0119p jest wolny, ale ograniczony zasadami sanitarnymi. Szczeg\u00f3\u0142y: <a href=\"https:\/\/www.filharmonia.com.pl\/\" target=\"_blank\" rel=\"noopener\">www.filharmonia.com.pl<\/a>.<\/p>\n\n\n\n<p><strong>ZS<\/strong><\/p>\n\n\n\n<figure class=\"wp-block-gallery columns-3 is-cropped wp-block-gallery-1 is-layout-flex wp-block-gallery-is-layout-flex\"><ul class=\"blocks-gallery-grid\"><li class=\"blocks-gallery-item\"><figure><a href=\"https:\/\/gazetaregionalna.com\/wp-content\/uploads\/2021\/07\/Bobolice8.jpg\"><img decoding=\"async\" width=\"1024\" height=\"683\" data-src=\"https:\/\/gazetaregionalna.com\/wp-content\/uploads\/2021\/07\/Bobolice8-1024x683.jpg\" alt=\"\" data-id=\"49443\" data-full-url=\"https:\/\/gazetaregionalna.com\/wp-content\/uploads\/2021\/07\/Bobolice8.jpg\" data-link=\"https:\/\/gazetaregionalna.com\/?attachment_id=49443\" class=\"wp-image-49443 lazyload\" data-srcset=\"https:\/\/gazetaregionalna.com\/wp-content\/uploads\/2021\/07\/Bobolice8-1024x683.jpg 1024w, https:\/\/gazetaregionalna.com\/wp-content\/uploads\/2021\/07\/Bobolice8-300x200.jpg 300w, https:\/\/gazetaregionalna.com\/wp-content\/uploads\/2021\/07\/Bobolice8-768x512.jpg 768w, https:\/\/gazetaregionalna.com\/wp-content\/uploads\/2021\/07\/Bobolice8-1536x1024.jpg 1536w, https:\/\/gazetaregionalna.com\/wp-content\/uploads\/2021\/07\/Bobolice8-696x464.jpg 696w, https:\/\/gazetaregionalna.com\/wp-content\/uploads\/2021\/07\/Bobolice8-1068x712.jpg 1068w, https:\/\/gazetaregionalna.com\/wp-content\/uploads\/2021\/07\/Bobolice8-630x420.jpg 630w, https:\/\/gazetaregionalna.com\/wp-content\/uploads\/2021\/07\/Bobolice8.jpg 1200w\" data-sizes=\"(max-width: 1024px) 100vw, 1024px\" src=\"data:image\/svg+xml;base64,PHN2ZyB3aWR0aD0iMSIgaGVpZ2h0PSIxIiB4bWxucz0iaHR0cDovL3d3dy53My5vcmcvMjAwMC9zdmciPjwvc3ZnPg==\" style=\"--smush-placeholder-width: 1024px; --smush-placeholder-aspect-ratio: 1024\/683;\" \/><\/a><figcaption class=\"blocks-gallery-item__caption\">Letni Jurajski Festiwal Muzyczny w Bobolicach (fot. Agnieszka Ma\u0142asiewicz\/Filharmonia Cz\u0119stochowska)<\/figcaption><\/figure><\/li><li class=\"blocks-gallery-item\"><figure><a href=\"https:\/\/gazetaregionalna.com\/wp-content\/uploads\/2021\/07\/Bobolice7.jpg\"><img decoding=\"async\" width=\"1024\" height=\"683\" data-src=\"https:\/\/gazetaregionalna.com\/wp-content\/uploads\/2021\/07\/Bobolice7-1024x683.jpg\" alt=\"\" data-id=\"49444\" data-full-url=\"https:\/\/gazetaregionalna.com\/wp-content\/uploads\/2021\/07\/Bobolice7.jpg\" data-link=\"https:\/\/gazetaregionalna.com\/?attachment_id=49444\" class=\"wp-image-49444 lazyload\" data-srcset=\"https:\/\/gazetaregionalna.com\/wp-content\/uploads\/2021\/07\/Bobolice7-1024x683.jpg 1024w, https:\/\/gazetaregionalna.com\/wp-content\/uploads\/2021\/07\/Bobolice7-300x200.jpg 300w, https:\/\/gazetaregionalna.com\/wp-content\/uploads\/2021\/07\/Bobolice7-768x512.jpg 768w, https:\/\/gazetaregionalna.com\/wp-content\/uploads\/2021\/07\/Bobolice7-1536x1024.jpg 1536w, https:\/\/gazetaregionalna.com\/wp-content\/uploads\/2021\/07\/Bobolice7-696x464.jpg 696w, https:\/\/gazetaregionalna.com\/wp-content\/uploads\/2021\/07\/Bobolice7-1068x712.jpg 1068w, https:\/\/gazetaregionalna.com\/wp-content\/uploads\/2021\/07\/Bobolice7-630x420.jpg 630w, https:\/\/gazetaregionalna.com\/wp-content\/uploads\/2021\/07\/Bobolice7.jpg 1200w\" data-sizes=\"(max-width: 1024px) 100vw, 1024px\" src=\"data:image\/svg+xml;base64,PHN2ZyB3aWR0aD0iMSIgaGVpZ2h0PSIxIiB4bWxucz0iaHR0cDovL3d3dy53My5vcmcvMjAwMC9zdmciPjwvc3ZnPg==\" style=\"--smush-placeholder-width: 1024px; --smush-placeholder-aspect-ratio: 1024\/683;\" \/><\/a><figcaption class=\"blocks-gallery-item__caption\">Letni Jurajski Festiwal Muzyczny w Bobolicach (fot. Agnieszka Ma\u0142asiewicz\/Filharmonia Cz\u0119stochowska)<\/figcaption><\/figure><\/li><li class=\"blocks-gallery-item\"><figure><a href=\"https:\/\/gazetaregionalna.com\/wp-content\/uploads\/2021\/07\/Bobolice6.jpg\"><img decoding=\"async\" width=\"1024\" height=\"683\" data-src=\"https:\/\/gazetaregionalna.com\/wp-content\/uploads\/2021\/07\/Bobolice6-1024x683.jpg\" alt=\"\" data-id=\"49445\" data-full-url=\"https:\/\/gazetaregionalna.com\/wp-content\/uploads\/2021\/07\/Bobolice6.jpg\" data-link=\"https:\/\/gazetaregionalna.com\/?attachment_id=49445\" class=\"wp-image-49445 lazyload\" data-srcset=\"https:\/\/gazetaregionalna.com\/wp-content\/uploads\/2021\/07\/Bobolice6-1024x683.jpg 1024w, https:\/\/gazetaregionalna.com\/wp-content\/uploads\/2021\/07\/Bobolice6-300x200.jpg 300w, https:\/\/gazetaregionalna.com\/wp-content\/uploads\/2021\/07\/Bobolice6-768x512.jpg 768w, https:\/\/gazetaregionalna.com\/wp-content\/uploads\/2021\/07\/Bobolice6-1536x1024.jpg 1536w, https:\/\/gazetaregionalna.com\/wp-content\/uploads\/2021\/07\/Bobolice6-696x464.jpg 696w, https:\/\/gazetaregionalna.com\/wp-content\/uploads\/2021\/07\/Bobolice6-1068x712.jpg 1068w, https:\/\/gazetaregionalna.com\/wp-content\/uploads\/2021\/07\/Bobolice6-630x420.jpg 630w, https:\/\/gazetaregionalna.com\/wp-content\/uploads\/2021\/07\/Bobolice6.jpg 1200w\" data-sizes=\"(max-width: 1024px) 100vw, 1024px\" src=\"data:image\/svg+xml;base64,PHN2ZyB3aWR0aD0iMSIgaGVpZ2h0PSIxIiB4bWxucz0iaHR0cDovL3d3dy53My5vcmcvMjAwMC9zdmciPjwvc3ZnPg==\" style=\"--smush-placeholder-width: 1024px; --smush-placeholder-aspect-ratio: 1024\/683;\" \/><\/a><figcaption class=\"blocks-gallery-item__caption\">Letni Jurajski Festiwal Muzyczny w Bobolicach (fot. Agnieszka Ma\u0142asiewicz\/Filharmonia Cz\u0119stochowska)<\/figcaption><\/figure><\/li><li class=\"blocks-gallery-item\"><figure><a href=\"https:\/\/gazetaregionalna.com\/wp-content\/uploads\/2021\/07\/Bobolice5.jpg\"><img decoding=\"async\" width=\"1024\" height=\"683\" data-src=\"https:\/\/gazetaregionalna.com\/wp-content\/uploads\/2021\/07\/Bobolice5-1024x683.jpg\" alt=\"\" data-id=\"49446\" data-full-url=\"https:\/\/gazetaregionalna.com\/wp-content\/uploads\/2021\/07\/Bobolice5.jpg\" data-link=\"https:\/\/gazetaregionalna.com\/?attachment_id=49446\" class=\"wp-image-49446 lazyload\" data-srcset=\"https:\/\/gazetaregionalna.com\/wp-content\/uploads\/2021\/07\/Bobolice5-1024x683.jpg 1024w, https:\/\/gazetaregionalna.com\/wp-content\/uploads\/2021\/07\/Bobolice5-300x200.jpg 300w, https:\/\/gazetaregionalna.com\/wp-content\/uploads\/2021\/07\/Bobolice5-768x512.jpg 768w, https:\/\/gazetaregionalna.com\/wp-content\/uploads\/2021\/07\/Bobolice5-1536x1024.jpg 1536w, https:\/\/gazetaregionalna.com\/wp-content\/uploads\/2021\/07\/Bobolice5-696x464.jpg 696w, https:\/\/gazetaregionalna.com\/wp-content\/uploads\/2021\/07\/Bobolice5-1068x712.jpg 1068w, https:\/\/gazetaregionalna.com\/wp-content\/uploads\/2021\/07\/Bobolice5-630x420.jpg 630w, https:\/\/gazetaregionalna.com\/wp-content\/uploads\/2021\/07\/Bobolice5.jpg 1200w\" data-sizes=\"(max-width: 1024px) 100vw, 1024px\" src=\"data:image\/svg+xml;base64,PHN2ZyB3aWR0aD0iMSIgaGVpZ2h0PSIxIiB4bWxucz0iaHR0cDovL3d3dy53My5vcmcvMjAwMC9zdmciPjwvc3ZnPg==\" style=\"--smush-placeholder-width: 1024px; --smush-placeholder-aspect-ratio: 1024\/683;\" \/><\/a><figcaption class=\"blocks-gallery-item__caption\">Letni Jurajski Festiwal Muzyczny w Bobolicach (fot. Agnieszka Ma\u0142asiewicz\/Filharmonia Cz\u0119stochowska)<\/figcaption><\/figure><\/li><li class=\"blocks-gallery-item\"><figure><a href=\"https:\/\/gazetaregionalna.com\/wp-content\/uploads\/2021\/07\/Bobolice4.jpg\"><img decoding=\"async\" width=\"1024\" height=\"683\" data-src=\"https:\/\/gazetaregionalna.com\/wp-content\/uploads\/2021\/07\/Bobolice4-1024x683.jpg\" alt=\"\" data-id=\"49447\" data-full-url=\"https:\/\/gazetaregionalna.com\/wp-content\/uploads\/2021\/07\/Bobolice4.jpg\" data-link=\"https:\/\/gazetaregionalna.com\/?attachment_id=49447\" class=\"wp-image-49447 lazyload\" data-srcset=\"https:\/\/gazetaregionalna.com\/wp-content\/uploads\/2021\/07\/Bobolice4-1024x683.jpg 1024w, https:\/\/gazetaregionalna.com\/wp-content\/uploads\/2021\/07\/Bobolice4-300x200.jpg 300w, https:\/\/gazetaregionalna.com\/wp-content\/uploads\/2021\/07\/Bobolice4-768x512.jpg 768w, https:\/\/gazetaregionalna.com\/wp-content\/uploads\/2021\/07\/Bobolice4-1536x1025.jpg 1536w, https:\/\/gazetaregionalna.com\/wp-content\/uploads\/2021\/07\/Bobolice4-696x464.jpg 696w, https:\/\/gazetaregionalna.com\/wp-content\/uploads\/2021\/07\/Bobolice4-1068x713.jpg 1068w, https:\/\/gazetaregionalna.com\/wp-content\/uploads\/2021\/07\/Bobolice4-630x420.jpg 630w, https:\/\/gazetaregionalna.com\/wp-content\/uploads\/2021\/07\/Bobolice4.jpg 1200w\" data-sizes=\"(max-width: 1024px) 100vw, 1024px\" src=\"data:image\/svg+xml;base64,PHN2ZyB3aWR0aD0iMSIgaGVpZ2h0PSIxIiB4bWxucz0iaHR0cDovL3d3dy53My5vcmcvMjAwMC9zdmciPjwvc3ZnPg==\" style=\"--smush-placeholder-width: 1024px; --smush-placeholder-aspect-ratio: 1024\/683;\" \/><\/a><figcaption class=\"blocks-gallery-item__caption\">Letni Jurajski Festiwal Muzyczny w Bobolicach (fot. Agnieszka Ma\u0142asiewicz\/Filharmonia Cz\u0119stochowska)<\/figcaption><\/figure><\/li><li class=\"blocks-gallery-item\"><figure><a href=\"https:\/\/gazetaregionalna.com\/wp-content\/uploads\/2021\/07\/Bobolice3.jpg\"><img decoding=\"async\" width=\"1024\" height=\"683\" data-src=\"https:\/\/gazetaregionalna.com\/wp-content\/uploads\/2021\/07\/Bobolice3-1024x683.jpg\" alt=\"\" data-id=\"49448\" data-full-url=\"https:\/\/gazetaregionalna.com\/wp-content\/uploads\/2021\/07\/Bobolice3.jpg\" data-link=\"https:\/\/gazetaregionalna.com\/?attachment_id=49448\" class=\"wp-image-49448 lazyload\" data-srcset=\"https:\/\/gazetaregionalna.com\/wp-content\/uploads\/2021\/07\/Bobolice3-1024x683.jpg 1024w, https:\/\/gazetaregionalna.com\/wp-content\/uploads\/2021\/07\/Bobolice3-300x200.jpg 300w, https:\/\/gazetaregionalna.com\/wp-content\/uploads\/2021\/07\/Bobolice3-768x512.jpg 768w, https:\/\/gazetaregionalna.com\/wp-content\/uploads\/2021\/07\/Bobolice3-1536x1025.jpg 1536w, https:\/\/gazetaregionalna.com\/wp-content\/uploads\/2021\/07\/Bobolice3-696x464.jpg 696w, https:\/\/gazetaregionalna.com\/wp-content\/uploads\/2021\/07\/Bobolice3-1068x713.jpg 1068w, https:\/\/gazetaregionalna.com\/wp-content\/uploads\/2021\/07\/Bobolice3-630x420.jpg 630w, https:\/\/gazetaregionalna.com\/wp-content\/uploads\/2021\/07\/Bobolice3.jpg 1200w\" data-sizes=\"(max-width: 1024px) 100vw, 1024px\" src=\"data:image\/svg+xml;base64,PHN2ZyB3aWR0aD0iMSIgaGVpZ2h0PSIxIiB4bWxucz0iaHR0cDovL3d3dy53My5vcmcvMjAwMC9zdmciPjwvc3ZnPg==\" style=\"--smush-placeholder-width: 1024px; --smush-placeholder-aspect-ratio: 1024\/683;\" \/><\/a><figcaption class=\"blocks-gallery-item__caption\">Letni Jurajski Festiwal Muzyczny w Bobolicach (fot. Agnieszka Ma\u0142asiewicz\/Filharmonia Cz\u0119stochowska)<\/figcaption><\/figure><\/li><\/ul><\/figure>\n\n\n\n<p><a href=\"https:\/\/gazetaregionalna.com\/anna-rozenberg-debiutuje-pierwszym-tomem-serii-o-inspektorze-redfernie\/\"><strong>Czytaj tak\u017ce: Pochodz\u0105ca z Cz\u0119stochowy Anna Rozenberg debiutuje pierwszym tomem serii o inspektorze Redfernie<\/strong><\/a><\/p>\n","protected":false},"excerpt":{"rendered":"<p>Tak, jak zapowiadali\u015bmy w miniony weekend Letni Jurajski Festiwal Muzyczny odwiedzi\u0142 Bobolice. Teraz powr\u00f3ci na Stary Rynek. 24 lipca na Zamku w Bobolicach wyst\u0105pi\u0142<\/p>\n","protected":false},"author":18,"featured_media":49415,"comment_status":"open","ping_status":"open","sticky":false,"template":"","format":"standard","meta":{"_monsterinsights_skip_tracking":false,"_monsterinsights_sitenote_active":false,"_monsterinsights_sitenote_note":"","_monsterinsights_sitenote_category":0,"_uf_show_specific_survey":0,"_uf_disable_surveys":false,"footnotes":""},"categories":[94,3,12,2],"tags":[352,2239,1489],"class_list":["post-49414","post","type-post","status-publish","format-standard","has-post-thumbnail","hentry","category-polecane","category-czestochowa-informacje","category-kultura-i-rozrywka","category-wiadomosci","tag-filharmonia-czestochowska","tag-letni-jurajski-festiwal-muzyczny","tag-stary-rynek-w-czestochowie"],"_links":{"self":[{"href":"https:\/\/gazetaregionalna.com\/index.php?rest_route=\/wp\/v2\/posts\/49414","targetHints":{"allow":["GET"]}}],"collection":[{"href":"https:\/\/gazetaregionalna.com\/index.php?rest_route=\/wp\/v2\/posts"}],"about":[{"href":"https:\/\/gazetaregionalna.com\/index.php?rest_route=\/wp\/v2\/types\/post"}],"author":[{"embeddable":true,"href":"https:\/\/gazetaregionalna.com\/index.php?rest_route=\/wp\/v2\/users\/18"}],"replies":[{"embeddable":true,"href":"https:\/\/gazetaregionalna.com\/index.php?rest_route=%2Fwp%2Fv2%2Fcomments&post=49414"}],"version-history":[{"count":10,"href":"https:\/\/gazetaregionalna.com\/index.php?rest_route=\/wp\/v2\/posts\/49414\/revisions"}],"predecessor-version":[{"id":49451,"href":"https:\/\/gazetaregionalna.com\/index.php?rest_route=\/wp\/v2\/posts\/49414\/revisions\/49451"}],"wp:featuredmedia":[{"embeddable":true,"href":"https:\/\/gazetaregionalna.com\/index.php?rest_route=\/wp\/v2\/media\/49415"}],"wp:attachment":[{"href":"https:\/\/gazetaregionalna.com\/index.php?rest_route=%2Fwp%2Fv2%2Fmedia&parent=49414"}],"wp:term":[{"taxonomy":"category","embeddable":true,"href":"https:\/\/gazetaregionalna.com\/index.php?rest_route=%2Fwp%2Fv2%2Fcategories&post=49414"},{"taxonomy":"post_tag","embeddable":true,"href":"https:\/\/gazetaregionalna.com\/index.php?rest_route=%2Fwp%2Fv2%2Ftags&post=49414"}],"curies":[{"name":"wp","href":"https:\/\/api.w.org\/{rel}","templated":true}]}}