{"id":49402,"date":"2021-07-29T08:54:48","date_gmt":"2021-07-29T08:54:48","guid":{"rendered":"https:\/\/gazetaregionalna.com\/?p=49402"},"modified":"2021-07-29T09:13:38","modified_gmt":"2021-07-29T09:13:38","slug":"aleja-niepodleglosci-bedzie-gotowa-za-kilka-tygodni-teraz-mozna-jechac-juz-jedna-nitka","status":"publish","type":"post","link":"https:\/\/gazetaregionalna.com\/?p=49402","title":{"rendered":"Aleja Niepodleg\u0142o\u015bci b\u0119dzie gotowa za kilka tygodni, teraz mo\u017cna jecha\u0107 ju\u017c jedn\u0105 nitk\u0105"},"content":{"rendered":"\n<h2 class=\"wp-block-heading\">Aleja Niepodleg\u0142o\u015bci b\u0119dzie gotowa za kilka tygodni, teraz mo\u017cna jecha\u0107 ju\u017c jedn\u0105 nitk\u0105. To u\u0142atwi\u0142o dojazd do po\u0142udniowych dzielnic Cz\u0119stochowy.<\/h2>\n\n\n\n<figure class=\"wp-block-gallery columns-3 is-cropped wp-block-gallery-1 is-layout-flex wp-block-gallery-is-layout-flex\"><ul class=\"blocks-gallery-grid\"><li class=\"blocks-gallery-item\"><figure><a href=\"https:\/\/gazetaregionalna.com\/wp-content\/uploads\/2021\/07\/222516028_542767750102150_7167853292927083320_n-scaled.jpg\"><img decoding=\"async\" width=\"1024\" height=\"683\" data-src=\"https:\/\/gazetaregionalna.com\/wp-content\/uploads\/2021\/07\/222516028_542767750102150_7167853292927083320_n-1024x683.jpg\" alt=\"\" data-id=\"49405\" data-full-url=\"https:\/\/gazetaregionalna.com\/wp-content\/uploads\/2021\/07\/222516028_542767750102150_7167853292927083320_n-scaled.jpg\" data-link=\"https:\/\/gazetaregionalna.com\/?attachment_id=49405\" class=\"wp-image-49405 lazyload\" data-srcset=\"https:\/\/gazetaregionalna.com\/wp-content\/uploads\/2021\/07\/222516028_542767750102150_7167853292927083320_n-1024x683.jpg 1024w, https:\/\/gazetaregionalna.com\/wp-content\/uploads\/2021\/07\/222516028_542767750102150_7167853292927083320_n-300x200.jpg 300w, https:\/\/gazetaregionalna.com\/wp-content\/uploads\/2021\/07\/222516028_542767750102150_7167853292927083320_n-768x513.jpg 768w, https:\/\/gazetaregionalna.com\/wp-content\/uploads\/2021\/07\/222516028_542767750102150_7167853292927083320_n-1536x1025.jpg 1536w, https:\/\/gazetaregionalna.com\/wp-content\/uploads\/2021\/07\/222516028_542767750102150_7167853292927083320_n-2048x1367.jpg 2048w, https:\/\/gazetaregionalna.com\/wp-content\/uploads\/2021\/07\/222516028_542767750102150_7167853292927083320_n-696x464.jpg 696w, https:\/\/gazetaregionalna.com\/wp-content\/uploads\/2021\/07\/222516028_542767750102150_7167853292927083320_n-1068x713.jpg 1068w, https:\/\/gazetaregionalna.com\/wp-content\/uploads\/2021\/07\/222516028_542767750102150_7167853292927083320_n-1920x1281.jpg 1920w, https:\/\/gazetaregionalna.com\/wp-content\/uploads\/2021\/07\/222516028_542767750102150_7167853292927083320_n-629x420.jpg 629w, https:\/\/gazetaregionalna.com\/wp-content\/uploads\/2021\/07\/222516028_542767750102150_7167853292927083320_n-scaled.jpg 1200w\" data-sizes=\"(max-width: 1024px) 100vw, 1024px\" src=\"data:image\/svg+xml;base64,PHN2ZyB3aWR0aD0iMSIgaGVpZ2h0PSIxIiB4bWxucz0iaHR0cDovL3d3dy53My5vcmcvMjAwMC9zdmciPjwvc3ZnPg==\" style=\"--smush-placeholder-width: 1024px; --smush-placeholder-aspect-ratio: 1024\/683;\" \/><\/a><\/figure><\/li><li class=\"blocks-gallery-item\"><figure><a href=\"https:\/\/gazetaregionalna.com\/wp-content\/uploads\/2021\/07\/225502653_416045846439485_1883793735430685382_n-scaled.jpg\"><img decoding=\"async\" width=\"683\" height=\"1024\" data-src=\"https:\/\/gazetaregionalna.com\/wp-content\/uploads\/2021\/07\/225502653_416045846439485_1883793735430685382_n-683x1024.jpg\" alt=\"\" data-id=\"49406\" data-full-url=\"https:\/\/gazetaregionalna.com\/wp-content\/uploads\/2021\/07\/225502653_416045846439485_1883793735430685382_n-scaled.jpg\" data-link=\"https:\/\/gazetaregionalna.com\/?attachment_id=49406\" class=\"wp-image-49406 lazyload\" data-srcset=\"https:\/\/gazetaregionalna.com\/wp-content\/uploads\/2021\/07\/225502653_416045846439485_1883793735430685382_n-683x1024.jpg 683w, https:\/\/gazetaregionalna.com\/wp-content\/uploads\/2021\/07\/225502653_416045846439485_1883793735430685382_n-200x300.jpg 200w, https:\/\/gazetaregionalna.com\/wp-content\/uploads\/2021\/07\/225502653_416045846439485_1883793735430685382_n-768x1152.jpg 768w, https:\/\/gazetaregionalna.com\/wp-content\/uploads\/2021\/07\/225502653_416045846439485_1883793735430685382_n-1024x1536.jpg 1024w, https:\/\/gazetaregionalna.com\/wp-content\/uploads\/2021\/07\/225502653_416045846439485_1883793735430685382_n-1366x2048.jpg 1366w, https:\/\/gazetaregionalna.com\/wp-content\/uploads\/2021\/07\/225502653_416045846439485_1883793735430685382_n-696x1044.jpg 696w, https:\/\/gazetaregionalna.com\/wp-content\/uploads\/2021\/07\/225502653_416045846439485_1883793735430685382_n-1068x1601.jpg 1068w, https:\/\/gazetaregionalna.com\/wp-content\/uploads\/2021\/07\/225502653_416045846439485_1883793735430685382_n-1920x2879.jpg 1920w, https:\/\/gazetaregionalna.com\/wp-content\/uploads\/2021\/07\/225502653_416045846439485_1883793735430685382_n-280x420.jpg 280w, https:\/\/gazetaregionalna.com\/wp-content\/uploads\/2021\/07\/225502653_416045846439485_1883793735430685382_n-scaled.jpg 1067w\" data-sizes=\"(max-width: 683px) 100vw, 683px\" src=\"data:image\/svg+xml;base64,PHN2ZyB3aWR0aD0iMSIgaGVpZ2h0PSIxIiB4bWxucz0iaHR0cDovL3d3dy53My5vcmcvMjAwMC9zdmciPjwvc3ZnPg==\" style=\"--smush-placeholder-width: 683px; --smush-placeholder-aspect-ratio: 683\/1024;\" \/><\/a><\/figure><\/li><li class=\"blocks-gallery-item\"><figure><a href=\"https:\/\/gazetaregionalna.com\/wp-content\/uploads\/2021\/07\/225695050_531256664782709_2388806818267852006_n-scaled.jpg\"><img decoding=\"async\" width=\"1024\" height=\"683\" data-src=\"https:\/\/gazetaregionalna.com\/wp-content\/uploads\/2021\/07\/225695050_531256664782709_2388806818267852006_n-1024x683.jpg\" alt=\"\" data-id=\"49408\" data-full-url=\"https:\/\/gazetaregionalna.com\/wp-content\/uploads\/2021\/07\/225695050_531256664782709_2388806818267852006_n-scaled.jpg\" data-link=\"https:\/\/gazetaregionalna.com\/?attachment_id=49408\" class=\"wp-image-49408 lazyload\" data-srcset=\"https:\/\/gazetaregionalna.com\/wp-content\/uploads\/2021\/07\/225695050_531256664782709_2388806818267852006_n-1024x683.jpg 1024w, https:\/\/gazetaregionalna.com\/wp-content\/uploads\/2021\/07\/225695050_531256664782709_2388806818267852006_n-300x200.jpg 300w, https:\/\/gazetaregionalna.com\/wp-content\/uploads\/2021\/07\/225695050_531256664782709_2388806818267852006_n-768x513.jpg 768w, https:\/\/gazetaregionalna.com\/wp-content\/uploads\/2021\/07\/225695050_531256664782709_2388806818267852006_n-1536x1025.jpg 1536w, https:\/\/gazetaregionalna.com\/wp-content\/uploads\/2021\/07\/225695050_531256664782709_2388806818267852006_n-2048x1367.jpg 2048w, https:\/\/gazetaregionalna.com\/wp-content\/uploads\/2021\/07\/225695050_531256664782709_2388806818267852006_n-696x464.jpg 696w, https:\/\/gazetaregionalna.com\/wp-content\/uploads\/2021\/07\/225695050_531256664782709_2388806818267852006_n-1068x713.jpg 1068w, https:\/\/gazetaregionalna.com\/wp-content\/uploads\/2021\/07\/225695050_531256664782709_2388806818267852006_n-1920x1281.jpg 1920w, https:\/\/gazetaregionalna.com\/wp-content\/uploads\/2021\/07\/225695050_531256664782709_2388806818267852006_n-629x420.jpg 629w, https:\/\/gazetaregionalna.com\/wp-content\/uploads\/2021\/07\/225695050_531256664782709_2388806818267852006_n-scaled.jpg 1200w\" data-sizes=\"(max-width: 1024px) 100vw, 1024px\" src=\"data:image\/svg+xml;base64,PHN2ZyB3aWR0aD0iMSIgaGVpZ2h0PSIxIiB4bWxucz0iaHR0cDovL3d3dy53My5vcmcvMjAwMC9zdmciPjwvc3ZnPg==\" style=\"--smush-placeholder-width: 1024px; --smush-placeholder-aspect-ratio: 1024\/683;\" \/><\/a><\/figure><\/li><li class=\"blocks-gallery-item\"><figure><a href=\"https:\/\/gazetaregionalna.com\/wp-content\/uploads\/2021\/07\/225807100_1946575275492460_465198684751969915_n-scaled.jpg\"><img decoding=\"async\" width=\"1024\" height=\"683\" data-src=\"https:\/\/gazetaregionalna.com\/wp-content\/uploads\/2021\/07\/225807100_1946575275492460_465198684751969915_n-1024x683.jpg\" alt=\"\" data-id=\"49409\" data-full-url=\"https:\/\/gazetaregionalna.com\/wp-content\/uploads\/2021\/07\/225807100_1946575275492460_465198684751969915_n-scaled.jpg\" data-link=\"https:\/\/gazetaregionalna.com\/?attachment_id=49409\" class=\"wp-image-49409 lazyload\" data-srcset=\"https:\/\/gazetaregionalna.com\/wp-content\/uploads\/2021\/07\/225807100_1946575275492460_465198684751969915_n-1024x683.jpg 1024w, https:\/\/gazetaregionalna.com\/wp-content\/uploads\/2021\/07\/225807100_1946575275492460_465198684751969915_n-300x200.jpg 300w, https:\/\/gazetaregionalna.com\/wp-content\/uploads\/2021\/07\/225807100_1946575275492460_465198684751969915_n-768x513.jpg 768w, https:\/\/gazetaregionalna.com\/wp-content\/uploads\/2021\/07\/225807100_1946575275492460_465198684751969915_n-1536x1025.jpg 1536w, https:\/\/gazetaregionalna.com\/wp-content\/uploads\/2021\/07\/225807100_1946575275492460_465198684751969915_n-2048x1367.jpg 2048w, https:\/\/gazetaregionalna.com\/wp-content\/uploads\/2021\/07\/225807100_1946575275492460_465198684751969915_n-696x464.jpg 696w, https:\/\/gazetaregionalna.com\/wp-content\/uploads\/2021\/07\/225807100_1946575275492460_465198684751969915_n-1068x713.jpg 1068w, https:\/\/gazetaregionalna.com\/wp-content\/uploads\/2021\/07\/225807100_1946575275492460_465198684751969915_n-1920x1281.jpg 1920w, https:\/\/gazetaregionalna.com\/wp-content\/uploads\/2021\/07\/225807100_1946575275492460_465198684751969915_n-629x420.jpg 629w, https:\/\/gazetaregionalna.com\/wp-content\/uploads\/2021\/07\/225807100_1946575275492460_465198684751969915_n-scaled.jpg 1200w\" data-sizes=\"(max-width: 1024px) 100vw, 1024px\" src=\"data:image\/svg+xml;base64,PHN2ZyB3aWR0aD0iMSIgaGVpZ2h0PSIxIiB4bWxucz0iaHR0cDovL3d3dy53My5vcmcvMjAwMC9zdmciPjwvc3ZnPg==\" style=\"--smush-placeholder-width: 1024px; --smush-placeholder-aspect-ratio: 1024\/683;\" \/><\/a><\/figure><\/li><li class=\"blocks-gallery-item\"><figure><a href=\"https:\/\/gazetaregionalna.com\/wp-content\/uploads\/2021\/07\/225849001_1098345104030730_4721677588675685044_n-scaled.jpg\"><img decoding=\"async\" width=\"1024\" height=\"683\" data-src=\"https:\/\/gazetaregionalna.com\/wp-content\/uploads\/2021\/07\/225849001_1098345104030730_4721677588675685044_n-1024x683.jpg\" alt=\"\" data-id=\"49410\" data-full-url=\"https:\/\/gazetaregionalna.com\/wp-content\/uploads\/2021\/07\/225849001_1098345104030730_4721677588675685044_n-scaled.jpg\" data-link=\"https:\/\/gazetaregionalna.com\/?attachment_id=49410\" class=\"wp-image-49410 lazyload\" data-srcset=\"https:\/\/gazetaregionalna.com\/wp-content\/uploads\/2021\/07\/225849001_1098345104030730_4721677588675685044_n-1024x683.jpg 1024w, https:\/\/gazetaregionalna.com\/wp-content\/uploads\/2021\/07\/225849001_1098345104030730_4721677588675685044_n-300x200.jpg 300w, https:\/\/gazetaregionalna.com\/wp-content\/uploads\/2021\/07\/225849001_1098345104030730_4721677588675685044_n-768x513.jpg 768w, https:\/\/gazetaregionalna.com\/wp-content\/uploads\/2021\/07\/225849001_1098345104030730_4721677588675685044_n-1536x1025.jpg 1536w, https:\/\/gazetaregionalna.com\/wp-content\/uploads\/2021\/07\/225849001_1098345104030730_4721677588675685044_n-2048x1367.jpg 2048w, https:\/\/gazetaregionalna.com\/wp-content\/uploads\/2021\/07\/225849001_1098345104030730_4721677588675685044_n-696x464.jpg 696w, https:\/\/gazetaregionalna.com\/wp-content\/uploads\/2021\/07\/225849001_1098345104030730_4721677588675685044_n-1068x713.jpg 1068w, https:\/\/gazetaregionalna.com\/wp-content\/uploads\/2021\/07\/225849001_1098345104030730_4721677588675685044_n-1920x1281.jpg 1920w, https:\/\/gazetaregionalna.com\/wp-content\/uploads\/2021\/07\/225849001_1098345104030730_4721677588675685044_n-629x420.jpg 629w, https:\/\/gazetaregionalna.com\/wp-content\/uploads\/2021\/07\/225849001_1098345104030730_4721677588675685044_n-scaled.jpg 1200w\" data-sizes=\"(max-width: 1024px) 100vw, 1024px\" src=\"data:image\/svg+xml;base64,PHN2ZyB3aWR0aD0iMSIgaGVpZ2h0PSIxIiB4bWxucz0iaHR0cDovL3d3dy53My5vcmcvMjAwMC9zdmciPjwvc3ZnPg==\" style=\"--smush-placeholder-width: 1024px; --smush-placeholder-aspect-ratio: 1024\/683;\" \/><\/a><\/figure><\/li><\/ul><figcaption class=\"blocks-gallery-caption\">(fot. IBS)<\/figcaption><\/figure>\n\n\n\n<p>Remont fragmentu alei trwa od kwietnie. Utrudni\u0142o to \u017cycie Niepodleg\u0142o\u015bci mo\u017cna ju\u017c porusza\u0107 si\u0119 po jednej gotowej nitce.<\/p>\n\n\n\n<p>&#8211; Prace zasadnicze zako\u0144cz\u0105 si\u0119 w okolicach po\u0142owy sierpnia i w\u00f3wczas przywr\u00f3cona zostanie przejezdno\u015b\u0107 po obu nowych pasach jezdni \u2013 poinformowa\u0142 nas rzecznik prasowy Miejskiego Zarz\u0105du Dr\u00f3g Maciej Hasik. &#8211; Prace wyko\u0144czeniowe i poza jezdni\u0105 b\u0119d\u0105 jeszcze trwa\u0142y. Zako\u0144czenie ca\u0142ej inwestycji przewidziane jest do ko\u0144ca wrze\u015bnia.<\/p>\n\n\n\n<p>W ramach prowadzonych prac od skrzy\u017cowania al. Niepodleg\u0142o\u015bci z ulic\u0105 R\u00f3wnoleg\u0142\u0105, a tak\u017ce odcinka jezdni mi\u0119dzy Zespo\u0142em Szk\u00f3\u0142 Technicznych i Og\u00f3lnokszta\u0142c\u0105cych im. Stefana \u017beromskiego a zajezdni\u0105 MPK, wybudowano dodatkowe skr\u0119ty w lewo zar\u00f3wno dla kierowc\u00f3w jad\u0105cych do \u015ar\u00f3dmie\u015bcia jak i od strony estakady. Plany modernizacji uwzgl\u0119dni\u0142y tak\u017ce powstanie w ci\u0105gu Niepodleg\u0142o\u015bci wysp kanalizuj\u0105cych na skrzy\u017cowaniu z ul. R\u00f3wnoleg\u0142\u0105, now\u0105 lokalizacj\u0119 stacji rowerowej w obr\u0119bie skrzy\u017cowania al. Niepodleg\u0142o\u015bci z ul. R\u00f3wnoleg\u0142\u0105 oraz zmian\u0119 lokalizacji przystanku autobusowego linii nocnej.<\/p>\n","protected":false},"excerpt":{"rendered":"<p>Aleja Niepodleg\u0142o\u015bci b\u0119dzie gotowa za kilka tygodni, teraz mo\u017cna jecha\u0107 ju\u017c jedn\u0105 nitk\u0105. To u\u0142atwi\u0142o dojazd do po\u0142udniowych dzielnic Cz\u0119stochowy. Remont fragmentu alei trwa<\/p>\n","protected":false},"author":7,"featured_media":49409,"comment_status":"open","ping_status":"open","sticky":false,"template":"","format":"standard","meta":{"_monsterinsights_skip_tracking":false,"_monsterinsights_sitenote_active":false,"_monsterinsights_sitenote_note":"","_monsterinsights_sitenote_category":0,"_uf_show_specific_survey":0,"_uf_disable_surveys":false,"footnotes":""},"categories":[94,3,2],"tags":[],"class_list":["post-49402","post","type-post","status-publish","format-standard","has-post-thumbnail","hentry","category-polecane","category-czestochowa-informacje","category-wiadomosci"],"_links":{"self":[{"href":"https:\/\/gazetaregionalna.com\/index.php?rest_route=\/wp\/v2\/posts\/49402","targetHints":{"allow":["GET"]}}],"collection":[{"href":"https:\/\/gazetaregionalna.com\/index.php?rest_route=\/wp\/v2\/posts"}],"about":[{"href":"https:\/\/gazetaregionalna.com\/index.php?rest_route=\/wp\/v2\/types\/post"}],"author":[{"embeddable":true,"href":"https:\/\/gazetaregionalna.com\/index.php?rest_route=\/wp\/v2\/users\/7"}],"replies":[{"embeddable":true,"href":"https:\/\/gazetaregionalna.com\/index.php?rest_route=%2Fwp%2Fv2%2Fcomments&post=49402"}],"version-history":[{"count":4,"href":"https:\/\/gazetaregionalna.com\/index.php?rest_route=\/wp\/v2\/posts\/49402\/revisions"}],"predecessor-version":[{"id":49412,"href":"https:\/\/gazetaregionalna.com\/index.php?rest_route=\/wp\/v2\/posts\/49402\/revisions\/49412"}],"wp:featuredmedia":[{"embeddable":true,"href":"https:\/\/gazetaregionalna.com\/index.php?rest_route=\/wp\/v2\/media\/49409"}],"wp:attachment":[{"href":"https:\/\/gazetaregionalna.com\/index.php?rest_route=%2Fwp%2Fv2%2Fmedia&parent=49402"}],"wp:term":[{"taxonomy":"category","embeddable":true,"href":"https:\/\/gazetaregionalna.com\/index.php?rest_route=%2Fwp%2Fv2%2Fcategories&post=49402"},{"taxonomy":"post_tag","embeddable":true,"href":"https:\/\/gazetaregionalna.com\/index.php?rest_route=%2Fwp%2Fv2%2Ftags&post=49402"}],"curies":[{"name":"wp","href":"https:\/\/api.w.org\/{rel}","templated":true}]}}