{"id":49231,"date":"2021-07-28T07:04:42","date_gmt":"2021-07-28T07:04:42","guid":{"rendered":"https:\/\/gazetaregionalna.com\/?p=49231"},"modified":"2021-07-28T07:04:43","modified_gmt":"2021-07-28T07:04:43","slug":"pgnig-pomoze-mieszkancom-wojewodztwa-slaskiego-w-uzyskaniu-dotacji-w-ramach-programu-czyste-powietrze","status":"publish","type":"post","link":"https:\/\/gazetaregionalna.com\/?p=49231","title":{"rendered":"PGNiG pomo\u017ce mieszka\u0144com wojew\u00f3dztwa \u015bl\u0105skiego w uzyskaniu dotacji w ramach programu \u201eCzyste powietrze\u201d"},"content":{"rendered":"\n<h2 class=\"wp-block-heading\">PGNiG pomo\u017ce mieszka\u0144com wojew\u00f3dztwa \u015bl\u0105skiego w uzyskaniu dotacji w ramach programu \u201eCzyste powietrze\u201d. PGNiG Obr\u00f3t Detaliczny przy wsp\u00f3\u0142pracy z Narodowym Funduszem Ochrony \u015arodowiska i Gospodarki Wodnej ruszy\u0142 z pierwszym etapem programu \u201eProsto po czyste powietrze\u201d.<\/h2>\n\n\n\n<p>Jak przekaza\u0142a sp\u00f3\u0142ka, jej eksperci zapewni\u0105 doradztwo i pomoc przy ubieganiu si\u0119 o dotacj\u0119 z rz\u0105dowego programu \u201eCzyste Powietrze\u201d oraz uzyskaniu lub zmianie warunk\u00f3w przy\u0142\u0105czenia do sieci gazowej.<\/p>\n\n\n\n<p>PGNiG podkre\u015bla, \u017ce uruchomienie programu \u201eProsto po czyste powietrze\u201d w wojew\u00f3dztwie \u015bl\u0105skim jest zwi\u0105zane z lokaln\u0105 uchwa\u0142\u0105 antysmogow\u0105, w my\u015bl kt\u00f3rej pierwsze regulacje ekologiczne, dotycz\u0105ce mi\u0119dzy innymi konieczno\u015bci likwidacji \u017ar\u00f3de\u0142 ciep\u0142a starszych ni\u017c 10 lat lub nieposiadaj\u0105cych tabliczek znamionowych, wchodz\u0105 w \u017cycie ju\u017c od pierwszego stycznia 2022 roku.<\/p>\n\n\n\n<p>&#8211; Aby skorzysta\u0107 z programu \u201eProsto po czyste powietrze\u201d, wystarczy si\u0119 zg\u0142osi\u0107 do jednego ze stacjonarnych Biur Obs\u0142ugi Klienta lub mobilnego Punktu Obs\u0142ugi Klienta PGNiG Obr\u00f3t Detaliczny w wojew\u00f3dztwie \u015bl\u0105skim \u2013 przekazano w komunikacie sp\u00f3\u0142ki.<\/p>\n\n\n\n<p>Przypominamy, \u017ce w ramach projektu \u201eCzyste Powietrze\u201d mo\u017cna otrzyma\u0107 dofinansowanie na wymian\u0119 starych i nieefektywnych \u017ar\u00f3de\u0142 ciep\u0142a na paliwo sta\u0142e.<\/p>\n","protected":false},"excerpt":{"rendered":"<p>PGNiG pomo\u017ce mieszka\u0144com wojew\u00f3dztwa \u015bl\u0105skiego w uzyskaniu dotacji w ramach programu \u201eCzyste powietrze\u201d. PGNiG Obr\u00f3t Detaliczny przy wsp\u00f3\u0142pracy z Narodowym Funduszem Ochrony \u015arodowiska i<\/p>\n","protected":false},"author":7,"featured_media":49235,"comment_status":"open","ping_status":"open","sticky":false,"template":"","format":"standard","meta":{"_monsterinsights_skip_tracking":false,"_monsterinsights_sitenote_active":false,"_monsterinsights_sitenote_note":"","_monsterinsights_sitenote_category":0,"_uf_show_specific_survey":0,"_uf_disable_surveys":false,"footnotes":""},"categories":[29,94,2],"tags":[],"class_list":["post-49231","post","type-post","status-publish","format-standard","has-post-thumbnail","hentry","category-ekologia","category-polecane","category-wiadomosci"],"_links":{"self":[{"href":"https:\/\/gazetaregionalna.com\/index.php?rest_route=\/wp\/v2\/posts\/49231","targetHints":{"allow":["GET"]}}],"collection":[{"href":"https:\/\/gazetaregionalna.com\/index.php?rest_route=\/wp\/v2\/posts"}],"about":[{"href":"https:\/\/gazetaregionalna.com\/index.php?rest_route=\/wp\/v2\/types\/post"}],"author":[{"embeddable":true,"href":"https:\/\/gazetaregionalna.com\/index.php?rest_route=\/wp\/v2\/users\/7"}],"replies":[{"embeddable":true,"href":"https:\/\/gazetaregionalna.com\/index.php?rest_route=%2Fwp%2Fv2%2Fcomments&post=49231"}],"version-history":[{"count":3,"href":"https:\/\/gazetaregionalna.com\/index.php?rest_route=\/wp\/v2\/posts\/49231\/revisions"}],"predecessor-version":[{"id":49234,"href":"https:\/\/gazetaregionalna.com\/index.php?rest_route=\/wp\/v2\/posts\/49231\/revisions\/49234"}],"wp:featuredmedia":[{"embeddable":true,"href":"https:\/\/gazetaregionalna.com\/index.php?rest_route=\/wp\/v2\/media\/49235"}],"wp:attachment":[{"href":"https:\/\/gazetaregionalna.com\/index.php?rest_route=%2Fwp%2Fv2%2Fmedia&parent=49231"}],"wp:term":[{"taxonomy":"category","embeddable":true,"href":"https:\/\/gazetaregionalna.com\/index.php?rest_route=%2Fwp%2Fv2%2Fcategories&post=49231"},{"taxonomy":"post_tag","embeddable":true,"href":"https:\/\/gazetaregionalna.com\/index.php?rest_route=%2Fwp%2Fv2%2Ftags&post=49231"}],"curies":[{"name":"wp","href":"https:\/\/api.w.org\/{rel}","templated":true}]}}