{"id":49143,"date":"2021-07-27T09:49:26","date_gmt":"2021-07-27T09:49:26","guid":{"rendered":"https:\/\/gazetaregionalna.com\/?p=49143"},"modified":"2021-07-27T09:49:26","modified_gmt":"2021-07-27T09:49:26","slug":"koleje-slaskie-beda-zielone-przewoznik-zamierza-zasilac-swoje-pociagi-energia-pochodzaca-z-odnawialnych-zrodel","status":"publish","type":"post","link":"https:\/\/gazetaregionalna.com\/?p=49143","title":{"rendered":"Koleje \u015al\u0105skie b\u0119d\u0105 \u201ezielone\u201d. Przewo\u017anik zamierza zasila\u0107 swoje poci\u0105gi energi\u0105 pochodz\u0105c\u0105 z odnawialnych \u017ar\u00f3de\u0142"},"content":{"rendered":"\n<h2 class=\"wp-block-heading\">Koleje \u015al\u0105skie b\u0119d\u0105 \u201ezielone\u201d. Przewo\u017anik zamierza zasila\u0107 swoje poci\u0105gi energi\u0105 pochodz\u0105c\u0105 z odnawialnych \u017ar\u00f3de\u0142. W ramach proekologicznych dzia\u0142a\u0144 tak\u017ce na budynkach kolei montowana ma by\u0107 instalacja fotowoltaiczna.<\/h2>\n\n\n\n<p>Koleje \u015al\u0105skie podpisa\u0142y w tej sprawie list intencyjny z PKP Energetyka \u2013 sp\u00f3\u0142k\u0105 koordynuj\u0105c\u0105 realizacj\u0119 Programu Zielona Kolej. W ramach zawartego porozumienia samorz\u0105dowy przewo\u017anik z wojew\u00f3dztwa \u015bl\u0105skiego ma dokonywa\u0107 zakup\u00f3w energii wytworzonej w elektrowniach solarnych i wiatrowych. Umowa przewiduje ponadto produkcj\u0119 takie \u201ezielonej\u201d energii na potrzeby w\u0142asne, przy wykorzystaniu instalacji fotowoltaicznych.<\/p>\n\n\n\n<p>Jak zapowiada Urz\u0105d Marsza\u0142kowski Wojew\u00f3dztwa \u015al\u0105skiego, w najbli\u017cszych latach odnawialna energia b\u0119dzie podstaw\u0105 dla rozwoju nowoczesnej, nisko- i zeroemisyjnej mobilno\u015bci w regionie.<\/p>\n\n\n\n<p>Koleje \u015al\u0105skiej w ogromnej wi\u0119kszo\u015b\u0107 korzystaj\u0105 z taboru zasilanego energi\u0105 elektryczn\u0105. Obecnie ponad 70 procent wykorzystywanej przez przewo\u017anika energii pochodzi z tradycyjnych elektrowni w\u0119glowych. Podpisane porozumienie ma powoli odwraca\u0107 te tendencje. Zgodnie z wieloletni\u0105 umow\u0105 zawart\u0105 z PKP Energetyka Koleje \u015al\u0105skie do\u0142\u0105czaj\u0105c do Programu Zielona Kolej zmniejsz\u0105 sw\u00f3j \u015blad w\u0119glowy docelowo a\u017c o ponad 38 tys. ton dwutlenku w\u0119gla rocznie. By skompensowa\u0107 t\u0119 emisj\u0119 CO2, nale\u017ca\u0142oby co roku sadzi\u0107 a\u017c ok. 6 mln drzew.<\/p>\n\n\n\n<p>Celem Programu Zielona Kolej jest przej\u015bcie kolei w Polsce na zasilanie z odnawialnych \u017ar\u00f3de\u0142 energii \u2013 w 2025 r. w 50%, w 2030 r. w 85%, a docelowo w 100%. Udzia\u0142 w programie zadeklarowali te\u017c inni przewo\u017anicy kolejowi. Listy intencyjne w tej sprawie PKP Energetyka podpisa\u0142a z DB Cargo Polska, CTL Logistics oraz \u0141\u00f3dzk\u0105 Kolej\u0105 Aglomeracyjn\u0105.<\/p>\n\n\n\n<p>Poza ustaleniami dotycz\u0105cymi Programu Zielona Kolej, podpisany przez Urz\u0105d Marsza\u0142kowski list intencyjny zawiera tak\u017ce deklaracj\u0119 podj\u0119cia wsp\u00f3\u0142pracy pomi\u0119dzy Kolejami \u015al\u0105skimi i PKP Energetyka dotycz\u0105cej budowy instalacji fotowoltaicznych na dachach budynk\u00f3w nale\u017c\u0105cych do przewo\u017anika. Uzgodnienia przewiduj\u0105 monta\u017c do najmniej trzech takich instalacji.<\/p>\n\n\n\n<p>Ka\u017cda z nich mia\u0142a moc nieprzekraczaj\u0105c\u0105 50 kW, a energia przez nie produkowana wykorzystywana zostanie do zasilania infrastruktury przewo\u017anika.<\/p>\n\n\n\n<p>(zdj\u0119cie ilustracyjne www.kolejeslaskie.com)<\/p>\n","protected":false},"excerpt":{"rendered":"<p>Koleje \u015al\u0105skie b\u0119d\u0105 \u201ezielone\u201d. Przewo\u017anik zamierza zasila\u0107 swoje poci\u0105gi energi\u0105 pochodz\u0105c\u0105 z odnawialnych \u017ar\u00f3de\u0142. W ramach proekologicznych dzia\u0142a\u0144 tak\u017ce na budynkach kolei montowana ma<\/p>\n","protected":false},"author":7,"featured_media":49147,"comment_status":"open","ping_status":"open","sticky":false,"template":"","format":"standard","meta":{"_monsterinsights_skip_tracking":false,"_monsterinsights_sitenote_active":false,"_monsterinsights_sitenote_note":"","_monsterinsights_sitenote_category":0,"_uf_show_specific_survey":0,"_uf_disable_surveys":false,"footnotes":""},"categories":[94,2],"tags":[],"class_list":["post-49143","post","type-post","status-publish","format-standard","has-post-thumbnail","hentry","category-polecane","category-wiadomosci"],"_links":{"self":[{"href":"https:\/\/gazetaregionalna.com\/index.php?rest_route=\/wp\/v2\/posts\/49143","targetHints":{"allow":["GET"]}}],"collection":[{"href":"https:\/\/gazetaregionalna.com\/index.php?rest_route=\/wp\/v2\/posts"}],"about":[{"href":"https:\/\/gazetaregionalna.com\/index.php?rest_route=\/wp\/v2\/types\/post"}],"author":[{"embeddable":true,"href":"https:\/\/gazetaregionalna.com\/index.php?rest_route=\/wp\/v2\/users\/7"}],"replies":[{"embeddable":true,"href":"https:\/\/gazetaregionalna.com\/index.php?rest_route=%2Fwp%2Fv2%2Fcomments&post=49143"}],"version-history":[{"count":2,"href":"https:\/\/gazetaregionalna.com\/index.php?rest_route=\/wp\/v2\/posts\/49143\/revisions"}],"predecessor-version":[{"id":49146,"href":"https:\/\/gazetaregionalna.com\/index.php?rest_route=\/wp\/v2\/posts\/49143\/revisions\/49146"}],"wp:featuredmedia":[{"embeddable":true,"href":"https:\/\/gazetaregionalna.com\/index.php?rest_route=\/wp\/v2\/media\/49147"}],"wp:attachment":[{"href":"https:\/\/gazetaregionalna.com\/index.php?rest_route=%2Fwp%2Fv2%2Fmedia&parent=49143"}],"wp:term":[{"taxonomy":"category","embeddable":true,"href":"https:\/\/gazetaregionalna.com\/index.php?rest_route=%2Fwp%2Fv2%2Fcategories&post=49143"},{"taxonomy":"post_tag","embeddable":true,"href":"https:\/\/gazetaregionalna.com\/index.php?rest_route=%2Fwp%2Fv2%2Ftags&post=49143"}],"curies":[{"name":"wp","href":"https:\/\/api.w.org\/{rel}","templated":true}]}}