{"id":4897,"date":"2019-08-02T07:58:29","date_gmt":"2019-08-02T07:58:29","guid":{"rendered":"https:\/\/gazetaregionalna.com\/?p=4897"},"modified":"2019-08-02T07:58:34","modified_gmt":"2019-08-02T07:58:34","slug":"kupiecki-sasiek-zaprasza-2","status":"publish","type":"post","link":"https:\/\/gazetaregionalna.com\/?p=4897","title":{"rendered":"Kupiecki S\u0105siek zaprasza"},"content":{"rendered":"\n<p>Po raz trzeci w tym roku Kupiecki S\u0105siek w \u017barkach otworzy swoje podwoje. Ten tradycyjny wiejski targ w\u00a0mn\u00f3stwem\u00a0atrakcji odb\u0119dzie si\u0119 jak zwykle z zabytkowej stodole.<br> Trzeci S\u0105siek odb\u0119dzie si\u0119 w sobot\u0119, 17 sierpnia. Wielkie targowanie rozpocznie si\u0119 o godzinie 8. 30 i potrwa trzy godziny.<br> Odwiedzaj\u0105cy stodo\u0142\u0119 b\u0119d\u0105 mogli si\u0119 zaopatrzy\u0107\u00a0m.in.\u00a0w chleb tatarczuch, chleb orkiszowy, miody i lizaczki z pracowni HokusPokuss.<\/p>\n\n\n\n<figure class=\"wp-block-image\"><img decoding=\"async\" width=\"724\" height=\"1024\" data-src=\"https:\/\/gazetaregionalna.com\/wp-content\/uploads\/2019\/08\/SASIEK3-1-724x1024.jpg\" alt=\"\" class=\"wp-image-4898 lazyload\" data-srcset=\"https:\/\/gazetaregionalna.com\/wp-content\/uploads\/2019\/08\/SASIEK3-1-724x1024.jpg 724w, https:\/\/gazetaregionalna.com\/wp-content\/uploads\/2019\/08\/SASIEK3-1-212x300.jpg 212w, https:\/\/gazetaregionalna.com\/wp-content\/uploads\/2019\/08\/SASIEK3-1-768x1086.jpg 768w, https:\/\/gazetaregionalna.com\/wp-content\/uploads\/2019\/08\/SASIEK3-1.jpg 1131w\" data-sizes=\"(max-width: 724px) 100vw, 724px\" src=\"data:image\/svg+xml;base64,PHN2ZyB3aWR0aD0iMSIgaGVpZ2h0PSIxIiB4bWxucz0iaHR0cDovL3d3dy53My5vcmcvMjAwMC9zdmciPjwvc3ZnPg==\" style=\"--smush-placeholder-width: 724px; --smush-placeholder-aspect-ratio: 724\/1024;\" \/><\/figure>\n\n\n\n<p><br> Jak zwykle nie zabraknie r\u00f3wnie\u017c r\u0119kodzie\u0142a wykonywanego w \u017barkach okolicach: koronek, produkt\u00f3w z filcu, kartek wykonanych haftem krzy\u017cykowym, artyku\u0142\u00f3w dekoracyjnych z wikliny, origami itp. Dla najm\u0142odszych\u00a0(\u00a0i nieco starszych) przygotowane zostan\u0105 przez animator\u00f3w z\u00a0Etnojura.pl w \u017barkach bezp\u0142atne warsztaty r\u0119kodzielnicze pt. \u201eKreatywne warsztaty z sianka\u201d.<br> Zakupy go\u015bciom b\u0119dzie umila\u0107 Kapela\u00a0Ani &#8211; Ani\u00a0z \u017barek.<br> Organizatorem Kupieckiego S\u0105sieku s\u0105 jak zawsze: Dom Kultury i Urz\u0105d Miasta i Gminy \u017barki.<\/p>\n","protected":false},"excerpt":{"rendered":"<p>Po raz trzeci w tym roku Kupiecki S\u0105siek w \u017barkach otworzy swoje podwoje. Ten tradycyjny wiejski targ w\u00a0mn\u00f3stwem\u00a0atrakcji odb\u0119dzie si\u0119 jak zwykle z zabytkowej<\/p>\n","protected":false},"author":3,"featured_media":4899,"comment_status":"open","ping_status":"open","sticky":false,"template":"","format":"standard","meta":{"_monsterinsights_skip_tracking":false,"_monsterinsights_sitenote_active":false,"_monsterinsights_sitenote_note":"","_monsterinsights_sitenote_category":0,"_uf_show_specific_survey":0,"_uf_disable_surveys":false,"footnotes":""},"categories":[12,4,2,13],"tags":[],"class_list":["post-4897","post","type-post","status-publish","format-standard","has-post-thumbnail","hentry","category-kultura-i-rozrywka","category-region","category-wiadomosci","category-wydarzenia"],"_links":{"self":[{"href":"https:\/\/gazetaregionalna.com\/index.php?rest_route=\/wp\/v2\/posts\/4897","targetHints":{"allow":["GET"]}}],"collection":[{"href":"https:\/\/gazetaregionalna.com\/index.php?rest_route=\/wp\/v2\/posts"}],"about":[{"href":"https:\/\/gazetaregionalna.com\/index.php?rest_route=\/wp\/v2\/types\/post"}],"author":[{"embeddable":true,"href":"https:\/\/gazetaregionalna.com\/index.php?rest_route=\/wp\/v2\/users\/3"}],"replies":[{"embeddable":true,"href":"https:\/\/gazetaregionalna.com\/index.php?rest_route=%2Fwp%2Fv2%2Fcomments&post=4897"}],"version-history":[{"count":2,"href":"https:\/\/gazetaregionalna.com\/index.php?rest_route=\/wp\/v2\/posts\/4897\/revisions"}],"predecessor-version":[{"id":110961,"href":"https:\/\/gazetaregionalna.com\/index.php?rest_route=\/wp\/v2\/posts\/4897\/revisions\/110961"}],"wp:featuredmedia":[{"embeddable":true,"href":"https:\/\/gazetaregionalna.com\/index.php?rest_route=\/wp\/v2\/media\/4899"}],"wp:attachment":[{"href":"https:\/\/gazetaregionalna.com\/index.php?rest_route=%2Fwp%2Fv2%2Fmedia&parent=4897"}],"wp:term":[{"taxonomy":"category","embeddable":true,"href":"https:\/\/gazetaregionalna.com\/index.php?rest_route=%2Fwp%2Fv2%2Fcategories&post=4897"},{"taxonomy":"post_tag","embeddable":true,"href":"https:\/\/gazetaregionalna.com\/index.php?rest_route=%2Fwp%2Fv2%2Ftags&post=4897"}],"curies":[{"name":"wp","href":"https:\/\/api.w.org\/{rel}","templated":true}]}}