{"id":48912,"date":"2021-07-25T17:31:37","date_gmt":"2021-07-25T17:31:37","guid":{"rendered":"https:\/\/gazetaregionalna.com\/?p=48912"},"modified":"2021-07-25T17:31:38","modified_gmt":"2021-07-25T17:31:38","slug":"we-wroclawiu-bylo-blisko-ale-etrox-wlokniarz-musial-przelknac-porazke","status":"publish","type":"post","link":"https:\/\/gazetaregionalna.com\/?p=48912","title":{"rendered":"We Wroc\u0142awiu by\u0142o blisko, ale Etrox W\u0142\u00f3kniarz musia\u0142 prze\u0142kn\u0105\u0107 pora\u017ck\u0119&#8230;"},"content":{"rendered":"\n<p>\u017bu\u017clowcy Eltrox W\u0142\u00f3kniarz Cz\u0119stochowa chcieli w niedziel\u0119 wygra\u0107 we Wroc\u0142awiu, prowadzili ju\u017c 6 punktami, ale ostatecznie przegrali 42:48 i s\u0105 w bardzo trudnej sytuacji przed play-off&#8230;<\/p>\n\n\n\n<p>Cz\u0119stochowscy \u017cu\u017clowcy byli skazywani na pora\u017ck\u0119 na torze lidera PGE Ekstraligi. Wroc\u0142awianie na chwil\u0119 spadli z 1. miejsca po pi\u0105tkowej wygranej Stali Gorz\u00f3w. I aby odzyska\u0107 pozycj\u0119 lidera musieli wygra\u0107 z cz\u0119stochowskimi \u201eLwami\u201d. Cz\u0119stochowianie te\u017c marzyli o wygranej, aby my\u015ble\u0107 o awansie do czo\u0142owej czw\u00f3rki i play-off.<\/p>\n\n\n\n<p>Pocz\u0105tek spotkanie by\u0142 obiecuj\u0105cy dla go\u015bci. Podopieczni trenera Piotra \u015awiderskiego po dw\u00f3ch biegach prowadzili 7:5, a po 4. wy\u015bcigu 15:9! Po dw\u00f3ch kolejnych biegach wroc\u0142awianie doprowadzili do remisu, ale w 7. gonitwie Leon Madsen wsp\u00f3lnie z Mateuszem \u015awidnickim wygrali 4:2 z Tai Woffindenem i Glebem Czugunowem. Cz\u0119stochowianie ponownie wyszli na prowadzenie 22:20.<\/p>\n\n\n\n<p>Kolejne wy\u015bcigi nale\u017ca\u0142y do gospodarzy. Betard Sparta trzy razy wygra\u0142a po 4:2 i po 11. biegu prowadzi\u0142a 35:31. Zwyci\u0119stwo Eltrox W\u0142\u00f3kniarza by\u0142o jednak ca\u0142y czas realne. Tym bardziej, \u017ce w 13. biegu fenomenalny w niedziel\u0119 Madsen wygra\u0142 z Fredrikiem Lindgrenem 4:2. Go\u015bcie przed biegami nominowanymi przegrywali tylko dwoma punktami (38:40).<\/p>\n\n\n\n<p>Losy meczu rozstrzygn\u0119\u0142y si\u0119 niestety ju\u017c w pierwszym z bieg\u00f3w nominowanych. Kacper Woryna i Bartosz Smekta\u0142a niestety, ale przegrali 1:5 z Woffindenem i Bewely&#8230;<\/p>\n\n\n\n<p>W ostatnim wy\u015bcigu dnia klas\u0119 pokaza\u0142 Madsen, kt\u00f3ry wygra\u0142 z Artiomem \u0141agut\u0105, Maciejem Janowskim. Ostatni do mety przyjecha\u0142 Lindgren i gospodarze wygrali 48:42.<\/p>\n\n\n\n<p>Betard Sparta powr\u00f3ci\u0142a na 1. miejsce w tabeli (24 punkty). O 1 punkt wyprzedza Stal Gorz\u00f3w (23). Eltrox W\u0142\u00f3kniarz na dwie kolejki przed ko\u0144cem rundy zasadniczej w PGE Ekstralidze ma 14 punkt\u00f3w i traci 3 \u201eoczka\u201d do 4. w tabeli Fogo Unii Leszno&#8230;<\/p>\n\n\n\n<p><strong>Betard Sparta Wroc\u0142aw \u2013 Eltrox W\u0142\u00f3kniarz Cz\u0119stochowa 48:42<\/strong><\/p>\n\n\n\n<p>Betard Sparta: Woffinden 12 (1,2,2,1,3,3), Czugunow 4 (1,w,3,0), \u0141aguta 12 (3,3,1,3,2), Bewley 5 (0,-2,1,2), Janowski 12 (3,3,3,2,1), Curzytek 1 (w,0,1), Liszka 2 (1,1,0).<\/p>\n\n\n\n<p>Eltrox W\u0142\u00f3kniarz: Smekta\u0142a 4 (0,2,0,2,0), Woryna 6 (1,w,2,2,1), Lindgren 6 (2,1,2,1,0), Jeppesen 3 (3,0,w,-), Madsen 14 (2,3,3,3,3), Mi\u015bkowiak 5 (3,2,0,0), \u015awidnicki 4 (2,1,1).<\/p>\n\n\n\n<p>Bieg po biegu:<\/p>\n\n\n\n<ol class=\"wp-block-list\"><li>\u0141aguta, Lindgren, Woffinden, Smekta\u0142a 4:2<\/li><li>Mi\u015bkowiak, \u015awidnicki, Liszka, Curzytek 1:5\/5:7<\/li><li>Janowski, Madsen, Woryna, Bewley 3:3\/8:10<\/li><li>Jeppesen, Mi\u015bkowiak, Czugunow, Curzytek 1:5\/9:15<\/li><li>\u0141aguta, Woffinden, Lindgren, Jeppesen 5:1\/14:16<\/li><li>Janowski, Smekta\u0142a, Liszka, Woryna (w) 4:2\/18:18<\/li><li>Madsen, Woffinden, \u015awidnicki, Czugunow (w) 2:4\/20:22<\/li><li>Janowski, Lindgren, Curzytek, Jeppesen (w) 4:2\/24:24<\/li><li>Czugunow, Woryna, Woffinden, Smekta\u0142a 4:2\/28:26<\/li><li>Madsen, Bewley, \u0141aguta, Mi\u015bkowiak 3:3\/31:29<\/li><li>Woffinden, Smekta\u0142a, Bewley, Mi\u015bkowiak 4:2\/35:31<\/li><li>\u0141aguta, Woryna, \u015awidnicki, Liszka 3:3\/38:34<\/li><li>Madsen, Janowski, Lindgren, Czugunow 2:4\/40:38<\/li><li>Woffinden, Bewley, Woryna, Smekta\u0142a 5:1\/44:39<\/li><li>Madsen, \u0141aguta, Janowski, Lindgren 3:3\/48:42<\/li><\/ol>\n\n\n\n<p>Foto: gazeta Regionalna\/AK<\/p>\n\n\n\n<figure class=\"wp-block-image size-large\"><img decoding=\"async\" width=\"1024\" height=\"644\" data-src=\"https:\/\/gazetaregionalna.com\/wp-content\/uploads\/2021\/05\/CKM-Sparta-75-1024x644.jpg\" alt=\"\" class=\"wp-image-41030 lazyload\" data-srcset=\"https:\/\/gazetaregionalna.com\/wp-content\/uploads\/2021\/05\/CKM-Sparta-75-1024x644.jpg 1024w, https:\/\/gazetaregionalna.com\/wp-content\/uploads\/2021\/05\/CKM-Sparta-75-300x189.jpg 300w, https:\/\/gazetaregionalna.com\/wp-content\/uploads\/2021\/05\/CKM-Sparta-75-768x483.jpg 768w, https:\/\/gazetaregionalna.com\/wp-content\/uploads\/2021\/05\/CKM-Sparta-75-1536x965.jpg 1536w, https:\/\/gazetaregionalna.com\/wp-content\/uploads\/2021\/05\/CKM-Sparta-75-2048x1287.jpg 2048w, https:\/\/gazetaregionalna.com\/wp-content\/uploads\/2021\/05\/CKM-Sparta-75-696x437.jpg 696w, https:\/\/gazetaregionalna.com\/wp-content\/uploads\/2021\/05\/CKM-Sparta-75-1068x671.jpg 1068w, https:\/\/gazetaregionalna.com\/wp-content\/uploads\/2021\/05\/CKM-Sparta-75-1920x1207.jpg 1920w, https:\/\/gazetaregionalna.com\/wp-content\/uploads\/2021\/05\/CKM-Sparta-75-668x420.jpg 668w, https:\/\/gazetaregionalna.com\/wp-content\/uploads\/2021\/05\/CKM-Sparta-75-scaled.jpg 1200w\" data-sizes=\"(max-width: 1024px) 100vw, 1024px\" src=\"data:image\/svg+xml;base64,PHN2ZyB3aWR0aD0iMSIgaGVpZ2h0PSIxIiB4bWxucz0iaHR0cDovL3d3dy53My5vcmcvMjAwMC9zdmciPjwvc3ZnPg==\" style=\"--smush-placeholder-width: 1024px; --smush-placeholder-aspect-ratio: 1024\/644;\" \/><\/figure>\n\n\n\n<figure class=\"wp-block-image size-large\"><img decoding=\"async\" width=\"1024\" height=\"450\" data-src=\"https:\/\/gazetaregionalna.com\/wp-content\/uploads\/2021\/05\/CKM-Sparta-62-1024x450.jpg\" alt=\"\" class=\"wp-image-41029 lazyload\" data-srcset=\"https:\/\/gazetaregionalna.com\/wp-content\/uploads\/2021\/05\/CKM-Sparta-62-1024x450.jpg 1024w, https:\/\/gazetaregionalna.com\/wp-content\/uploads\/2021\/05\/CKM-Sparta-62-300x132.jpg 300w, https:\/\/gazetaregionalna.com\/wp-content\/uploads\/2021\/05\/CKM-Sparta-62-768x337.jpg 768w, https:\/\/gazetaregionalna.com\/wp-content\/uploads\/2021\/05\/CKM-Sparta-62-1536x675.jpg 1536w, https:\/\/gazetaregionalna.com\/wp-content\/uploads\/2021\/05\/CKM-Sparta-62-2048x899.jpg 2048w, https:\/\/gazetaregionalna.com\/wp-content\/uploads\/2021\/05\/CKM-Sparta-62-696x306.jpg 696w, https:\/\/gazetaregionalna.com\/wp-content\/uploads\/2021\/05\/CKM-Sparta-62-1068x469.jpg 1068w, https:\/\/gazetaregionalna.com\/wp-content\/uploads\/2021\/05\/CKM-Sparta-62-1920x843.jpg 1920w, https:\/\/gazetaregionalna.com\/wp-content\/uploads\/2021\/05\/CKM-Sparta-62-956x420.jpg 956w, https:\/\/gazetaregionalna.com\/wp-content\/uploads\/2021\/05\/CKM-Sparta-62-scaled.jpg 1200w\" data-sizes=\"(max-width: 1024px) 100vw, 1024px\" src=\"data:image\/svg+xml;base64,PHN2ZyB3aWR0aD0iMSIgaGVpZ2h0PSIxIiB4bWxucz0iaHR0cDovL3d3dy53My5vcmcvMjAwMC9zdmciPjwvc3ZnPg==\" style=\"--smush-placeholder-width: 1024px; --smush-placeholder-aspect-ratio: 1024\/450;\" \/><\/figure>\n\n\n\n<figure class=\"wp-block-image size-large\"><img decoding=\"async\" width=\"1024\" height=\"562\" data-src=\"https:\/\/gazetaregionalna.com\/wp-content\/uploads\/2021\/05\/CKM-Sparta-31-1024x562.jpg\" alt=\"\" class=\"wp-image-41022 lazyload\" data-srcset=\"https:\/\/gazetaregionalna.com\/wp-content\/uploads\/2021\/05\/CKM-Sparta-31-1024x562.jpg 1024w, https:\/\/gazetaregionalna.com\/wp-content\/uploads\/2021\/05\/CKM-Sparta-31-300x165.jpg 300w, https:\/\/gazetaregionalna.com\/wp-content\/uploads\/2021\/05\/CKM-Sparta-31-768x422.jpg 768w, https:\/\/gazetaregionalna.com\/wp-content\/uploads\/2021\/05\/CKM-Sparta-31-1536x843.jpg 1536w, https:\/\/gazetaregionalna.com\/wp-content\/uploads\/2021\/05\/CKM-Sparta-31-2048x1124.jpg 2048w, https:\/\/gazetaregionalna.com\/wp-content\/uploads\/2021\/05\/CKM-Sparta-31-696x382.jpg 696w, https:\/\/gazetaregionalna.com\/wp-content\/uploads\/2021\/05\/CKM-Sparta-31-1068x586.jpg 1068w, https:\/\/gazetaregionalna.com\/wp-content\/uploads\/2021\/05\/CKM-Sparta-31-1920x1054.jpg 1920w, https:\/\/gazetaregionalna.com\/wp-content\/uploads\/2021\/05\/CKM-Sparta-31-765x420.jpg 765w, https:\/\/gazetaregionalna.com\/wp-content\/uploads\/2021\/05\/CKM-Sparta-31-scaled.jpg 1200w\" data-sizes=\"(max-width: 1024px) 100vw, 1024px\" src=\"data:image\/svg+xml;base64,PHN2ZyB3aWR0aD0iMSIgaGVpZ2h0PSIxIiB4bWxucz0iaHR0cDovL3d3dy53My5vcmcvMjAwMC9zdmciPjwvc3ZnPg==\" style=\"--smush-placeholder-width: 1024px; --smush-placeholder-aspect-ratio: 1024\/562;\" \/><\/figure>\n\n\n\n<figure class=\"wp-block-image size-large\"><img decoding=\"async\" width=\"1024\" height=\"683\" data-src=\"https:\/\/gazetaregionalna.com\/wp-content\/uploads\/2021\/05\/CKM-Sparta-35-1024x683.jpg\" alt=\"\" class=\"wp-image-41025 lazyload\" data-srcset=\"https:\/\/gazetaregionalna.com\/wp-content\/uploads\/2021\/05\/CKM-Sparta-35-1024x683.jpg 1024w, https:\/\/gazetaregionalna.com\/wp-content\/uploads\/2021\/05\/CKM-Sparta-35-300x200.jpg 300w, https:\/\/gazetaregionalna.com\/wp-content\/uploads\/2021\/05\/CKM-Sparta-35-768x512.jpg 768w, https:\/\/gazetaregionalna.com\/wp-content\/uploads\/2021\/05\/CKM-Sparta-35-1536x1024.jpg 1536w, https:\/\/gazetaregionalna.com\/wp-content\/uploads\/2021\/05\/CKM-Sparta-35-2048x1365.jpg 2048w, https:\/\/gazetaregionalna.com\/wp-content\/uploads\/2021\/05\/CKM-Sparta-35-696x464.jpg 696w, https:\/\/gazetaregionalna.com\/wp-content\/uploads\/2021\/05\/CKM-Sparta-35-1068x712.jpg 1068w, https:\/\/gazetaregionalna.com\/wp-content\/uploads\/2021\/05\/CKM-Sparta-35-1920x1280.jpg 1920w, https:\/\/gazetaregionalna.com\/wp-content\/uploads\/2021\/05\/CKM-Sparta-35-630x420.jpg 630w, https:\/\/gazetaregionalna.com\/wp-content\/uploads\/2021\/05\/CKM-Sparta-35-scaled.jpg 1200w\" data-sizes=\"(max-width: 1024px) 100vw, 1024px\" src=\"data:image\/svg+xml;base64,PHN2ZyB3aWR0aD0iMSIgaGVpZ2h0PSIxIiB4bWxucz0iaHR0cDovL3d3dy53My5vcmcvMjAwMC9zdmciPjwvc3ZnPg==\" style=\"--smush-placeholder-width: 1024px; --smush-placeholder-aspect-ratio: 1024\/683;\" \/><\/figure>\n","protected":false},"excerpt":{"rendered":"<p>\u017bu\u017clowcy Eltrox W\u0142\u00f3kniarz Cz\u0119stochowa chcieli w niedziel\u0119 wygra\u0107 we Wroc\u0142awiu, prowadzili ju\u017c 6 punktami, ale ostatecznie przegrali 42:48 i s\u0105 w bardzo trudnej sytuacji<\/p>\n","protected":false},"author":15,"featured_media":41026,"comment_status":"open","ping_status":"open","sticky":false,"template":"","format":"standard","meta":{"_monsterinsights_skip_tracking":false,"_monsterinsights_sitenote_active":false,"_monsterinsights_sitenote_note":"","_monsterinsights_sitenote_category":0,"_uf_show_specific_survey":0,"_uf_disable_surveys":false,"footnotes":""},"categories":[5,7],"tags":[],"class_list":["post-48912","post","type-post","status-publish","format-standard","has-post-thumbnail","hentry","category-sport","category-zuzel"],"_links":{"self":[{"href":"https:\/\/gazetaregionalna.com\/index.php?rest_route=\/wp\/v2\/posts\/48912","targetHints":{"allow":["GET"]}}],"collection":[{"href":"https:\/\/gazetaregionalna.com\/index.php?rest_route=\/wp\/v2\/posts"}],"about":[{"href":"https:\/\/gazetaregionalna.com\/index.php?rest_route=\/wp\/v2\/types\/post"}],"author":[{"embeddable":true,"href":"https:\/\/gazetaregionalna.com\/index.php?rest_route=\/wp\/v2\/users\/15"}],"replies":[{"embeddable":true,"href":"https:\/\/gazetaregionalna.com\/index.php?rest_route=%2Fwp%2Fv2%2Fcomments&post=48912"}],"version-history":[{"count":1,"href":"https:\/\/gazetaregionalna.com\/index.php?rest_route=\/wp\/v2\/posts\/48912\/revisions"}],"predecessor-version":[{"id":48916,"href":"https:\/\/gazetaregionalna.com\/index.php?rest_route=\/wp\/v2\/posts\/48912\/revisions\/48916"}],"wp:featuredmedia":[{"embeddable":true,"href":"https:\/\/gazetaregionalna.com\/index.php?rest_route=\/wp\/v2\/media\/41026"}],"wp:attachment":[{"href":"https:\/\/gazetaregionalna.com\/index.php?rest_route=%2Fwp%2Fv2%2Fmedia&parent=48912"}],"wp:term":[{"taxonomy":"category","embeddable":true,"href":"https:\/\/gazetaregionalna.com\/index.php?rest_route=%2Fwp%2Fv2%2Fcategories&post=48912"},{"taxonomy":"post_tag","embeddable":true,"href":"https:\/\/gazetaregionalna.com\/index.php?rest_route=%2Fwp%2Fv2%2Ftags&post=48912"}],"curies":[{"name":"wp","href":"https:\/\/api.w.org\/{rel}","templated":true}]}}