{"id":4889,"date":"2019-08-02T07:28:10","date_gmt":"2019-08-02T07:28:10","guid":{"rendered":"https:\/\/gazetaregionalna.com\/?p=4889"},"modified":"2019-08-02T07:28:13","modified_gmt":"2019-08-02T07:28:13","slug":"czestochowa-minizuzlowe-emocje-przy-brzegowej-juz-w-ten-weekend","status":"publish","type":"post","link":"https:\/\/gazetaregionalna.com\/?p=4889","title":{"rendered":"Cz\u0119stochowa. Mini\u017cu\u017clowe emocje przy Brzegowej ju\u017c w ten weekend"},"content":{"rendered":"\n<p><strong>Po wielu latach nie\u0142atwych stara\u0144 klub W\u0142\u00f3kniarza oficjalnie sta\u0142 si\u0119 administratorem toru mini\u017cu\u017clowego przy ul. Brzegowej w Cz\u0119stochowie. Wiele spraw wymaga\u0142o uporz\u0105dkowania, ale klub odni\u00f3s\u0142 sukces i m\u0142odzi adepci czarnego sportu mog\u0105 rozwija\u0107 swoje pasje pod okiem najlepszych.<\/strong> <\/p>\n\n\n\n<p>Na prze\u0142omie maja i czerwca W\u0142\u00f3kniarz przej\u0105\u0142 w administracj\u0119 stadion mini\u017cu\u017clowy przy ulicy Brzegowej. Po przeprowadzonych pracach, tor otrzyma\u0142 licencj\u0119, dzi\u0119ki czemu mog\u0105 odbywac si\u0119 na nim oficjalne zawodu minizu\u017clowe.  Pierwsze z nich odb\u0119d\u0105 si\u0119 ju\u017c w najbli\u017cszy weekend!<\/p>\n\n\n\n<p>W sobot\u0119 (3 sierpnia) punktualnie o\u00a0godzinie 15:00\u00a0rozpocznie si\u0119\u00a0<strong><em>VI runda Indywidualnych Mistrzostw Polski w klasie 85-125cc.<\/em><\/strong> W zawodach barw\u00a0Bocar W\u0142\u00f3kniarz Cz\u0119stochowa\u00a0broni\u0107 b\u0119dzie\u00a0<strong>Kacper Halkiewicz<\/strong>, natomiast\u00a0<strong>Pawe\u0142 Caban<\/strong> junior\u00a0o awans do g\u0142\u00f3wnego turnieju walczy\u0107 b\u0119dzie w eliminacjach.<\/p>\n\n\n\n<p>Na niedziel\u0119 (4 sierpnia), r\u00f3wnie\u017c na owalu przy ulicy Brzegowej w Cz\u0119stochowie, zaplanowano <strong><em>VI (fina\u0142ow\u0105) ods\u0142on\u0119 Pucharu Polski Par Klubowych<\/em><\/strong>. W imprezie, kt\u00f3rej pocz\u0105tek zaplanowano punktualnie na godzin\u0119 11:00, z Lwem na piersi zaprezentuje si\u0119 wymieniona ju\u017c wcze\u015bniej dw\u00f3jka je\u017ad\u017ac\u00f3w.<\/p>\n\n\n\n<p><strong>Wst\u0119p na oba wydarzenia jest bezp\u0142atny!<\/strong><\/p>\n\n\n\n<p><strong>Lista startowa VI rundy IMP 85-125cc w Cz\u0119stochowie:<\/strong><br>1. Dawid Piestrzy\u0144ski (MKM\u017b Rybki Rybnik)<br>2. Bartosz Lewandowski (GUKS Speedway Wawr\u00f3w)<br>3. Kacper Teska (GUKS SpeedwayWawr\u00f3w)<br>4. Miko\u0142aj Krok (GUKS Speedway Wawr\u00f3w)<br>5. Mateusz \u0141opuski (GK\u017b Wybrze\u017ce Gda\u0144sk)<br>6. Miko\u0142aj Duchi\u0144ski (SSSM Stal Toru\u0144)<br>7. Ksawery S\u0142omski (SSSM Stal Toru\u0144)<br>8. Krystian Gr\u0119da (ZK\u017b SSA Zielona G\u00f3ra)<br>9. Szymon Ludwiczak (MKM\u017b Rybki Rybnik)<br>10. Antoni Kawczy\u0144ski (GK\u017b Wybrze\u017ce Gda\u0144sk)<br><strong>11. Kacper Halkiewicz (Bocar W\u0142\u00f3kniarz Cz\u0119stochowa)<\/strong><br>12. zawodnik z eliminacji (drugi)<br>13. Denis Andrzejczak (GUKS Speedway Wawr\u00f3w)<br>14. Emil Maroszek (BT\u017b Polonia Bydgoszcz)<br>15. Nikodem Czmut (SSSM Stal Toru\u0144)<br>16. zawodnik z eliminacji (pierwszy)<br>17. Kacper Tuczkowski (BT\u017b Polonia Bydgoszcz)<br>18. Wiktor Andryszczak (UKS Speedway R\u0119dziny)<br>19. Szymon Tomaszewski (MKM\u017b Rybki Rybnik)<br>20. Jakub Bre\u0144ski (KS Toru\u0144 SA)<br>21. zawodnik z eliminacji (trzeci)<br>22. zawodnik z eliminacji (czwarty)<\/p>\n\n\n\n<p><strong>Numery startowe VI rundy PPPK (fina\u0142):<\/strong><br><strong>1, 2, 15, 16 \u2013 Bocar W\u0142\u00f3kniarz Cz\u0119stochowa<\/strong><br>3, 4, 17, 18 \u2013 JUST FUN GUKS Speedway Wawr\u00f3w<br>5, 6, 19, 20 \u2013 MKM\u017b Rybki Rybnik<br>7, 8, 21, 22 \u2013 SSSM Stal Toru\u0144<br>9, 10, 23, 24 \u2013 GK\u017b Wybrze\u017ce Gda\u0144sk<br>11, 12, 25, 26 \u2013 BT\u017b Polonia Bydgoszcz<br>13, 14, 27, 28 \u2013 KS Toru\u0144 SA<\/p>\n\n\n\n<p>(red.\/fot.W\u0142\u00f3kniarz Cz\u0119stochowa)<\/p>\n","protected":false},"excerpt":{"rendered":"<p>Po wielu latach nie\u0142atwych stara\u0144 klub W\u0142\u00f3kniarza oficjalnie sta\u0142 si\u0119 administratorem toru mini\u017cu\u017clowego przy ul. Brzegowej w Cz\u0119stochowie. Wiele spraw wymaga\u0142o uporz\u0105dkowania, ale klub<\/p>\n","protected":false},"author":3,"featured_media":4890,"comment_status":"open","ping_status":"open","sticky":false,"template":"","format":"standard","meta":{"_monsterinsights_skip_tracking":false,"_monsterinsights_sitenote_active":false,"_monsterinsights_sitenote_note":"","_monsterinsights_sitenote_category":0,"_uf_show_specific_survey":0,"_uf_disable_surveys":false,"footnotes":""},"categories":[3,5,2,7],"tags":[],"class_list":["post-4889","post","type-post","status-publish","format-standard","has-post-thumbnail","hentry","category-czestochowa-informacje","category-sport","category-wiadomosci","category-zuzel"],"_links":{"self":[{"href":"https:\/\/gazetaregionalna.com\/index.php?rest_route=\/wp\/v2\/posts\/4889","targetHints":{"allow":["GET"]}}],"collection":[{"href":"https:\/\/gazetaregionalna.com\/index.php?rest_route=\/wp\/v2\/posts"}],"about":[{"href":"https:\/\/gazetaregionalna.com\/index.php?rest_route=\/wp\/v2\/types\/post"}],"author":[{"embeddable":true,"href":"https:\/\/gazetaregionalna.com\/index.php?rest_route=\/wp\/v2\/users\/3"}],"replies":[{"embeddable":true,"href":"https:\/\/gazetaregionalna.com\/index.php?rest_route=%2Fwp%2Fv2%2Fcomments&post=4889"}],"version-history":[{"count":1,"href":"https:\/\/gazetaregionalna.com\/index.php?rest_route=\/wp\/v2\/posts\/4889\/revisions"}],"predecessor-version":[{"id":4891,"href":"https:\/\/gazetaregionalna.com\/index.php?rest_route=\/wp\/v2\/posts\/4889\/revisions\/4891"}],"wp:featuredmedia":[{"embeddable":true,"href":"https:\/\/gazetaregionalna.com\/index.php?rest_route=\/wp\/v2\/media\/4890"}],"wp:attachment":[{"href":"https:\/\/gazetaregionalna.com\/index.php?rest_route=%2Fwp%2Fv2%2Fmedia&parent=4889"}],"wp:term":[{"taxonomy":"category","embeddable":true,"href":"https:\/\/gazetaregionalna.com\/index.php?rest_route=%2Fwp%2Fv2%2Fcategories&post=4889"},{"taxonomy":"post_tag","embeddable":true,"href":"https:\/\/gazetaregionalna.com\/index.php?rest_route=%2Fwp%2Fv2%2Ftags&post=4889"}],"curies":[{"name":"wp","href":"https:\/\/api.w.org\/{rel}","templated":true}]}}