{"id":48862,"date":"2021-07-25T07:15:42","date_gmt":"2021-07-25T07:15:42","guid":{"rendered":"https:\/\/gazetaregionalna.com\/?p=48862"},"modified":"2021-07-25T07:15:44","modified_gmt":"2021-07-25T07:15:44","slug":"nie-zyje-37-letni-obywatel-ukrainy","status":"publish","type":"post","link":"https:\/\/gazetaregionalna.com\/?p=48862","title":{"rendered":"Nie \u017cyje 37-letni obywatel Ukrainy. To jeden z poszkodowanych w sobotnim wypadku pod Radomskiem"},"content":{"rendered":"\n<h2 class=\"wp-block-heading\">Tak, jak pisali\u015bmy w sobot\u0119, w miejscowo\u015bci Wygoda pod Radomskiem, dosz\u0142o do wypadku, w kt\u00f3rym bra\u0142o udzia\u0142 dziesi\u0119\u0107 os\u00f3b. Jedna z nich, 37-letni obywatel Ukrainy, zmar\u0142a podczas operacji.<\/h2>\n\n\n\n<p>Przypomnijmy, 24 lipca, kilka minut po godzinie sz\u00f3stej policjanci z Radomska otrzymali informacj\u0119, \u017ce na drodze z Radomska do Gidel zderzy\u0142y si\u0119 dwa samochody. Obecni na miejscu \u015bwiadkowie zdarzenia pomagali poszkodowanym do momentu przyjazdu medyk\u00f3w, stra\u017cak\u00f3w i policjant\u00f3w. Mundurowi wykonuj\u0105cy czynno\u015bci na miejscu wypadku ustalili, \u017ce 36-letnia kobieta kieruj\u0105ca nissanem z niewyja\u015bnionych przyczyn zjecha\u0142a na przeciwny pas ruchu i doprowadzi\u0142a do zderzenia z jad\u0105cym z przeciwnego kierunku vw transporterem. W efekcie tego oba pojazdy wypad\u0142y z jezdni. <\/p>\n\n\n\n<figure class=\"wp-block-image size-large\"><img decoding=\"async\" width=\"1024\" height=\"768\" data-src=\"https:\/\/gazetaregionalna.com\/wp-content\/uploads\/2021\/07\/radomsko-1-1024x768.jpg\" alt=\"\" class=\"wp-image-48836 lazyload\" data-srcset=\"https:\/\/gazetaregionalna.com\/wp-content\/uploads\/2021\/07\/radomsko-1-1024x768.jpg 1024w, https:\/\/gazetaregionalna.com\/wp-content\/uploads\/2021\/07\/radomsko-1-300x225.jpg 300w, https:\/\/gazetaregionalna.com\/wp-content\/uploads\/2021\/07\/radomsko-1-768x576.jpg 768w, https:\/\/gazetaregionalna.com\/wp-content\/uploads\/2021\/07\/radomsko-1-1536x1152.jpg 1536w, https:\/\/gazetaregionalna.com\/wp-content\/uploads\/2021\/07\/radomsko-1-696x522.jpg 696w, https:\/\/gazetaregionalna.com\/wp-content\/uploads\/2021\/07\/radomsko-1-1068x801.jpg 1068w, https:\/\/gazetaregionalna.com\/wp-content\/uploads\/2021\/07\/radomsko-1-560x420.jpg 560w, https:\/\/gazetaregionalna.com\/wp-content\/uploads\/2021\/07\/radomsko-1-80x60.jpg 80w, https:\/\/gazetaregionalna.com\/wp-content\/uploads\/2021\/07\/radomsko-1-265x198.jpg 265w, https:\/\/gazetaregionalna.com\/wp-content\/uploads\/2021\/07\/radomsko-1.jpg 1200w\" data-sizes=\"(max-width: 1024px) 100vw, 1024px\" src=\"data:image\/svg+xml;base64,PHN2ZyB3aWR0aD0iMSIgaGVpZ2h0PSIxIiB4bWxucz0iaHR0cDovL3d3dy53My5vcmcvMjAwMC9zdmciPjwvc3ZnPg==\" style=\"--smush-placeholder-width: 1024px; --smush-placeholder-aspect-ratio: 1024\/768;\" \/><figcaption>Fot. KPP w Radomsku<\/figcaption><\/figure>\n\n\n\n<p>W zdarzeniu uczestniczy\u0142o \u0142\u0105cznie dziesi\u0119\u0107  os\u00f3b, w tym dziewi\u0119\u0107 podr\u00f3\u017cuj\u0105cych busem. Zgodnie z zaleceniami medyk\u00f3w opatruj\u0105cych rannych wszyscy uczestnicy wypadku zostali przetransportowani do szpitali, przy czym trzech z nich z rozleg\u0142ymi obra\u017ceniami cia\u0142a, zagra\u017caj\u0105cymi ich \u017cyciu. <\/p>\n\n\n\n<p>Policjanci zbadali stan trze\u017awo\u015bci kieruj\u0105cych pojazdami. Kierowca volkswagena by\u0142 trze\u017awy , jednak 36-latka mia\u0142a w organizmie 4 prom. alkoholu. Dodatkowo zosta\u0142a od niej pobrana krew do bada\u0144. Kieruj\u0105ca nissanem to mieszkanka gminy Gidle. Z kolei w transporterze jecha\u0142o siedmiu m\u0119\u017cczyzn narodowo\u015bci ukrai\u0144skiej w wieku od 39 do 54 lat oraz dw\u00f3ch Polak\u00f3w w wieku 39 i 40 lat. Wszyscy pracuj\u0105 w firmie budowlanej, kt\u00f3ra tego dnia mia\u0142a wykonywa\u0107 us\u0142ug\u0119 na terenie Radomska. <\/p>\n\n\n\n<figure class=\"wp-block-image size-large\"><img decoding=\"async\" width=\"1000\" height=\"750\" data-src=\"https:\/\/gazetaregionalna.com\/wp-content\/uploads\/2021\/07\/Radomsko4.jpg\" alt=\"\" class=\"wp-image-48834 lazyload\" data-srcset=\"https:\/\/gazetaregionalna.com\/wp-content\/uploads\/2021\/07\/Radomsko4.jpg 1000w, https:\/\/gazetaregionalna.com\/wp-content\/uploads\/2021\/07\/Radomsko4-300x225.jpg 300w, https:\/\/gazetaregionalna.com\/wp-content\/uploads\/2021\/07\/Radomsko4-768x576.jpg 768w, https:\/\/gazetaregionalna.com\/wp-content\/uploads\/2021\/07\/Radomsko4-696x522.jpg 696w, https:\/\/gazetaregionalna.com\/wp-content\/uploads\/2021\/07\/Radomsko4-560x420.jpg 560w, https:\/\/gazetaregionalna.com\/wp-content\/uploads\/2021\/07\/Radomsko4-80x60.jpg 80w, https:\/\/gazetaregionalna.com\/wp-content\/uploads\/2021\/07\/Radomsko4-265x198.jpg 265w\" data-sizes=\"(max-width: 1000px) 100vw, 1000px\" src=\"data:image\/svg+xml;base64,PHN2ZyB3aWR0aD0iMSIgaGVpZ2h0PSIxIiB4bWxucz0iaHR0cDovL3d3dy53My5vcmcvMjAwMC9zdmciPjwvc3ZnPg==\" style=\"--smush-placeholder-width: 1000px; --smush-placeholder-aspect-ratio: 1000\/750;\" \/><figcaption>Fot. KPP w Radomsku<\/figcaption><\/figure>\n\n\n\n<p>Zgodnie z decyzj\u0105 prokuratora nadzoruj\u0105cego czynno\u015bci na miejscu wypadku, 36- latka po badaniach wykonanych w radomszcza\u0144skim szpitalu, trafi\u0142a do policyjnego aresztu. Kobieta nie odnios\u0142a obra\u017ce\u0144 zagra\u017caj\u0105cych jej \u017cyciu. <\/p>\n\n\n\n<p>Niestety, kilka godzin po operacji, na skutek doznanych obra\u017ce\u0144, zmar\u0142a jedna z os\u00f3b poszkodowanych w wypadku. To 37-letni z obywatel Ukrainy, kt\u00f3ry zmar\u0142 podczas operacji. <\/p>\n\n\n\n<p>Wszystko wskazuje na to, \u017ce kieruj\u0105ca nissanem kiedy wytrze\u017awieje, us\u0142yszy prokuratorski zarzut spowodowania katastrofy w ruchu l\u0105dowym, za co grozi kara nawet do 12 lat pozbawienia wolno\u015bci.<\/p>\n\n\n\n<p><strong>ZS<\/strong><\/p>\n","protected":false},"excerpt":{"rendered":"<p>Tak, jak pisali\u015bmy w sobot\u0119, w miejscowo\u015bci Wygoda pod Radomskiem, dosz\u0142o do wypadku, w kt\u00f3rym bra\u0142o udzia\u0142 dziesi\u0119\u0107 os\u00f3b. Jedna z nich, 37-letni obywatel<\/p>\n","protected":false},"author":18,"featured_media":48837,"comment_status":"open","ping_status":"open","sticky":false,"template":"","format":"standard","meta":{"_monsterinsights_skip_tracking":false,"_monsterinsights_sitenote_active":false,"_monsterinsights_sitenote_note":"","_monsterinsights_sitenote_category":0,"_uf_show_specific_survey":0,"_uf_disable_surveys":false,"footnotes":""},"categories":[94,44,28,2],"tags":[1733,113,704],"class_list":["post-48862","post","type-post","status-publish","format-standard","has-post-thumbnail","hentry","category-polecane","category-bezpieczenstwo","category-radomsko","category-wiadomosci","tag-kpp-w-radomsku","tag-radomsko","tag-wypadek"],"_links":{"self":[{"href":"https:\/\/gazetaregionalna.com\/index.php?rest_route=\/wp\/v2\/posts\/48862","targetHints":{"allow":["GET"]}}],"collection":[{"href":"https:\/\/gazetaregionalna.com\/index.php?rest_route=\/wp\/v2\/posts"}],"about":[{"href":"https:\/\/gazetaregionalna.com\/index.php?rest_route=\/wp\/v2\/types\/post"}],"author":[{"embeddable":true,"href":"https:\/\/gazetaregionalna.com\/index.php?rest_route=\/wp\/v2\/users\/18"}],"replies":[{"embeddable":true,"href":"https:\/\/gazetaregionalna.com\/index.php?rest_route=%2Fwp%2Fv2%2Fcomments&post=48862"}],"version-history":[{"count":1,"href":"https:\/\/gazetaregionalna.com\/index.php?rest_route=\/wp\/v2\/posts\/48862\/revisions"}],"predecessor-version":[{"id":48863,"href":"https:\/\/gazetaregionalna.com\/index.php?rest_route=\/wp\/v2\/posts\/48862\/revisions\/48863"}],"wp:featuredmedia":[{"embeddable":true,"href":"https:\/\/gazetaregionalna.com\/index.php?rest_route=\/wp\/v2\/media\/48837"}],"wp:attachment":[{"href":"https:\/\/gazetaregionalna.com\/index.php?rest_route=%2Fwp%2Fv2%2Fmedia&parent=48862"}],"wp:term":[{"taxonomy":"category","embeddable":true,"href":"https:\/\/gazetaregionalna.com\/index.php?rest_route=%2Fwp%2Fv2%2Fcategories&post=48862"},{"taxonomy":"post_tag","embeddable":true,"href":"https:\/\/gazetaregionalna.com\/index.php?rest_route=%2Fwp%2Fv2%2Ftags&post=48862"}],"curies":[{"name":"wp","href":"https:\/\/api.w.org\/{rel}","templated":true}]}}