{"id":4884,"date":"2019-08-01T12:15:04","date_gmt":"2019-08-01T12:15:04","guid":{"rendered":"https:\/\/gazetaregionalna.com\/?p=4884"},"modified":"2019-08-01T12:15:07","modified_gmt":"2019-08-01T12:15:07","slug":"wznowiono-prace-przy-budowie-obwodnicy","status":"publish","type":"post","link":"https:\/\/gazetaregionalna.com\/?p=4884","title":{"rendered":"Wznowiono prace przy budowie obwodnicy"},"content":{"rendered":"\n<p>Zgodnie z przewidywaniami Generalna Dyrekcja Dr\u00f3g Krajowych i Autostrad podpisa\u0142 umow\u0119 z nowym wykonawc\u0105 obwodnicy Cz\u0119stochowy. Zosta\u0142o nim konsorcjum firm: STRABAG Infrastruktura Po\u0142udnie z Wroc\u0142awia, BUDIMEX z Warszawy oraz BUDPOL z Cz\u0119stochowy. Nowy wykonawca drogi przyst\u0105pi\u0142 ju\u017c do pracy.<\/p>\n\n\n\n<p> &#8211; <em>Sprawnie przeprowadzona procedura wy\u0142onienia wykonawcy prac zabezpieczaj\u0105cych umo\u017cliwi\u0142a kontynuacj\u0119 budowy autostrady A1 na odcinku Cz\u0119stochowa Blachownia \u2014 Cz\u0119stochowa P\u00f3\u0142noc<\/em> \u2013 napisa\u0142a w komunikacie GDDKiA. &#8211; <em>Zakres prac, w szczeg\u00f3lno\u015bci, b\u0119dzie obejmowa\u0142 wykonanie rob\u00f3t zabezpieczaj\u0105cych na ci\u0105gu g\u0142\u00f3wnym, roboty ziemne, wykonanie warstw konstrukcyjnych i bitumicznych, w\u0142\u0105cznie z wykonaniem podbudowy z betonu chudego, nawierzchni z betonu cementowego, r\u00f3wnie\u017c roboty wyko\u0144czeniowe obiekt\u00f3w in\u017cynierskich<\/em>. <\/p>\n\n\n\n<p>GDDKiA zapowiada, \u017ce lada dzie\u0144 planujemy udost\u0119pni\u0107 do ruchu blisko 33 km autostrady, od w\u0119z\u0142a Cz\u0119stochowa Po\u0142udnie do Pyrzowic. Nowym odcinkiem drogi b\u0119dzie mo\u017cna przejecha\u0107 po raz pierwszy ju\u017c 3 sierpnia. <\/p>\n\n\n\n<figure class=\"wp-block-image\"><img decoding=\"async\" width=\"800\" height=\"600\" data-src=\"https:\/\/gazetaregionalna.com\/wp-content\/uploads\/2019\/08\/26428.jpg\" alt=\"\" class=\"wp-image-4885 lazyload\" data-srcset=\"https:\/\/gazetaregionalna.com\/wp-content\/uploads\/2019\/08\/26428.jpg 800w, https:\/\/gazetaregionalna.com\/wp-content\/uploads\/2019\/08\/26428-300x225.jpg 300w, https:\/\/gazetaregionalna.com\/wp-content\/uploads\/2019\/08\/26428-768x576.jpg 768w\" data-sizes=\"(max-width: 800px) 100vw, 800px\" src=\"data:image\/svg+xml;base64,PHN2ZyB3aWR0aD0iMSIgaGVpZ2h0PSIxIiB4bWxucz0iaHR0cDovL3d3dy53My5vcmcvMjAwMC9zdmciPjwvc3ZnPg==\" style=\"--smush-placeholder-width: 800px; --smush-placeholder-aspect-ratio: 800\/600;\" \/><\/figure>\n\n\n\n<p>&#8211;<em>Na p\u00f3\u0142nocy od Cz\u0119stochowy trwa budowa pi\u0119ciu odcink\u00f3w autostrady, jednego na terenie wojew\u00f3dztwa \u015bl\u0105skiego oraz czterech w wojew\u00f3dztwie \u0142\u00f3dzkim<\/em> \u2013 informuje Dyrekcja. &#8211; <em>Wszystkie, w standardzie po trzy pasy w obu kierunkach, zostan\u0105 wybudowane po istniej\u0105cym \u015bladzie DK1. Planowany termin oddania do ruchu czterech odcink\u00f3w mi\u0119dzy Cz\u0119stochow\u0105 a Tuszynem, powinien nast\u0105pi\u0107 przed ko\u0144cem 2021 r. Natomiast pi\u0105ty odcinek od w\u0119z\u0142a Piotrk\u00f3w Trybunalski Po\u0142udnie do w\u0119z\u0142a Kamie\u0144sk zostanie udost\u0119pniony kierowcom na prze\u0142omie 2022 i 2023 r. <\/em><\/p>\n","protected":false},"excerpt":{"rendered":"<p>Zgodnie z przewidywaniami Generalna Dyrekcja Dr\u00f3g Krajowych i Autostrad podpisa\u0142 umow\u0119 z nowym wykonawc\u0105 obwodnicy Cz\u0119stochowy. Zosta\u0142o nim konsorcjum firm: STRABAG Infrastruktura Po\u0142udnie z<\/p>\n","protected":false},"author":3,"featured_media":4886,"comment_status":"open","ping_status":"open","sticky":false,"template":"","format":"standard","meta":{"_monsterinsights_skip_tracking":false,"_monsterinsights_sitenote_active":false,"_monsterinsights_sitenote_note":"","_monsterinsights_sitenote_category":0,"_uf_show_specific_survey":0,"_uf_disable_surveys":false,"footnotes":""},"categories":[3,33,2],"tags":[],"class_list":["post-4884","post","type-post","status-publish","format-standard","has-post-thumbnail","hentry","category-czestochowa-informacje","category-inwestycje","category-wiadomosci"],"_links":{"self":[{"href":"https:\/\/gazetaregionalna.com\/index.php?rest_route=\/wp\/v2\/posts\/4884","targetHints":{"allow":["GET"]}}],"collection":[{"href":"https:\/\/gazetaregionalna.com\/index.php?rest_route=\/wp\/v2\/posts"}],"about":[{"href":"https:\/\/gazetaregionalna.com\/index.php?rest_route=\/wp\/v2\/types\/post"}],"author":[{"embeddable":true,"href":"https:\/\/gazetaregionalna.com\/index.php?rest_route=\/wp\/v2\/users\/3"}],"replies":[{"embeddable":true,"href":"https:\/\/gazetaregionalna.com\/index.php?rest_route=%2Fwp%2Fv2%2Fcomments&post=4884"}],"version-history":[{"count":1,"href":"https:\/\/gazetaregionalna.com\/index.php?rest_route=\/wp\/v2\/posts\/4884\/revisions"}],"predecessor-version":[{"id":4887,"href":"https:\/\/gazetaregionalna.com\/index.php?rest_route=\/wp\/v2\/posts\/4884\/revisions\/4887"}],"wp:featuredmedia":[{"embeddable":true,"href":"https:\/\/gazetaregionalna.com\/index.php?rest_route=\/wp\/v2\/media\/4886"}],"wp:attachment":[{"href":"https:\/\/gazetaregionalna.com\/index.php?rest_route=%2Fwp%2Fv2%2Fmedia&parent=4884"}],"wp:term":[{"taxonomy":"category","embeddable":true,"href":"https:\/\/gazetaregionalna.com\/index.php?rest_route=%2Fwp%2Fv2%2Fcategories&post=4884"},{"taxonomy":"post_tag","embeddable":true,"href":"https:\/\/gazetaregionalna.com\/index.php?rest_route=%2Fwp%2Fv2%2Ftags&post=4884"}],"curies":[{"name":"wp","href":"https:\/\/api.w.org\/{rel}","templated":true}]}}