{"id":4873,"date":"2019-08-01T07:44:33","date_gmt":"2019-08-01T07:44:33","guid":{"rendered":"https:\/\/gazetaregionalna.com\/?p=4873"},"modified":"2019-08-01T07:44:35","modified_gmt":"2019-08-01T07:44:35","slug":"weekend-z-pstragiem-w-roli-glownej","status":"publish","type":"post","link":"https:\/\/gazetaregionalna.com\/?p=4873","title":{"rendered":"Weekend z pstr\u0105giem w roli g\u0142\u00f3wnej"},"content":{"rendered":"\n<p>Nadchodz\u0105ce\nsobota i niedziela up\u0142yn\u0105\u0142 w Z\u0142otym Potoku pod znakiem pstr\u0105ga. Po raz 23.w\nniedziel\u0119, 4 sierpnia na B\u0142oniach przy \u201eAmerykanie\u201d odb\u0119dzie si\u0119 \u015awi\u0119to\nPstr\u0105ga. Poprzedzi je w sobot\u0119 druga edycja \u015awi\u0119ta Jurajskiej Ryby. Jak\nzapewniaj\u0105 organizatorzy, b\u0119dzie ciekawie, smacznie i weso\u0142o.<\/p>\n\n\n\n<figure class=\"wp-block-image\"><img decoding=\"async\" width=\"960\" height=\"680\" data-src=\"https:\/\/gazetaregionalna.com\/wp-content\/uploads\/2019\/08\/pstrag.jpg\" alt=\"\" class=\"wp-image-4874 lazyload\" data-srcset=\"https:\/\/gazetaregionalna.com\/wp-content\/uploads\/2019\/08\/pstrag.jpg 960w, https:\/\/gazetaregionalna.com\/wp-content\/uploads\/2019\/08\/pstrag-300x213.jpg 300w, https:\/\/gazetaregionalna.com\/wp-content\/uploads\/2019\/08\/pstrag-768x544.jpg 768w\" data-sizes=\"(max-width: 960px) 100vw, 960px\" src=\"data:image\/svg+xml;base64,PHN2ZyB3aWR0aD0iMSIgaGVpZ2h0PSIxIiB4bWxucz0iaHR0cDovL3d3dy53My5vcmcvMjAwMC9zdmciPjwvc3ZnPg==\" style=\"--smush-placeholder-width: 960px; --smush-placeholder-aspect-ratio: 960\/680;\" \/><\/figure>\n\n\n\n<p>W sobot\u0119 zabawa\nrozpocznie si\u0119 o godziny 15. Na godzin\u0119 16. 30 zaplanowano pokaz kulinarny\nZbigniewa Buczkowskiego. Znany aktor da si\u0119 pozna\u0107 widowni z nieco innej, ma\u0142o\ndot\u0105d znanej strony. O godzinie 20 organizatorzy przewiduj\u0105 koncert Moniki\nLewczuk, po kt\u00f3rym rozpocznie si\u0119 \u201eDyskoteka pod gwiazdami\u201d.<\/p>\n\n\n\n<p>W niedziel\u0119\nnad \u201eAmerykanem\u201d pierwsi go\u015bcie spodziewani s\u0105 ju\u017c od 6 rano. Wtedy rozpoczn\u0105\nsi\u0119 zawody w\u0119dkarskie. W\u0142a\u015bciwe \u015bwi\u0119to rozpocznie si\u0119 godzinie 14.30.&nbsp; P\u00f3\u0142 godziny p\u00f3\u017aniej ruszy tradycyjny konkurs\nkulinarny pod has\u0142em: \u201ePstr\u0105g na 12 sposob\u00f3w\u201d. O 16.30 wyst\u0105pi grupa Szafa Gra,\nna dwie godziny p\u00f3\u017aniej zesp\u00f3\u0142 Pi\u0119kni i M\u0142odzi. \u015awi\u0119to pstr\u0105ga zako\u0144czy o\ngodzinie 20 \u201eDyskoteka pod gwiazdami\u201d.<\/p>\n\n\n\n<p>&nbsp;Jak zwykle \u015bwi\u0119tu ryby towarzyszy\u0107 b\u0119d\u0105 zawody\nsportowe i konkursy \u2013 m.in. turniej pi\u0142ki pla\u017cowej i turniej so\u0142ectw. Ca\u0142y czas\nczynne b\u0119d\u0105 stoiska gastronomiczne, na kt\u00f3rych serwowany ma by\u0107 oczywi\u015bcie\npstr\u0105g.<\/p>\n","protected":false},"excerpt":{"rendered":"<p>Nadchodz\u0105ce sobota i niedziela up\u0142yn\u0105\u0142 w Z\u0142otym Potoku pod znakiem pstr\u0105ga. Po raz 23.w niedziel\u0119, 4 sierpnia na B\u0142oniach przy \u201eAmerykanie\u201d odb\u0119dzie si\u0119 \u015awi\u0119to<\/p>\n","protected":false},"author":3,"featured_media":4875,"comment_status":"open","ping_status":"open","sticky":false,"template":"","format":"standard","meta":{"_monsterinsights_skip_tracking":false,"_monsterinsights_sitenote_active":false,"_monsterinsights_sitenote_note":"","_monsterinsights_sitenote_category":0,"_uf_show_specific_survey":0,"_uf_disable_surveys":false,"footnotes":""},"categories":[12,4,2,13],"tags":[],"class_list":["post-4873","post","type-post","status-publish","format-standard","has-post-thumbnail","hentry","category-kultura-i-rozrywka","category-region","category-wiadomosci","category-wydarzenia"],"_links":{"self":[{"href":"https:\/\/gazetaregionalna.com\/index.php?rest_route=\/wp\/v2\/posts\/4873","targetHints":{"allow":["GET"]}}],"collection":[{"href":"https:\/\/gazetaregionalna.com\/index.php?rest_route=\/wp\/v2\/posts"}],"about":[{"href":"https:\/\/gazetaregionalna.com\/index.php?rest_route=\/wp\/v2\/types\/post"}],"author":[{"embeddable":true,"href":"https:\/\/gazetaregionalna.com\/index.php?rest_route=\/wp\/v2\/users\/3"}],"replies":[{"embeddable":true,"href":"https:\/\/gazetaregionalna.com\/index.php?rest_route=%2Fwp%2Fv2%2Fcomments&post=4873"}],"version-history":[{"count":1,"href":"https:\/\/gazetaregionalna.com\/index.php?rest_route=\/wp\/v2\/posts\/4873\/revisions"}],"predecessor-version":[{"id":4876,"href":"https:\/\/gazetaregionalna.com\/index.php?rest_route=\/wp\/v2\/posts\/4873\/revisions\/4876"}],"wp:featuredmedia":[{"embeddable":true,"href":"https:\/\/gazetaregionalna.com\/index.php?rest_route=\/wp\/v2\/media\/4875"}],"wp:attachment":[{"href":"https:\/\/gazetaregionalna.com\/index.php?rest_route=%2Fwp%2Fv2%2Fmedia&parent=4873"}],"wp:term":[{"taxonomy":"category","embeddable":true,"href":"https:\/\/gazetaregionalna.com\/index.php?rest_route=%2Fwp%2Fv2%2Fcategories&post=4873"},{"taxonomy":"post_tag","embeddable":true,"href":"https:\/\/gazetaregionalna.com\/index.php?rest_route=%2Fwp%2Fv2%2Ftags&post=4873"}],"curies":[{"name":"wp","href":"https:\/\/api.w.org\/{rel}","templated":true}]}}