{"id":4871,"date":"2019-08-01T07:16:07","date_gmt":"2019-08-01T07:16:07","guid":{"rendered":"https:\/\/gazetaregionalna.com\/?p=4871"},"modified":"2019-08-01T07:16:11","modified_gmt":"2019-08-01T07:16:11","slug":"na-tramwaje-musimy-jeszcze-poczekac","status":"publish","type":"post","link":"https:\/\/gazetaregionalna.com\/?p=4871","title":{"rendered":"Na tramwaje  musimy jeszcze poczeka\u0107"},"content":{"rendered":"\n<p>Od ko\u0144ca czerwca zamiast tramwaj\u00f3w w mie\u015bcie kursuj\u0105 autobusy. Tak b\u0119dzie i w tym miesi\u0105cu. Wszystko w zwi\u0105zku z modernizacj\u0105 linii tramwajowej. <\/p>\n\n\n\n<p>Obecnie prace koncentruj\u0105 si\u0119 na dw\u00f3ch odcinkach \u2013 w alei Pokoju i na wysoko\u015bci zajezdni MPK przy alei Niepodleg\u0142o\u015bci. <\/p>\n\n\n\n<ul class=\"wp-block-gallery columns-3 is-cropped wp-block-gallery-1 is-layout-flex wp-block-gallery-is-layout-flex\"><li class=\"blocks-gallery-item\"><figure><img decoding=\"async\" width=\"900\" height=\"598\" data-src=\"https:\/\/gazetaregionalna.com\/wp-content\/uploads\/2019\/08\/dsc_6638_2.jpg\" alt=\"\" data-id=\"4861\" data-link=\"https:\/\/gazetaregionalna.com\/wystrzelal-srebro\/dsc_6638_2\/\" class=\"wp-image-4861 lazyload\" data-srcset=\"https:\/\/gazetaregionalna.com\/wp-content\/uploads\/2019\/08\/dsc_6638_2.jpg 900w, https:\/\/gazetaregionalna.com\/wp-content\/uploads\/2019\/08\/dsc_6638_2-300x199.jpg 300w, https:\/\/gazetaregionalna.com\/wp-content\/uploads\/2019\/08\/dsc_6638_2-768x510.jpg 768w\" data-sizes=\"(max-width: 900px) 100vw, 900px\" src=\"data:image\/svg+xml;base64,PHN2ZyB3aWR0aD0iMSIgaGVpZ2h0PSIxIiB4bWxucz0iaHR0cDovL3d3dy53My5vcmcvMjAwMC9zdmciPjwvc3ZnPg==\" style=\"--smush-placeholder-width: 900px; --smush-placeholder-aspect-ratio: 900\/598;\" \/><\/figure><\/li><li class=\"blocks-gallery-item\"><figure><img decoding=\"async\" width=\"900\" height=\"598\" data-src=\"https:\/\/gazetaregionalna.com\/wp-content\/uploads\/2019\/08\/dsc_6636_1.jpg\" alt=\"\" data-id=\"4860\" data-link=\"https:\/\/gazetaregionalna.com\/wystrzelal-srebro\/dsc_6636_1\/\" class=\"wp-image-4860 lazyload\" data-srcset=\"https:\/\/gazetaregionalna.com\/wp-content\/uploads\/2019\/08\/dsc_6636_1.jpg 900w, https:\/\/gazetaregionalna.com\/wp-content\/uploads\/2019\/08\/dsc_6636_1-300x199.jpg 300w, https:\/\/gazetaregionalna.com\/wp-content\/uploads\/2019\/08\/dsc_6636_1-768x510.jpg 768w\" data-sizes=\"(max-width: 900px) 100vw, 900px\" src=\"data:image\/svg+xml;base64,PHN2ZyB3aWR0aD0iMSIgaGVpZ2h0PSIxIiB4bWxucz0iaHR0cDovL3d3dy53My5vcmcvMjAwMC9zdmciPjwvc3ZnPg==\" style=\"--smush-placeholder-width: 900px; --smush-placeholder-aspect-ratio: 900\/598;\" \/><\/figure><\/li><li class=\"blocks-gallery-item\"><figure><img decoding=\"async\" width=\"900\" height=\"598\" data-src=\"https:\/\/gazetaregionalna.com\/wp-content\/uploads\/2019\/08\/dsc_6630.jpg\" alt=\"\" data-id=\"4859\" data-link=\"https:\/\/gazetaregionalna.com\/wystrzelal-srebro\/dsc_6630\/\" class=\"wp-image-4859 lazyload\" data-srcset=\"https:\/\/gazetaregionalna.com\/wp-content\/uploads\/2019\/08\/dsc_6630.jpg 900w, https:\/\/gazetaregionalna.com\/wp-content\/uploads\/2019\/08\/dsc_6630-300x199.jpg 300w, https:\/\/gazetaregionalna.com\/wp-content\/uploads\/2019\/08\/dsc_6630-768x510.jpg 768w\" data-sizes=\"(max-width: 900px) 100vw, 900px\" src=\"data:image\/svg+xml;base64,PHN2ZyB3aWR0aD0iMSIgaGVpZ2h0PSIxIiB4bWxucz0iaHR0cDovL3d3dy53My5vcmcvMjAwMC9zdmciPjwvc3ZnPg==\" style=\"--smush-placeholder-width: 900px; --smush-placeholder-aspect-ratio: 900\/598;\" \/><\/figure><\/li><li class=\"blocks-gallery-item\"><figure><img decoding=\"async\" width=\"900\" height=\"598\" data-src=\"https:\/\/gazetaregionalna.com\/wp-content\/uploads\/2019\/08\/dsc_6625_3.jpg\" alt=\"\" data-id=\"4858\" data-link=\"https:\/\/gazetaregionalna.com\/wystrzelal-srebro\/dsc_6625_3\/\" class=\"wp-image-4858 lazyload\" data-srcset=\"https:\/\/gazetaregionalna.com\/wp-content\/uploads\/2019\/08\/dsc_6625_3.jpg 900w, https:\/\/gazetaregionalna.com\/wp-content\/uploads\/2019\/08\/dsc_6625_3-300x199.jpg 300w, https:\/\/gazetaregionalna.com\/wp-content\/uploads\/2019\/08\/dsc_6625_3-768x510.jpg 768w\" data-sizes=\"(max-width: 900px) 100vw, 900px\" src=\"data:image\/svg+xml;base64,PHN2ZyB3aWR0aD0iMSIgaGVpZ2h0PSIxIiB4bWxucz0iaHR0cDovL3d3dy53My5vcmcvMjAwMC9zdmciPjwvc3ZnPg==\" style=\"--smush-placeholder-width: 900px; --smush-placeholder-aspect-ratio: 900\/598;\" \/><\/figure><\/li><li class=\"blocks-gallery-item\"><figure><img decoding=\"async\" width=\"900\" height=\"598\" data-src=\"https:\/\/gazetaregionalna.com\/wp-content\/uploads\/2019\/08\/dsc_6623_1.jpg\" alt=\"\" data-id=\"4857\" data-link=\"https:\/\/gazetaregionalna.com\/wystrzelal-srebro\/dsc_6623_1\/\" class=\"wp-image-4857 lazyload\" data-srcset=\"https:\/\/gazetaregionalna.com\/wp-content\/uploads\/2019\/08\/dsc_6623_1.jpg 900w, https:\/\/gazetaregionalna.com\/wp-content\/uploads\/2019\/08\/dsc_6623_1-300x199.jpg 300w, https:\/\/gazetaregionalna.com\/wp-content\/uploads\/2019\/08\/dsc_6623_1-768x510.jpg 768w\" data-sizes=\"(max-width: 900px) 100vw, 900px\" src=\"data:image\/svg+xml;base64,PHN2ZyB3aWR0aD0iMSIgaGVpZ2h0PSIxIiB4bWxucz0iaHR0cDovL3d3dy53My5vcmcvMjAwMC9zdmciPjwvc3ZnPg==\" style=\"--smush-placeholder-width: 900px; --smush-placeholder-aspect-ratio: 900\/598;\" \/><\/figure><\/li><li class=\"blocks-gallery-item\"><figure><img decoding=\"async\" width=\"900\" height=\"598\" data-src=\"https:\/\/gazetaregionalna.com\/wp-content\/uploads\/2019\/08\/dsc_6619.jpg\" alt=\"\" data-id=\"4856\" data-link=\"https:\/\/gazetaregionalna.com\/wystrzelal-srebro\/dsc_6619\/\" class=\"wp-image-4856 lazyload\" data-srcset=\"https:\/\/gazetaregionalna.com\/wp-content\/uploads\/2019\/08\/dsc_6619.jpg 900w, https:\/\/gazetaregionalna.com\/wp-content\/uploads\/2019\/08\/dsc_6619-300x199.jpg 300w, https:\/\/gazetaregionalna.com\/wp-content\/uploads\/2019\/08\/dsc_6619-768x510.jpg 768w\" data-sizes=\"(max-width: 900px) 100vw, 900px\" src=\"data:image\/svg+xml;base64,PHN2ZyB3aWR0aD0iMSIgaGVpZ2h0PSIxIiB4bWxucz0iaHR0cDovL3d3dy53My5vcmcvMjAwMC9zdmciPjwvc3ZnPg==\" style=\"--smush-placeholder-width: 900px; --smush-placeholder-aspect-ratio: 900\/598;\" \/><\/figure><\/li><li class=\"blocks-gallery-item\"><figure><img decoding=\"async\" width=\"900\" height=\"598\" data-src=\"https:\/\/gazetaregionalna.com\/wp-content\/uploads\/2019\/08\/dsc_6617.jpg\" alt=\"\" data-id=\"4855\" data-link=\"https:\/\/gazetaregionalna.com\/wystrzelal-srebro\/dsc_6617\/\" class=\"wp-image-4855 lazyload\" data-srcset=\"https:\/\/gazetaregionalna.com\/wp-content\/uploads\/2019\/08\/dsc_6617.jpg 900w, https:\/\/gazetaregionalna.com\/wp-content\/uploads\/2019\/08\/dsc_6617-300x199.jpg 300w, https:\/\/gazetaregionalna.com\/wp-content\/uploads\/2019\/08\/dsc_6617-768x510.jpg 768w\" data-sizes=\"(max-width: 900px) 100vw, 900px\" src=\"data:image\/svg+xml;base64,PHN2ZyB3aWR0aD0iMSIgaGVpZ2h0PSIxIiB4bWxucz0iaHR0cDovL3d3dy53My5vcmcvMjAwMC9zdmciPjwvc3ZnPg==\" style=\"--smush-placeholder-width: 900px; --smush-placeholder-aspect-ratio: 900\/598;\" \/><\/figure><\/li><li class=\"blocks-gallery-item\"><figure><img decoding=\"async\" width=\"900\" height=\"598\" data-src=\"https:\/\/gazetaregionalna.com\/wp-content\/uploads\/2019\/08\/dsc_6615_1.jpg\" alt=\"\" data-id=\"4854\" data-link=\"https:\/\/gazetaregionalna.com\/wystrzelal-srebro\/dsc_6615_1\/\" class=\"wp-image-4854 lazyload\" data-srcset=\"https:\/\/gazetaregionalna.com\/wp-content\/uploads\/2019\/08\/dsc_6615_1.jpg 900w, https:\/\/gazetaregionalna.com\/wp-content\/uploads\/2019\/08\/dsc_6615_1-300x199.jpg 300w, https:\/\/gazetaregionalna.com\/wp-content\/uploads\/2019\/08\/dsc_6615_1-768x510.jpg 768w\" data-sizes=\"(max-width: 900px) 100vw, 900px\" src=\"data:image\/svg+xml;base64,PHN2ZyB3aWR0aD0iMSIgaGVpZ2h0PSIxIiB4bWxucz0iaHR0cDovL3d3dy53My5vcmcvMjAwMC9zdmciPjwvc3ZnPg==\" style=\"--smush-placeholder-width: 900px; --smush-placeholder-aspect-ratio: 900\/598;\" \/><\/figure><\/li><li class=\"blocks-gallery-item\"><figure><img decoding=\"async\" width=\"900\" height=\"598\" data-src=\"https:\/\/gazetaregionalna.com\/wp-content\/uploads\/2019\/08\/dsc_6613.jpg\" alt=\"\" data-id=\"4853\" data-link=\"https:\/\/gazetaregionalna.com\/wystrzelal-srebro\/dsc_6613\/\" class=\"wp-image-4853 lazyload\" data-srcset=\"https:\/\/gazetaregionalna.com\/wp-content\/uploads\/2019\/08\/dsc_6613.jpg 900w, https:\/\/gazetaregionalna.com\/wp-content\/uploads\/2019\/08\/dsc_6613-300x199.jpg 300w, https:\/\/gazetaregionalna.com\/wp-content\/uploads\/2019\/08\/dsc_6613-768x510.jpg 768w\" data-sizes=\"(max-width: 900px) 100vw, 900px\" src=\"data:image\/svg+xml;base64,PHN2ZyB3aWR0aD0iMSIgaGVpZ2h0PSIxIiB4bWxucz0iaHR0cDovL3d3dy53My5vcmcvMjAwMC9zdmciPjwvc3ZnPg==\" style=\"--smush-placeholder-width: 900px; --smush-placeholder-aspect-ratio: 900\/598;\" \/><\/figure><\/li><\/ul>\n\n\n\n<p>Inwestycja w transport\npubliczny kosztuje &nbsp;114,5 mln z\u0142 (z\ndofinansowaniem unijnym). Roboty obejmuj\u0105 niemal ca\u0142y fragment (13,8 km)\nstarszej, podstawowej linii mi\u0119dzy p\u0119tl\u0105 w alei Pokoju na Rakowie a p\u0119tl\u0105 przy\nul. Fieldorfa-Nila\/ alei Wyzwolenia na P\u00f3\u0142nocy.<strong><\/strong><\/p>\n\n\n\n<p><strong>&#8211; <\/strong>Podzielone\nna sze\u015b\u0107 odcink\u00f3w prace \u2013 opr\u00f3cz remontu torowiska i trakcji \u2013 obejmuj\u0105 tak\u017ce\nm.in. budow\u0119 lub przebudow\u0119 przystank\u00f3w i peron\u00f3w, przebudow\u0119 sterowania i\nogrzewania zwrotnic oraz smarownic szyn \u2013 informuje rzecznik prasowy MPK i\nMZDiT Maciej Hasik.- Powstanie linia zasilania podstawowego i rezerwowego dla\npodstacji \u201eFieldorfa\u201d i \u201eNiepodleg\u0142o\u015bci\u201d oraz dwie nowe podstacje trakcyjne\nwraz z niezb\u0119dnymi instalacjami wewn\u0119trznymi i technologicznymi.<strong><\/strong><\/p>\n\n\n\n<p>Zakres prac jest olbrzymi. W projekcie przewidziano ponadto centrum sterowania z klimatyzowanymi pomieszczeniami dla brygad utrzymania ruchu, pomieszczeniami biurowymi, szatniami, podr\u0119cznym magazynem dla potrzeb pogotowia sieciowego, toaletami i umywalni\u0105. W ramach prowadzonej modernizacji przebudowane zostan\u0105 p\u0119tle ,,Fieldorfa\u201d oraz ,,Kiedrzy\u0144ska\u201d. Zdalne sterowanie podstacji b\u0119dzie mo\u017cliwe dzi\u0119ki po\u0142o\u017conym w ramach inwestycji \u015bwiat\u0142owodom. Przy okazji modernizacji poddane zostan\u0105 te\u017c sieci: telekomunikacyjna, gazowa, ciep\u0142ownicza oraz kanalizacja.<\/p>\n","protected":false},"excerpt":{"rendered":"<p>Od ko\u0144ca czerwca zamiast tramwaj\u00f3w w mie\u015bcie kursuj\u0105 autobusy. Tak b\u0119dzie i w tym miesi\u0105cu. Wszystko w zwi\u0105zku z modernizacj\u0105 linii tramwajowej. Obecnie prace<\/p>\n","protected":false},"author":3,"featured_media":4855,"comment_status":"open","ping_status":"open","sticky":false,"template":"","format":"standard","meta":{"_monsterinsights_skip_tracking":false,"_monsterinsights_sitenote_active":false,"_monsterinsights_sitenote_note":"","_monsterinsights_sitenote_category":0,"_uf_show_specific_survey":0,"_uf_disable_surveys":false,"footnotes":""},"categories":[3,2],"tags":[],"class_list":["post-4871","post","type-post","status-publish","format-standard","has-post-thumbnail","hentry","category-czestochowa-informacje","category-wiadomosci"],"_links":{"self":[{"href":"https:\/\/gazetaregionalna.com\/index.php?rest_route=\/wp\/v2\/posts\/4871","targetHints":{"allow":["GET"]}}],"collection":[{"href":"https:\/\/gazetaregionalna.com\/index.php?rest_route=\/wp\/v2\/posts"}],"about":[{"href":"https:\/\/gazetaregionalna.com\/index.php?rest_route=\/wp\/v2\/types\/post"}],"author":[{"embeddable":true,"href":"https:\/\/gazetaregionalna.com\/index.php?rest_route=\/wp\/v2\/users\/3"}],"replies":[{"embeddable":true,"href":"https:\/\/gazetaregionalna.com\/index.php?rest_route=%2Fwp%2Fv2%2Fcomments&post=4871"}],"version-history":[{"count":1,"href":"https:\/\/gazetaregionalna.com\/index.php?rest_route=\/wp\/v2\/posts\/4871\/revisions"}],"predecessor-version":[{"id":4872,"href":"https:\/\/gazetaregionalna.com\/index.php?rest_route=\/wp\/v2\/posts\/4871\/revisions\/4872"}],"wp:featuredmedia":[{"embeddable":true,"href":"https:\/\/gazetaregionalna.com\/index.php?rest_route=\/wp\/v2\/media\/4855"}],"wp:attachment":[{"href":"https:\/\/gazetaregionalna.com\/index.php?rest_route=%2Fwp%2Fv2%2Fmedia&parent=4871"}],"wp:term":[{"taxonomy":"category","embeddable":true,"href":"https:\/\/gazetaregionalna.com\/index.php?rest_route=%2Fwp%2Fv2%2Fcategories&post=4871"},{"taxonomy":"post_tag","embeddable":true,"href":"https:\/\/gazetaregionalna.com\/index.php?rest_route=%2Fwp%2Fv2%2Ftags&post=4871"}],"curies":[{"name":"wp","href":"https:\/\/api.w.org\/{rel}","templated":true}]}}