{"id":48435,"date":"2021-07-21T13:37:49","date_gmt":"2021-07-21T13:37:49","guid":{"rendered":"https:\/\/gazetaregionalna.com\/?p=48435"},"modified":"2021-07-21T13:37:50","modified_gmt":"2021-07-21T13:37:50","slug":"skrzyzowania-na-ulicy-jasnogorskiej-i-w-alei-jana-pawla-ii-maja-byc-otwarte-w-tym-samym-czasie-najpozniej-15-sierpnia-zapowiada-czestochowskie-mzd","status":"publish","type":"post","link":"https:\/\/gazetaregionalna.com\/?p=48435","title":{"rendered":"Skrzy\u017cowania na ulicy Jasnog\u00f3rskiej i w alei Jana Paw\u0142a II maj\u0105 by\u0107 otwarte w tym samym czasie, najp\u00f3\u017aniej 15 sierpnia &#8211; zapowiada cz\u0119stochowskie MZD"},"content":{"rendered":"\n<h2 class=\"wp-block-heading\">Skrzy\u017cowania na ulicy Jasnog\u00f3rskiej i w alei Jana Paw\u0142a II maj\u0105 by\u0107 otwarte w tym samym czasie, najp\u00f3\u017aniej 15 sierpnia &#8211; zapowiada cz\u0119stochowskie MZD. To graniczny termin, je\u015bli si\u0119 uda, oba maj\u0105 by\u0107 przejezdne wcze\u015bniej.<\/h2>\n\n\n\n<figure class=\"wp-block-gallery columns-3 is-cropped wp-block-gallery-1 is-layout-flex wp-block-gallery-is-layout-flex\"><ul class=\"blocks-gallery-grid\"><li class=\"blocks-gallery-item\"><figure><a href=\"https:\/\/gazetaregionalna.com\/wp-content\/uploads\/2021\/07\/j1-scaled.jpg\"><img decoding=\"async\" width=\"1024\" height=\"768\" data-src=\"https:\/\/gazetaregionalna.com\/wp-content\/uploads\/2021\/07\/j1-1024x768.jpg\" alt=\"\" data-id=\"48442\" data-full-url=\"https:\/\/gazetaregionalna.com\/wp-content\/uploads\/2021\/07\/j1-scaled.jpg\" data-link=\"https:\/\/gazetaregionalna.com\/?attachment_id=48442\" class=\"wp-image-48442 lazyload\" data-srcset=\"https:\/\/gazetaregionalna.com\/wp-content\/uploads\/2021\/07\/j1-1024x768.jpg 1024w, https:\/\/gazetaregionalna.com\/wp-content\/uploads\/2021\/07\/j1-300x225.jpg 300w, https:\/\/gazetaregionalna.com\/wp-content\/uploads\/2021\/07\/j1-768x576.jpg 768w, https:\/\/gazetaregionalna.com\/wp-content\/uploads\/2021\/07\/j1-1536x1152.jpg 1536w, https:\/\/gazetaregionalna.com\/wp-content\/uploads\/2021\/07\/j1-2048x1536.jpg 2048w, https:\/\/gazetaregionalna.com\/wp-content\/uploads\/2021\/07\/j1-696x522.jpg 696w, https:\/\/gazetaregionalna.com\/wp-content\/uploads\/2021\/07\/j1-1068x801.jpg 1068w, https:\/\/gazetaregionalna.com\/wp-content\/uploads\/2021\/07\/j1-1920x1440.jpg 1920w, https:\/\/gazetaregionalna.com\/wp-content\/uploads\/2021\/07\/j1-560x420.jpg 560w, https:\/\/gazetaregionalna.com\/wp-content\/uploads\/2021\/07\/j1-80x60.jpg 80w, https:\/\/gazetaregionalna.com\/wp-content\/uploads\/2021\/07\/j1-265x198.jpg 265w, https:\/\/gazetaregionalna.com\/wp-content\/uploads\/2021\/07\/j1-scaled.jpg 1200w\" data-sizes=\"(max-width: 1024px) 100vw, 1024px\" src=\"data:image\/svg+xml;base64,PHN2ZyB3aWR0aD0iMSIgaGVpZ2h0PSIxIiB4bWxucz0iaHR0cDovL3d3dy53My5vcmcvMjAwMC9zdmciPjwvc3ZnPg==\" style=\"--smush-placeholder-width: 1024px; --smush-placeholder-aspect-ratio: 1024\/768;\" \/><\/a><\/figure><\/li><li class=\"blocks-gallery-item\"><figure><a href=\"https:\/\/gazetaregionalna.com\/wp-content\/uploads\/2021\/07\/j2-scaled.jpg\"><img decoding=\"async\" width=\"1024\" height=\"768\" data-src=\"https:\/\/gazetaregionalna.com\/wp-content\/uploads\/2021\/07\/j2-1024x768.jpg\" alt=\"\" data-id=\"48443\" data-full-url=\"https:\/\/gazetaregionalna.com\/wp-content\/uploads\/2021\/07\/j2-scaled.jpg\" data-link=\"https:\/\/gazetaregionalna.com\/?attachment_id=48443\" class=\"wp-image-48443 lazyload\" data-srcset=\"https:\/\/gazetaregionalna.com\/wp-content\/uploads\/2021\/07\/j2-1024x768.jpg 1024w, https:\/\/gazetaregionalna.com\/wp-content\/uploads\/2021\/07\/j2-300x225.jpg 300w, https:\/\/gazetaregionalna.com\/wp-content\/uploads\/2021\/07\/j2-768x576.jpg 768w, https:\/\/gazetaregionalna.com\/wp-content\/uploads\/2021\/07\/j2-1536x1152.jpg 1536w, https:\/\/gazetaregionalna.com\/wp-content\/uploads\/2021\/07\/j2-2048x1536.jpg 2048w, https:\/\/gazetaregionalna.com\/wp-content\/uploads\/2021\/07\/j2-696x522.jpg 696w, https:\/\/gazetaregionalna.com\/wp-content\/uploads\/2021\/07\/j2-1068x801.jpg 1068w, https:\/\/gazetaregionalna.com\/wp-content\/uploads\/2021\/07\/j2-1920x1440.jpg 1920w, https:\/\/gazetaregionalna.com\/wp-content\/uploads\/2021\/07\/j2-560x420.jpg 560w, https:\/\/gazetaregionalna.com\/wp-content\/uploads\/2021\/07\/j2-80x60.jpg 80w, https:\/\/gazetaregionalna.com\/wp-content\/uploads\/2021\/07\/j2-265x198.jpg 265w, https:\/\/gazetaregionalna.com\/wp-content\/uploads\/2021\/07\/j2-scaled.jpg 1200w\" data-sizes=\"(max-width: 1024px) 100vw, 1024px\" src=\"data:image\/svg+xml;base64,PHN2ZyB3aWR0aD0iMSIgaGVpZ2h0PSIxIiB4bWxucz0iaHR0cDovL3d3dy53My5vcmcvMjAwMC9zdmciPjwvc3ZnPg==\" style=\"--smush-placeholder-width: 1024px; --smush-placeholder-aspect-ratio: 1024\/768;\" \/><\/a><\/figure><\/li><li class=\"blocks-gallery-item\"><figure><a href=\"https:\/\/gazetaregionalna.com\/wp-content\/uploads\/2021\/07\/j3-scaled.jpg\"><img decoding=\"async\" width=\"1024\" height=\"768\" data-src=\"https:\/\/gazetaregionalna.com\/wp-content\/uploads\/2021\/07\/j3-1024x768.jpg\" alt=\"\" data-id=\"48444\" data-full-url=\"https:\/\/gazetaregionalna.com\/wp-content\/uploads\/2021\/07\/j3-scaled.jpg\" data-link=\"https:\/\/gazetaregionalna.com\/?attachment_id=48444\" class=\"wp-image-48444 lazyload\" data-srcset=\"https:\/\/gazetaregionalna.com\/wp-content\/uploads\/2021\/07\/j3-1024x768.jpg 1024w, https:\/\/gazetaregionalna.com\/wp-content\/uploads\/2021\/07\/j3-300x225.jpg 300w, https:\/\/gazetaregionalna.com\/wp-content\/uploads\/2021\/07\/j3-768x576.jpg 768w, https:\/\/gazetaregionalna.com\/wp-content\/uploads\/2021\/07\/j3-1536x1152.jpg 1536w, https:\/\/gazetaregionalna.com\/wp-content\/uploads\/2021\/07\/j3-2048x1536.jpg 2048w, https:\/\/gazetaregionalna.com\/wp-content\/uploads\/2021\/07\/j3-696x522.jpg 696w, https:\/\/gazetaregionalna.com\/wp-content\/uploads\/2021\/07\/j3-1068x801.jpg 1068w, https:\/\/gazetaregionalna.com\/wp-content\/uploads\/2021\/07\/j3-1920x1440.jpg 1920w, https:\/\/gazetaregionalna.com\/wp-content\/uploads\/2021\/07\/j3-560x420.jpg 560w, https:\/\/gazetaregionalna.com\/wp-content\/uploads\/2021\/07\/j3-80x60.jpg 80w, https:\/\/gazetaregionalna.com\/wp-content\/uploads\/2021\/07\/j3-265x198.jpg 265w, https:\/\/gazetaregionalna.com\/wp-content\/uploads\/2021\/07\/j3-scaled.jpg 1200w\" data-sizes=\"(max-width: 1024px) 100vw, 1024px\" src=\"data:image\/svg+xml;base64,PHN2ZyB3aWR0aD0iMSIgaGVpZ2h0PSIxIiB4bWxucz0iaHR0cDovL3d3dy53My5vcmcvMjAwMC9zdmciPjwvc3ZnPg==\" style=\"--smush-placeholder-width: 1024px; --smush-placeholder-aspect-ratio: 1024\/768;\" \/><\/a><\/figure><\/li><li class=\"blocks-gallery-item\"><figure><a href=\"https:\/\/gazetaregionalna.com\/wp-content\/uploads\/2021\/07\/j4-scaled.jpg\"><img decoding=\"async\" width=\"1024\" height=\"768\" data-src=\"https:\/\/gazetaregionalna.com\/wp-content\/uploads\/2021\/07\/j4-1024x768.jpg\" alt=\"\" data-id=\"48445\" data-full-url=\"https:\/\/gazetaregionalna.com\/wp-content\/uploads\/2021\/07\/j4-scaled.jpg\" data-link=\"https:\/\/gazetaregionalna.com\/?attachment_id=48445\" class=\"wp-image-48445 lazyload\" data-srcset=\"https:\/\/gazetaregionalna.com\/wp-content\/uploads\/2021\/07\/j4-1024x768.jpg 1024w, https:\/\/gazetaregionalna.com\/wp-content\/uploads\/2021\/07\/j4-300x225.jpg 300w, https:\/\/gazetaregionalna.com\/wp-content\/uploads\/2021\/07\/j4-768x576.jpg 768w, https:\/\/gazetaregionalna.com\/wp-content\/uploads\/2021\/07\/j4-1536x1152.jpg 1536w, https:\/\/gazetaregionalna.com\/wp-content\/uploads\/2021\/07\/j4-2048x1536.jpg 2048w, https:\/\/gazetaregionalna.com\/wp-content\/uploads\/2021\/07\/j4-696x522.jpg 696w, https:\/\/gazetaregionalna.com\/wp-content\/uploads\/2021\/07\/j4-1068x801.jpg 1068w, https:\/\/gazetaregionalna.com\/wp-content\/uploads\/2021\/07\/j4-1920x1440.jpg 1920w, https:\/\/gazetaregionalna.com\/wp-content\/uploads\/2021\/07\/j4-560x420.jpg 560w, https:\/\/gazetaregionalna.com\/wp-content\/uploads\/2021\/07\/j4-80x60.jpg 80w, https:\/\/gazetaregionalna.com\/wp-content\/uploads\/2021\/07\/j4-265x198.jpg 265w, https:\/\/gazetaregionalna.com\/wp-content\/uploads\/2021\/07\/j4-scaled.jpg 1200w\" data-sizes=\"(max-width: 1024px) 100vw, 1024px\" src=\"data:image\/svg+xml;base64,PHN2ZyB3aWR0aD0iMSIgaGVpZ2h0PSIxIiB4bWxucz0iaHR0cDovL3d3dy53My5vcmcvMjAwMC9zdmciPjwvc3ZnPg==\" style=\"--smush-placeholder-width: 1024px; --smush-placeholder-aspect-ratio: 1024\/768;\" \/><\/a><\/figure><\/li><li class=\"blocks-gallery-item\"><figure><a href=\"https:\/\/gazetaregionalna.com\/wp-content\/uploads\/2021\/07\/j5-scaled.jpg\"><img decoding=\"async\" width=\"1024\" height=\"768\" data-src=\"https:\/\/gazetaregionalna.com\/wp-content\/uploads\/2021\/07\/j5-1024x768.jpg\" alt=\"\" data-id=\"48446\" data-full-url=\"https:\/\/gazetaregionalna.com\/wp-content\/uploads\/2021\/07\/j5-scaled.jpg\" data-link=\"https:\/\/gazetaregionalna.com\/?attachment_id=48446\" class=\"wp-image-48446 lazyload\" data-srcset=\"https:\/\/gazetaregionalna.com\/wp-content\/uploads\/2021\/07\/j5-1024x768.jpg 1024w, https:\/\/gazetaregionalna.com\/wp-content\/uploads\/2021\/07\/j5-300x225.jpg 300w, https:\/\/gazetaregionalna.com\/wp-content\/uploads\/2021\/07\/j5-768x576.jpg 768w, https:\/\/gazetaregionalna.com\/wp-content\/uploads\/2021\/07\/j5-1536x1152.jpg 1536w, https:\/\/gazetaregionalna.com\/wp-content\/uploads\/2021\/07\/j5-2048x1536.jpg 2048w, https:\/\/gazetaregionalna.com\/wp-content\/uploads\/2021\/07\/j5-696x522.jpg 696w, https:\/\/gazetaregionalna.com\/wp-content\/uploads\/2021\/07\/j5-1068x801.jpg 1068w, https:\/\/gazetaregionalna.com\/wp-content\/uploads\/2021\/07\/j5-1920x1440.jpg 1920w, https:\/\/gazetaregionalna.com\/wp-content\/uploads\/2021\/07\/j5-560x420.jpg 560w, https:\/\/gazetaregionalna.com\/wp-content\/uploads\/2021\/07\/j5-80x60.jpg 80w, https:\/\/gazetaregionalna.com\/wp-content\/uploads\/2021\/07\/j5-265x198.jpg 265w, https:\/\/gazetaregionalna.com\/wp-content\/uploads\/2021\/07\/j5-scaled.jpg 1200w\" data-sizes=\"(max-width: 1024px) 100vw, 1024px\" src=\"data:image\/svg+xml;base64,PHN2ZyB3aWR0aD0iMSIgaGVpZ2h0PSIxIiB4bWxucz0iaHR0cDovL3d3dy53My5vcmcvMjAwMC9zdmciPjwvc3ZnPg==\" style=\"--smush-placeholder-width: 1024px; --smush-placeholder-aspect-ratio: 1024\/768;\" \/><\/a><\/figure><\/li><\/ul><figcaption class=\"blocks-gallery-caption\">(fot. IBS)<\/figcaption><\/figure>\n\n\n\n<p>Wjazd i wyjazd z ulicy Jasnog\u00f3rskiej na skrzy\u017cowaniu z al. Ko\u015bciuszki jest zamkni\u0119ty od pocz\u0105tku marca. Pocz\u0105tkowo MZD mia\u0142o inne plany, ale gdy rozpocz\u0119to remont torowiska na tym skrzy\u017cowaniu okaza\u0142o si\u0119, \u017ce wyje\u017cd\u017caj\u0105ce z tej ulicy samochody dodatkowo korkowa\u0142y i tak ju\u017c mocno utrudniony przez prace na torach i zw\u0119\u017cenie w alei Ko\u015bciuszki ruch samochody. Pisali\u015bmy o tym tutaj:<\/p>\n\n\n\n<figure class=\"wp-block-embed is-type-wp-embed is-provider-gazeta-regionalna wp-block-embed-gazeta-regionalna\"><div class=\"wp-block-embed__wrapper\">\n<div class=\"fitvids-video\"><blockquote class=\"wp-embedded-content\" data-secret=\"JU6dLPHvJO\"><a href=\"https:\/\/gazetaregionalna.com\/uwaga-kierowcy-zamknieto-kolejny-odcinek-ulicy-jasnogorskiej-w-czestochowie-zarzad-drog-tlumaczy-to-koniecznoscia-wprowadzenia-pilnej-korekty-w-organizacji-ruchu-w-miescie\/\">Uwaga kierowcy, zamkni\u0119to kolejny odcinek ulicy Jasnog\u00f3rskiej w Cz\u0119stochowie. Zarz\u0105d Dr\u00f3g t\u0142umaczy to konieczno\u015bci\u0105 wprowadzenia pilnej korekty w organizacji ruchu w mie\u015bcie<\/a><\/blockquote><iframe class=\"wp-embedded-content lazyload\" sandbox=\"allow-scripts\" security=\"restricted\" style=\"position: absolute; clip: rect(1px, 1px, 1px, 1px);\" title=\"&#8222;Uwaga kierowcy, zamkni\u0119to kolejny odcinek ulicy Jasnog\u00f3rskiej w Cz\u0119stochowie. Zarz\u0105d Dr\u00f3g t\u0142umaczy to konieczno\u015bci\u0105 wprowadzenia pilnej korekty w organizacji ruchu w mie\u015bcie&#8221; &#8212; Gazeta Regionalna\" data-src=\"https:\/\/gazetaregionalna.com\/uwaga-kierowcy-zamknieto-kolejny-odcinek-ulicy-jasnogorskiej-w-czestochowie-zarzad-drog-tlumaczy-to-koniecznoscia-wprowadzenia-pilnej-korekty-w-organizacji-ruchu-w-miescie\/embed\/#?secret=nDSQERXasb#?secret=JU6dLPHvJO\" data-secret=\"JU6dLPHvJO\" width=\"600\" height=\"338\" frameborder=\"0\" marginwidth=\"0\" marginheight=\"0\" scrolling=\"no\" src=\"data:image\/svg+xml;base64,PHN2ZyB3aWR0aD0iMSIgaGVpZ2h0PSIxIiB4bWxucz0iaHR0cDovL3d3dy53My5vcmcvMjAwMC9zdmciPjwvc3ZnPg==\" data-load-mode=\"1\"><\/iframe><\/div>\n<\/div><\/figure>\n\n\n\n<p>Kilka tygodni temu, gdy zako\u0144czono uk\u0142adanie tor\u00f3w na tym odcinku, MZD przywr\u00f3ci\u0142o dawny dojazd do Ryneczku Wa\u0142y Dwernickiego ulic\u0105 Jasnog\u00f3rsk\u0105. Przeciwleg\u0142ego fragmentu ulicy jednak do tej pory nie otwarto. Kierowcy musz\u0105 korzysta\u0107 z objazdu alej\u0105 Jana Paw\u0142a II, co z kolei po rozpocz\u0119ciu remontu torowiska na skrzy\u017cowaniu al. Jana Paw\u0142a II z al. Armii Krajowej powoduje dodatkowe korki. <\/p>\n\n\n\n<p>Jak nas poinformowa\u0142 rzecznik prasowy MZD Maciej Hasik, oba skrzy\u017cowania, a wi\u0119c Jasnog\u00f3rska i Jana Paw\u0142a II maj\u0105 by\u0107 przejezdne 15 sierpnia.<\/p>\n\n\n\n<p>&#8211; To ostateczny termin &#8211; informuje Maciej Hasik. &#8211; Oczywi\u015bcie, je\u015bli prace uda si\u0119 zako\u0144czy\u0107 wcze\u015bniej, skrzy\u017cowania zostan\u0105 od razu otwarte.<\/p>\n","protected":false},"excerpt":{"rendered":"<p>Skrzy\u017cowania na ulicy Jasnog\u00f3rskiej i w alei Jana Paw\u0142a II maj\u0105 by\u0107 otwarte w tym samym czasie, najp\u00f3\u017aniej 15 sierpnia &#8211; zapowiada cz\u0119stochowskie MZD.<\/p>\n","protected":false},"author":7,"featured_media":48443,"comment_status":"open","ping_status":"open","sticky":false,"template":"","format":"standard","meta":{"_monsterinsights_skip_tracking":false,"_monsterinsights_sitenote_active":false,"_monsterinsights_sitenote_note":"","_monsterinsights_sitenote_category":0,"_uf_show_specific_survey":0,"_uf_disable_surveys":false,"footnotes":""},"categories":[94,3,2],"tags":[],"class_list":["post-48435","post","type-post","status-publish","format-standard","has-post-thumbnail","hentry","category-polecane","category-czestochowa-informacje","category-wiadomosci"],"_links":{"self":[{"href":"https:\/\/gazetaregionalna.com\/index.php?rest_route=\/wp\/v2\/posts\/48435","targetHints":{"allow":["GET"]}}],"collection":[{"href":"https:\/\/gazetaregionalna.com\/index.php?rest_route=\/wp\/v2\/posts"}],"about":[{"href":"https:\/\/gazetaregionalna.com\/index.php?rest_route=\/wp\/v2\/types\/post"}],"author":[{"embeddable":true,"href":"https:\/\/gazetaregionalna.com\/index.php?rest_route=\/wp\/v2\/users\/7"}],"replies":[{"embeddable":true,"href":"https:\/\/gazetaregionalna.com\/index.php?rest_route=%2Fwp%2Fv2%2Fcomments&post=48435"}],"version-history":[{"count":9,"href":"https:\/\/gazetaregionalna.com\/index.php?rest_route=\/wp\/v2\/posts\/48435\/revisions"}],"predecessor-version":[{"id":48449,"href":"https:\/\/gazetaregionalna.com\/index.php?rest_route=\/wp\/v2\/posts\/48435\/revisions\/48449"}],"wp:featuredmedia":[{"embeddable":true,"href":"https:\/\/gazetaregionalna.com\/index.php?rest_route=\/wp\/v2\/media\/48443"}],"wp:attachment":[{"href":"https:\/\/gazetaregionalna.com\/index.php?rest_route=%2Fwp%2Fv2%2Fmedia&parent=48435"}],"wp:term":[{"taxonomy":"category","embeddable":true,"href":"https:\/\/gazetaregionalna.com\/index.php?rest_route=%2Fwp%2Fv2%2Fcategories&post=48435"},{"taxonomy":"post_tag","embeddable":true,"href":"https:\/\/gazetaregionalna.com\/index.php?rest_route=%2Fwp%2Fv2%2Ftags&post=48435"}],"curies":[{"name":"wp","href":"https:\/\/api.w.org\/{rel}","templated":true}]}}