{"id":4838,"date":"2019-07-31T08:08:57","date_gmt":"2019-07-31T08:08:57","guid":{"rendered":"https:\/\/gazetaregionalna.com\/?p=4838"},"modified":"2019-07-31T08:09:00","modified_gmt":"2019-07-31T08:09:00","slug":"lubliniec-krajowy-trening-sprawnosci-syren-alarmowych","status":"publish","type":"post","link":"https:\/\/gazetaregionalna.com\/?p=4838","title":{"rendered":"Lubliniec. Krajowy trening sprawno\u015bci syren alarmowych"},"content":{"rendered":"\n<p><strong><em>1 sierpnia 2019 roku<\/em>\u00a0<em>(czwartek) o godzinie 17<sup>00\u00a0<\/sup><\/em><\/strong>, <strong>w celu upami\u0119tnienia obchod\u00f3w 75. rocznicy wybuchu Powstania Warszawskiego, zostanie przeprowadzony krajowy trening sprawno\u015bci syren alarmowych wykorzystywanych w systemie ostrzegania i alarmowania ludno\u015bci.<\/strong><\/p>\n\n\n\n<p>W ramach treningu, na terenie powiatu lublinieckiego emitowany b\u0119dzie przez syreny alarmowe sygna\u0142 alarmowy &#8211;&nbsp;<strong><em>d\u017awi\u0119k ci\u0105g\u0142y trwaj\u0105cy trzy minuty<\/em>&nbsp;<\/strong>\u2013 oznaczaj\u0105cy odwo\u0142anie alarmu.<\/p>\n\n\n\n<p>W ramach treningu emitowany b\u0119dzie d\u017awi\u0119k modulowany trwaj\u0105cy trzy minuty oznaczaj\u0105cy og\u0142oszenie alarmu oraz d\u017awi\u0119k ci\u0105g\u0142y trwaj\u0105cy trzy minuty oznaczaj\u0105cy odwo\u0142anie alarmu.<\/p>\n","protected":false},"excerpt":{"rendered":"<p>1 sierpnia 2019 roku\u00a0(czwartek) o godzinie 1700\u00a0, w celu upami\u0119tnienia obchod\u00f3w 75. rocznicy wybuchu Powstania Warszawskiego, zostanie przeprowadzony krajowy trening sprawno\u015bci syren alarmowych wykorzystywanych<\/p>\n","protected":false},"author":3,"featured_media":0,"comment_status":"open","ping_status":"open","sticky":false,"template":"","format":"standard","meta":{"_monsterinsights_skip_tracking":false,"_monsterinsights_sitenote_active":false,"_monsterinsights_sitenote_note":"","_monsterinsights_sitenote_category":0,"_uf_show_specific_survey":0,"_uf_disable_surveys":false,"footnotes":""},"categories":[44,25,2],"tags":[],"class_list":["post-4838","post","type-post","status-publish","format-standard","hentry","category-bezpieczenstwo","category-lubliniec","category-wiadomosci"],"_links":{"self":[{"href":"https:\/\/gazetaregionalna.com\/index.php?rest_route=\/wp\/v2\/posts\/4838","targetHints":{"allow":["GET"]}}],"collection":[{"href":"https:\/\/gazetaregionalna.com\/index.php?rest_route=\/wp\/v2\/posts"}],"about":[{"href":"https:\/\/gazetaregionalna.com\/index.php?rest_route=\/wp\/v2\/types\/post"}],"author":[{"embeddable":true,"href":"https:\/\/gazetaregionalna.com\/index.php?rest_route=\/wp\/v2\/users\/3"}],"replies":[{"embeddable":true,"href":"https:\/\/gazetaregionalna.com\/index.php?rest_route=%2Fwp%2Fv2%2Fcomments&post=4838"}],"version-history":[{"count":1,"href":"https:\/\/gazetaregionalna.com\/index.php?rest_route=\/wp\/v2\/posts\/4838\/revisions"}],"predecessor-version":[{"id":4840,"href":"https:\/\/gazetaregionalna.com\/index.php?rest_route=\/wp\/v2\/posts\/4838\/revisions\/4840"}],"wp:attachment":[{"href":"https:\/\/gazetaregionalna.com\/index.php?rest_route=%2Fwp%2Fv2%2Fmedia&parent=4838"}],"wp:term":[{"taxonomy":"category","embeddable":true,"href":"https:\/\/gazetaregionalna.com\/index.php?rest_route=%2Fwp%2Fv2%2Fcategories&post=4838"},{"taxonomy":"post_tag","embeddable":true,"href":"https:\/\/gazetaregionalna.com\/index.php?rest_route=%2Fwp%2Fv2%2Ftags&post=4838"}],"curies":[{"name":"wp","href":"https:\/\/api.w.org\/{rel}","templated":true}]}}