{"id":48317,"date":"2021-07-21T08:30:22","date_gmt":"2021-07-21T08:30:22","guid":{"rendered":"https:\/\/gazetaregionalna.com\/?p=48317"},"modified":"2021-07-21T08:41:35","modified_gmt":"2021-07-21T08:41:35","slug":"rakow-na-swoje-100-lat-zdobyl-prawie-wszystko-puchar-polski-wicemistrzostwo-polski-i-superpuchar","status":"publish","type":"post","link":"https:\/\/gazetaregionalna.com\/?p=48317","title":{"rendered":"Rak\u00f3w na swoje 100 lat zdoby\u0142 prawie wszystko! Puchar Polski, wicemistrzostwo Polski i Superpuchar!!!"},"content":{"rendered":"\n<p>Niewiele brak\u0142o, a pi\u0142karze Rakowa Cz\u0119stochowa na swoje 100-lecie \u201eustrzeliliby\u201d hat-tricka. Czerwono-niebiescy z\u0142otymi zg\u0142oskami \u201ezaakcentowali\u201d 100-lecie Klubu, bo zdobyli kolejno: Puchar Polski, wicemistrzostwo Polski w PKO BP Ekstraklasie i w miniony weekend Superpuchar Polski, gdzie pokonali mistrza Legi\u0119 Warszawa&#8230;<\/p>\n\n\n\n<p>Rak\u00f3w Cz\u0119stochowa powsta\u0142 w 1921 roku. W 2021 \u015bwi\u0119tuje swoje 100-lecie. I jak na razie jest to najlepszy i wyj\u0105tkowy sezon w historii Rakowa! Zesp\u00f3\u0142 awansowa\u0142 do PKO BP Ekstraklasy w 2019 roku. W sezonie 2019\/20 wywalczy\u0142 spokojne utrzymanie. A w sezonie 2020\/21 Rak\u00f3w zadziwi\u0142 ca\u0142\u0105 pi\u0142karsk\u0105 Polsk\u0119. Dru\u017cyna trenowana przez Marka Papszuna 2 maja 2021 roku wywalczy\u0142a w Lublinie Puchar Polski pokonuj\u0105c w finale Ark\u0119 Gdynia.<\/p>\n\n\n\n<p>Kilka dni p\u00f3\u017aniej cz\u0119stochowscy pi\u0142karze wygrywaj\u0105c z Piastem Gliwice w przedostatniej kolejce PKO BP Ekstraklasy zagwarantowali sobie wicemistrzostwo Polski!<\/p>\n\n\n\n<p>Uwie\u0144czeniem najlepszego sezonu w historii by\u0142o zdobycie Superpucharu Polski! W minion\u0105 sobot\u0119 Rak\u00f3w wygra\u0142 w Warszawie przy ul. \u0141azienkowskiej z mistrzem Polski Legi\u0105 Warszawa i na terenie mistrza m\u00f3g\u0142 cieszy\u0107 si\u0119 z kolejnego sukcesu w 100-letniej historii Klubu&#8230;<\/p>\n\n\n\n<p>Pi\u0142karze Rakowa w rok osi\u0105gn\u0119li wi\u0119cej ni\u017c przez wcze\u015bniejsze 99 lat&#8230; Ale to nie koniec. 22 lipca 2021 roku Rak\u00f3w zadebiutuje w europejskich Pucharach. Dzi\u0119ki wywalczeniu Pucharu Polski czerwono-niebiescy przyst\u0105pili do gry od II rundy eliminacji Pucharu Konferencji. Rak\u00f3w rywalizuje z litewskim FK Suduva Mariampole o awans do III rundy eliminacji, gdzie ju\u017c czeka rosyjski Rubin Kaza\u0144&#8230;<\/p>\n\n\n\n<p>Czy pi\u0142karze Rakowa zaskocz\u0105 wszystkich te\u017c w europejskich pucharach? Kibice Rakowa na pewno b\u0119d\u0105 trzyma\u0107 kciuki za pi\u0142karzy&#8230;<\/p>\n\n\n\n<p><strong>MR-K<\/strong><\/p>\n\n\n\n<p>Foto: Gazeta Regionalna\/AK<\/p>\n\n\n\n<figure class=\"wp-block-image size-large\"><img decoding=\"async\" width=\"1024\" height=\"509\" data-src=\"https:\/\/gazetaregionalna.com\/wp-content\/uploads\/2021\/05\/Rakow-Piast-46-1024x509.jpg\" alt=\"\" class=\"wp-image-41182 lazyload\" data-srcset=\"https:\/\/gazetaregionalna.com\/wp-content\/uploads\/2021\/05\/Rakow-Piast-46-1024x509.jpg 1024w, https:\/\/gazetaregionalna.com\/wp-content\/uploads\/2021\/05\/Rakow-Piast-46-300x149.jpg 300w, https:\/\/gazetaregionalna.com\/wp-content\/uploads\/2021\/05\/Rakow-Piast-46-768x382.jpg 768w, https:\/\/gazetaregionalna.com\/wp-content\/uploads\/2021\/05\/Rakow-Piast-46-1536x764.jpg 1536w, https:\/\/gazetaregionalna.com\/wp-content\/uploads\/2021\/05\/Rakow-Piast-46-2048x1019.jpg 2048w, https:\/\/gazetaregionalna.com\/wp-content\/uploads\/2021\/05\/Rakow-Piast-46-696x346.jpg 696w, https:\/\/gazetaregionalna.com\/wp-content\/uploads\/2021\/05\/Rakow-Piast-46-1068x531.jpg 1068w, https:\/\/gazetaregionalna.com\/wp-content\/uploads\/2021\/05\/Rakow-Piast-46-1920x955.jpg 1920w, https:\/\/gazetaregionalna.com\/wp-content\/uploads\/2021\/05\/Rakow-Piast-46-845x420.jpg 845w, https:\/\/gazetaregionalna.com\/wp-content\/uploads\/2021\/05\/Rakow-Piast-46-324x160.jpg 324w, https:\/\/gazetaregionalna.com\/wp-content\/uploads\/2021\/05\/Rakow-Piast-46-scaled.jpg 1200w\" data-sizes=\"(max-width: 1024px) 100vw, 1024px\" src=\"data:image\/svg+xml;base64,PHN2ZyB3aWR0aD0iMSIgaGVpZ2h0PSIxIiB4bWxucz0iaHR0cDovL3d3dy53My5vcmcvMjAwMC9zdmciPjwvc3ZnPg==\" style=\"--smush-placeholder-width: 1024px; --smush-placeholder-aspect-ratio: 1024\/509;\" \/><\/figure>\n\n\n\n<figure class=\"wp-block-image size-large\"><img decoding=\"async\" width=\"1024\" height=\"575\" data-src=\"https:\/\/gazetaregionalna.com\/wp-content\/uploads\/2021\/05\/Rakow-Piast-40-1024x575.jpg\" alt=\"\" class=\"wp-image-41176 lazyload\" data-srcset=\"https:\/\/gazetaregionalna.com\/wp-content\/uploads\/2021\/05\/Rakow-Piast-40-1024x575.jpg 1024w, https:\/\/gazetaregionalna.com\/wp-content\/uploads\/2021\/05\/Rakow-Piast-40-300x169.jpg 300w, https:\/\/gazetaregionalna.com\/wp-content\/uploads\/2021\/05\/Rakow-Piast-40-768x432.jpg 768w, https:\/\/gazetaregionalna.com\/wp-content\/uploads\/2021\/05\/Rakow-Piast-40-1536x863.jpg 1536w, https:\/\/gazetaregionalna.com\/wp-content\/uploads\/2021\/05\/Rakow-Piast-40-2048x1151.jpg 2048w, https:\/\/gazetaregionalna.com\/wp-content\/uploads\/2021\/05\/Rakow-Piast-40-696x391.jpg 696w, https:\/\/gazetaregionalna.com\/wp-content\/uploads\/2021\/05\/Rakow-Piast-40-1068x600.jpg 1068w, https:\/\/gazetaregionalna.com\/wp-content\/uploads\/2021\/05\/Rakow-Piast-40-1920x1079.jpg 1920w, https:\/\/gazetaregionalna.com\/wp-content\/uploads\/2021\/05\/Rakow-Piast-40-747x420.jpg 747w, https:\/\/gazetaregionalna.com\/wp-content\/uploads\/2021\/05\/Rakow-Piast-40-scaled.jpg 1200w\" data-sizes=\"(max-width: 1024px) 100vw, 1024px\" src=\"data:image\/svg+xml;base64,PHN2ZyB3aWR0aD0iMSIgaGVpZ2h0PSIxIiB4bWxucz0iaHR0cDovL3d3dy53My5vcmcvMjAwMC9zdmciPjwvc3ZnPg==\" style=\"--smush-placeholder-width: 1024px; --smush-placeholder-aspect-ratio: 1024\/575;\" \/><\/figure>\n\n\n\n<figure class=\"wp-block-image size-large\"><img decoding=\"async\" width=\"1024\" height=\"683\" data-src=\"https:\/\/gazetaregionalna.com\/wp-content\/uploads\/2021\/05\/Rakow-Puchar-107-1-1024x683.jpg\" alt=\"\" class=\"wp-image-40278 lazyload\" data-srcset=\"https:\/\/gazetaregionalna.com\/wp-content\/uploads\/2021\/05\/Rakow-Puchar-107-1-1024x683.jpg 1024w, https:\/\/gazetaregionalna.com\/wp-content\/uploads\/2021\/05\/Rakow-Puchar-107-1-300x200.jpg 300w, https:\/\/gazetaregionalna.com\/wp-content\/uploads\/2021\/05\/Rakow-Puchar-107-1-768x512.jpg 768w, https:\/\/gazetaregionalna.com\/wp-content\/uploads\/2021\/05\/Rakow-Puchar-107-1-1536x1024.jpg 1536w, https:\/\/gazetaregionalna.com\/wp-content\/uploads\/2021\/05\/Rakow-Puchar-107-1-2048x1365.jpg 2048w, https:\/\/gazetaregionalna.com\/wp-content\/uploads\/2021\/05\/Rakow-Puchar-107-1-696x464.jpg 696w, https:\/\/gazetaregionalna.com\/wp-content\/uploads\/2021\/05\/Rakow-Puchar-107-1-1068x712.jpg 1068w, https:\/\/gazetaregionalna.com\/wp-content\/uploads\/2021\/05\/Rakow-Puchar-107-1-1920x1280.jpg 1920w, https:\/\/gazetaregionalna.com\/wp-content\/uploads\/2021\/05\/Rakow-Puchar-107-1-630x420.jpg 630w, https:\/\/gazetaregionalna.com\/wp-content\/uploads\/2021\/05\/Rakow-Puchar-107-1-scaled.jpg 1200w\" data-sizes=\"(max-width: 1024px) 100vw, 1024px\" src=\"data:image\/svg+xml;base64,PHN2ZyB3aWR0aD0iMSIgaGVpZ2h0PSIxIiB4bWxucz0iaHR0cDovL3d3dy53My5vcmcvMjAwMC9zdmciPjwvc3ZnPg==\" style=\"--smush-placeholder-width: 1024px; --smush-placeholder-aspect-ratio: 1024\/683;\" \/><\/figure>\n\n\n\n<figure class=\"wp-block-image size-large\"><img decoding=\"async\" width=\"1024\" height=\"683\" data-src=\"https:\/\/gazetaregionalna.com\/wp-content\/uploads\/2021\/05\/Rakow-Puchar-102-1024x683.jpg\" alt=\"\" class=\"wp-image-40281 lazyload\" data-srcset=\"https:\/\/gazetaregionalna.com\/wp-content\/uploads\/2021\/05\/Rakow-Puchar-102-1024x683.jpg 1024w, https:\/\/gazetaregionalna.com\/wp-content\/uploads\/2021\/05\/Rakow-Puchar-102-300x200.jpg 300w, https:\/\/gazetaregionalna.com\/wp-content\/uploads\/2021\/05\/Rakow-Puchar-102-768x512.jpg 768w, https:\/\/gazetaregionalna.com\/wp-content\/uploads\/2021\/05\/Rakow-Puchar-102-1536x1024.jpg 1536w, https:\/\/gazetaregionalna.com\/wp-content\/uploads\/2021\/05\/Rakow-Puchar-102-2048x1365.jpg 2048w, https:\/\/gazetaregionalna.com\/wp-content\/uploads\/2021\/05\/Rakow-Puchar-102-696x464.jpg 696w, https:\/\/gazetaregionalna.com\/wp-content\/uploads\/2021\/05\/Rakow-Puchar-102-1068x712.jpg 1068w, https:\/\/gazetaregionalna.com\/wp-content\/uploads\/2021\/05\/Rakow-Puchar-102-1920x1280.jpg 1920w, https:\/\/gazetaregionalna.com\/wp-content\/uploads\/2021\/05\/Rakow-Puchar-102-630x420.jpg 630w, https:\/\/gazetaregionalna.com\/wp-content\/uploads\/2021\/05\/Rakow-Puchar-102-scaled.jpg 1200w\" data-sizes=\"(max-width: 1024px) 100vw, 1024px\" src=\"data:image\/svg+xml;base64,PHN2ZyB3aWR0aD0iMSIgaGVpZ2h0PSIxIiB4bWxucz0iaHR0cDovL3d3dy53My5vcmcvMjAwMC9zdmciPjwvc3ZnPg==\" style=\"--smush-placeholder-width: 1024px; --smush-placeholder-aspect-ratio: 1024\/683;\" \/><\/figure>\n\n\n\n<figure class=\"wp-block-image size-large\"><img decoding=\"async\" width=\"1024\" height=\"683\" data-src=\"https:\/\/gazetaregionalna.com\/wp-content\/uploads\/2021\/05\/Rakow-Puchar-104-1024x683.jpg\" alt=\"\" class=\"wp-image-40283 lazyload\" data-srcset=\"https:\/\/gazetaregionalna.com\/wp-content\/uploads\/2021\/05\/Rakow-Puchar-104-1024x683.jpg 1024w, https:\/\/gazetaregionalna.com\/wp-content\/uploads\/2021\/05\/Rakow-Puchar-104-300x200.jpg 300w, https:\/\/gazetaregionalna.com\/wp-content\/uploads\/2021\/05\/Rakow-Puchar-104-768x512.jpg 768w, https:\/\/gazetaregionalna.com\/wp-content\/uploads\/2021\/05\/Rakow-Puchar-104-1536x1024.jpg 1536w, https:\/\/gazetaregionalna.com\/wp-content\/uploads\/2021\/05\/Rakow-Puchar-104-2048x1365.jpg 2048w, https:\/\/gazetaregionalna.com\/wp-content\/uploads\/2021\/05\/Rakow-Puchar-104-696x464.jpg 696w, https:\/\/gazetaregionalna.com\/wp-content\/uploads\/2021\/05\/Rakow-Puchar-104-1068x712.jpg 1068w, https:\/\/gazetaregionalna.com\/wp-content\/uploads\/2021\/05\/Rakow-Puchar-104-1920x1280.jpg 1920w, https:\/\/gazetaregionalna.com\/wp-content\/uploads\/2021\/05\/Rakow-Puchar-104-630x420.jpg 630w, https:\/\/gazetaregionalna.com\/wp-content\/uploads\/2021\/05\/Rakow-Puchar-104-scaled.jpg 1200w\" data-sizes=\"(max-width: 1024px) 100vw, 1024px\" src=\"data:image\/svg+xml;base64,PHN2ZyB3aWR0aD0iMSIgaGVpZ2h0PSIxIiB4bWxucz0iaHR0cDovL3d3dy53My5vcmcvMjAwMC9zdmciPjwvc3ZnPg==\" style=\"--smush-placeholder-width: 1024px; --smush-placeholder-aspect-ratio: 1024\/683;\" \/><\/figure>\n","protected":false},"excerpt":{"rendered":"<p>Niewiele brak\u0142o, a pi\u0142karze Rakowa Cz\u0119stochowa na swoje 100-lecie \u201eustrzeliliby\u201d hat-tricka. Czerwono-niebiescy z\u0142otymi zg\u0142oskami \u201ezaakcentowali\u201d 100-lecie Klubu, bo zdobyli kolejno: Puchar Polski, wicemistrzostwo Polski<\/p>\n","protected":false},"author":15,"featured_media":41182,"comment_status":"open","ping_status":"open","sticky":false,"template":"","format":"standard","meta":{"_monsterinsights_skip_tracking":false,"_monsterinsights_sitenote_active":false,"_monsterinsights_sitenote_note":"","_monsterinsights_sitenote_category":0,"_uf_show_specific_survey":0,"_uf_disable_surveys":false,"footnotes":""},"categories":[94,6,5],"tags":[],"class_list":["post-48317","post","type-post","status-publish","format-standard","has-post-thumbnail","hentry","category-polecane","category-pilka-nozna","category-sport"],"_links":{"self":[{"href":"https:\/\/gazetaregionalna.com\/index.php?rest_route=\/wp\/v2\/posts\/48317","targetHints":{"allow":["GET"]}}],"collection":[{"href":"https:\/\/gazetaregionalna.com\/index.php?rest_route=\/wp\/v2\/posts"}],"about":[{"href":"https:\/\/gazetaregionalna.com\/index.php?rest_route=\/wp\/v2\/types\/post"}],"author":[{"embeddable":true,"href":"https:\/\/gazetaregionalna.com\/index.php?rest_route=\/wp\/v2\/users\/15"}],"replies":[{"embeddable":true,"href":"https:\/\/gazetaregionalna.com\/index.php?rest_route=%2Fwp%2Fv2%2Fcomments&post=48317"}],"version-history":[{"count":2,"href":"https:\/\/gazetaregionalna.com\/index.php?rest_route=\/wp\/v2\/posts\/48317\/revisions"}],"predecessor-version":[{"id":48327,"href":"https:\/\/gazetaregionalna.com\/index.php?rest_route=\/wp\/v2\/posts\/48317\/revisions\/48327"}],"wp:featuredmedia":[{"embeddable":true,"href":"https:\/\/gazetaregionalna.com\/index.php?rest_route=\/wp\/v2\/media\/41182"}],"wp:attachment":[{"href":"https:\/\/gazetaregionalna.com\/index.php?rest_route=%2Fwp%2Fv2%2Fmedia&parent=48317"}],"wp:term":[{"taxonomy":"category","embeddable":true,"href":"https:\/\/gazetaregionalna.com\/index.php?rest_route=%2Fwp%2Fv2%2Fcategories&post=48317"},{"taxonomy":"post_tag","embeddable":true,"href":"https:\/\/gazetaregionalna.com\/index.php?rest_route=%2Fwp%2Fv2%2Ftags&post=48317"}],"curies":[{"name":"wp","href":"https:\/\/api.w.org\/{rel}","templated":true}]}}