{"id":48252,"date":"2021-07-21T06:17:47","date_gmt":"2021-07-21T06:17:47","guid":{"rendered":"https:\/\/gazetaregionalna.com\/?p=48252"},"modified":"2021-07-21T11:40:59","modified_gmt":"2021-07-21T11:40:59","slug":"zabytkowy-klinkier-wraca-na-ulice-glogera","status":"publish","type":"post","link":"https:\/\/gazetaregionalna.com\/?p=48252","title":{"rendered":"Zabytkowy klinkier wraca na ulic\u0119 Glogera"},"content":{"rendered":"\n<h2 class=\"wp-block-heading\">Zabytkowy klinkier wraca na ulic\u0119 Glogera. Trwaj\u0105 prace przy uk\u0142adaniu nowej-starej nawierzchni.<\/h2>\n\n\n\n<figure class=\"wp-block-gallery columns-3 is-cropped wp-block-gallery-1 is-layout-flex wp-block-gallery-is-layout-flex\"><ul class=\"blocks-gallery-grid\"><li class=\"blocks-gallery-item\"><figure><a href=\"https:\/\/gazetaregionalna.com\/wp-content\/uploads\/2021\/07\/g1-1-scaled.jpg\"><img decoding=\"async\" width=\"1024\" height=\"768\" data-src=\"https:\/\/gazetaregionalna.com\/wp-content\/uploads\/2021\/07\/g1-1-1024x768.jpg\" alt=\"\" data-id=\"48257\" data-full-url=\"https:\/\/gazetaregionalna.com\/wp-content\/uploads\/2021\/07\/g1-1-scaled.jpg\" data-link=\"https:\/\/gazetaregionalna.com\/?attachment_id=48257\" class=\"wp-image-48257 lazyload\" data-srcset=\"https:\/\/gazetaregionalna.com\/wp-content\/uploads\/2021\/07\/g1-1-1024x768.jpg 1024w, https:\/\/gazetaregionalna.com\/wp-content\/uploads\/2021\/07\/g1-1-300x225.jpg 300w, https:\/\/gazetaregionalna.com\/wp-content\/uploads\/2021\/07\/g1-1-768x576.jpg 768w, https:\/\/gazetaregionalna.com\/wp-content\/uploads\/2021\/07\/g1-1-1536x1152.jpg 1536w, https:\/\/gazetaregionalna.com\/wp-content\/uploads\/2021\/07\/g1-1-2048x1536.jpg 2048w, https:\/\/gazetaregionalna.com\/wp-content\/uploads\/2021\/07\/g1-1-696x522.jpg 696w, https:\/\/gazetaregionalna.com\/wp-content\/uploads\/2021\/07\/g1-1-1068x801.jpg 1068w, https:\/\/gazetaregionalna.com\/wp-content\/uploads\/2021\/07\/g1-1-1920x1440.jpg 1920w, https:\/\/gazetaregionalna.com\/wp-content\/uploads\/2021\/07\/g1-1-560x420.jpg 560w, https:\/\/gazetaregionalna.com\/wp-content\/uploads\/2021\/07\/g1-1-80x60.jpg 80w, https:\/\/gazetaregionalna.com\/wp-content\/uploads\/2021\/07\/g1-1-265x198.jpg 265w, https:\/\/gazetaregionalna.com\/wp-content\/uploads\/2021\/07\/g1-1-scaled.jpg 1200w\" data-sizes=\"(max-width: 1024px) 100vw, 1024px\" src=\"data:image\/svg+xml;base64,PHN2ZyB3aWR0aD0iMSIgaGVpZ2h0PSIxIiB4bWxucz0iaHR0cDovL3d3dy53My5vcmcvMjAwMC9zdmciPjwvc3ZnPg==\" style=\"--smush-placeholder-width: 1024px; --smush-placeholder-aspect-ratio: 1024\/768;\" \/><\/a><\/figure><\/li><li class=\"blocks-gallery-item\"><figure><a href=\"https:\/\/gazetaregionalna.com\/wp-content\/uploads\/2021\/07\/g3-1-scaled.jpg\"><img decoding=\"async\" width=\"1024\" height=\"768\" data-src=\"https:\/\/gazetaregionalna.com\/wp-content\/uploads\/2021\/07\/g3-1-1024x768.jpg\" alt=\"\" data-id=\"48258\" data-full-url=\"https:\/\/gazetaregionalna.com\/wp-content\/uploads\/2021\/07\/g3-1-scaled.jpg\" data-link=\"https:\/\/gazetaregionalna.com\/?attachment_id=48258\" class=\"wp-image-48258 lazyload\" data-srcset=\"https:\/\/gazetaregionalna.com\/wp-content\/uploads\/2021\/07\/g3-1-1024x768.jpg 1024w, https:\/\/gazetaregionalna.com\/wp-content\/uploads\/2021\/07\/g3-1-300x225.jpg 300w, https:\/\/gazetaregionalna.com\/wp-content\/uploads\/2021\/07\/g3-1-768x576.jpg 768w, https:\/\/gazetaregionalna.com\/wp-content\/uploads\/2021\/07\/g3-1-1536x1152.jpg 1536w, https:\/\/gazetaregionalna.com\/wp-content\/uploads\/2021\/07\/g3-1-2048x1536.jpg 2048w, https:\/\/gazetaregionalna.com\/wp-content\/uploads\/2021\/07\/g3-1-696x522.jpg 696w, https:\/\/gazetaregionalna.com\/wp-content\/uploads\/2021\/07\/g3-1-1068x801.jpg 1068w, https:\/\/gazetaregionalna.com\/wp-content\/uploads\/2021\/07\/g3-1-1920x1440.jpg 1920w, https:\/\/gazetaregionalna.com\/wp-content\/uploads\/2021\/07\/g3-1-560x420.jpg 560w, https:\/\/gazetaregionalna.com\/wp-content\/uploads\/2021\/07\/g3-1-80x60.jpg 80w, https:\/\/gazetaregionalna.com\/wp-content\/uploads\/2021\/07\/g3-1-265x198.jpg 265w, https:\/\/gazetaregionalna.com\/wp-content\/uploads\/2021\/07\/g3-1-scaled.jpg 1200w\" data-sizes=\"(max-width: 1024px) 100vw, 1024px\" src=\"data:image\/svg+xml;base64,PHN2ZyB3aWR0aD0iMSIgaGVpZ2h0PSIxIiB4bWxucz0iaHR0cDovL3d3dy53My5vcmcvMjAwMC9zdmciPjwvc3ZnPg==\" style=\"--smush-placeholder-width: 1024px; --smush-placeholder-aspect-ratio: 1024\/768;\" \/><\/a><\/figure><\/li><li class=\"blocks-gallery-item\"><figure><a href=\"https:\/\/gazetaregionalna.com\/wp-content\/uploads\/2021\/07\/g4-1-scaled.jpg\"><img decoding=\"async\" width=\"1024\" height=\"768\" data-src=\"https:\/\/gazetaregionalna.com\/wp-content\/uploads\/2021\/07\/g4-1-1024x768.jpg\" alt=\"\" data-id=\"48259\" data-full-url=\"https:\/\/gazetaregionalna.com\/wp-content\/uploads\/2021\/07\/g4-1-scaled.jpg\" data-link=\"https:\/\/gazetaregionalna.com\/?attachment_id=48259\" class=\"wp-image-48259 lazyload\" data-srcset=\"https:\/\/gazetaregionalna.com\/wp-content\/uploads\/2021\/07\/g4-1-1024x768.jpg 1024w, https:\/\/gazetaregionalna.com\/wp-content\/uploads\/2021\/07\/g4-1-300x225.jpg 300w, https:\/\/gazetaregionalna.com\/wp-content\/uploads\/2021\/07\/g4-1-768x576.jpg 768w, https:\/\/gazetaregionalna.com\/wp-content\/uploads\/2021\/07\/g4-1-1536x1152.jpg 1536w, https:\/\/gazetaregionalna.com\/wp-content\/uploads\/2021\/07\/g4-1-2048x1536.jpg 2048w, https:\/\/gazetaregionalna.com\/wp-content\/uploads\/2021\/07\/g4-1-696x522.jpg 696w, https:\/\/gazetaregionalna.com\/wp-content\/uploads\/2021\/07\/g4-1-1068x801.jpg 1068w, https:\/\/gazetaregionalna.com\/wp-content\/uploads\/2021\/07\/g4-1-1920x1440.jpg 1920w, https:\/\/gazetaregionalna.com\/wp-content\/uploads\/2021\/07\/g4-1-560x420.jpg 560w, https:\/\/gazetaregionalna.com\/wp-content\/uploads\/2021\/07\/g4-1-80x60.jpg 80w, https:\/\/gazetaregionalna.com\/wp-content\/uploads\/2021\/07\/g4-1-265x198.jpg 265w, https:\/\/gazetaregionalna.com\/wp-content\/uploads\/2021\/07\/g4-1-scaled.jpg 1200w\" data-sizes=\"(max-width: 1024px) 100vw, 1024px\" src=\"data:image\/svg+xml;base64,PHN2ZyB3aWR0aD0iMSIgaGVpZ2h0PSIxIiB4bWxucz0iaHR0cDovL3d3dy53My5vcmcvMjAwMC9zdmciPjwvc3ZnPg==\" style=\"--smush-placeholder-width: 1024px; --smush-placeholder-aspect-ratio: 1024\/768;\" \/><\/a><\/figure><\/li><li class=\"blocks-gallery-item\"><figure><a href=\"https:\/\/gazetaregionalna.com\/wp-content\/uploads\/2021\/07\/g6-1-scaled.jpg\"><img decoding=\"async\" width=\"1024\" height=\"768\" data-src=\"https:\/\/gazetaregionalna.com\/wp-content\/uploads\/2021\/07\/g6-1-1024x768.jpg\" alt=\"\" data-id=\"48260\" data-full-url=\"https:\/\/gazetaregionalna.com\/wp-content\/uploads\/2021\/07\/g6-1-scaled.jpg\" data-link=\"https:\/\/gazetaregionalna.com\/?attachment_id=48260\" class=\"wp-image-48260 lazyload\" data-srcset=\"https:\/\/gazetaregionalna.com\/wp-content\/uploads\/2021\/07\/g6-1-1024x768.jpg 1024w, https:\/\/gazetaregionalna.com\/wp-content\/uploads\/2021\/07\/g6-1-300x225.jpg 300w, https:\/\/gazetaregionalna.com\/wp-content\/uploads\/2021\/07\/g6-1-768x576.jpg 768w, https:\/\/gazetaregionalna.com\/wp-content\/uploads\/2021\/07\/g6-1-1536x1152.jpg 1536w, https:\/\/gazetaregionalna.com\/wp-content\/uploads\/2021\/07\/g6-1-2048x1536.jpg 2048w, https:\/\/gazetaregionalna.com\/wp-content\/uploads\/2021\/07\/g6-1-696x522.jpg 696w, https:\/\/gazetaregionalna.com\/wp-content\/uploads\/2021\/07\/g6-1-1068x801.jpg 1068w, https:\/\/gazetaregionalna.com\/wp-content\/uploads\/2021\/07\/g6-1-1920x1440.jpg 1920w, https:\/\/gazetaregionalna.com\/wp-content\/uploads\/2021\/07\/g6-1-560x420.jpg 560w, https:\/\/gazetaregionalna.com\/wp-content\/uploads\/2021\/07\/g6-1-80x60.jpg 80w, https:\/\/gazetaregionalna.com\/wp-content\/uploads\/2021\/07\/g6-1-265x198.jpg 265w, https:\/\/gazetaregionalna.com\/wp-content\/uploads\/2021\/07\/g6-1-scaled.jpg 1200w\" data-sizes=\"(max-width: 1024px) 100vw, 1024px\" src=\"data:image\/svg+xml;base64,PHN2ZyB3aWR0aD0iMSIgaGVpZ2h0PSIxIiB4bWxucz0iaHR0cDovL3d3dy53My5vcmcvMjAwMC9zdmciPjwvc3ZnPg==\" style=\"--smush-placeholder-width: 1024px; --smush-placeholder-aspect-ratio: 1024\/768;\" \/><\/a><\/figure><\/li><li class=\"blocks-gallery-item\"><figure><a href=\"https:\/\/gazetaregionalna.com\/wp-content\/uploads\/2021\/07\/g7-scaled.jpg\"><img decoding=\"async\" width=\"1024\" height=\"768\" data-src=\"https:\/\/gazetaregionalna.com\/wp-content\/uploads\/2021\/07\/g7-1024x768.jpg\" alt=\"\" data-id=\"48261\" data-full-url=\"https:\/\/gazetaregionalna.com\/wp-content\/uploads\/2021\/07\/g7-scaled.jpg\" data-link=\"https:\/\/gazetaregionalna.com\/?attachment_id=48261\" class=\"wp-image-48261 lazyload\" data-srcset=\"https:\/\/gazetaregionalna.com\/wp-content\/uploads\/2021\/07\/g7-1024x768.jpg 1024w, https:\/\/gazetaregionalna.com\/wp-content\/uploads\/2021\/07\/g7-300x225.jpg 300w, https:\/\/gazetaregionalna.com\/wp-content\/uploads\/2021\/07\/g7-768x576.jpg 768w, https:\/\/gazetaregionalna.com\/wp-content\/uploads\/2021\/07\/g7-1536x1152.jpg 1536w, https:\/\/gazetaregionalna.com\/wp-content\/uploads\/2021\/07\/g7-2048x1536.jpg 2048w, https:\/\/gazetaregionalna.com\/wp-content\/uploads\/2021\/07\/g7-696x522.jpg 696w, https:\/\/gazetaregionalna.com\/wp-content\/uploads\/2021\/07\/g7-1068x801.jpg 1068w, https:\/\/gazetaregionalna.com\/wp-content\/uploads\/2021\/07\/g7-1920x1440.jpg 1920w, https:\/\/gazetaregionalna.com\/wp-content\/uploads\/2021\/07\/g7-560x420.jpg 560w, https:\/\/gazetaregionalna.com\/wp-content\/uploads\/2021\/07\/g7-80x60.jpg 80w, https:\/\/gazetaregionalna.com\/wp-content\/uploads\/2021\/07\/g7-265x198.jpg 265w, https:\/\/gazetaregionalna.com\/wp-content\/uploads\/2021\/07\/g7-scaled.jpg 1200w\" data-sizes=\"(max-width: 1024px) 100vw, 1024px\" src=\"data:image\/svg+xml;base64,PHN2ZyB3aWR0aD0iMSIgaGVpZ2h0PSIxIiB4bWxucz0iaHR0cDovL3d3dy53My5vcmcvMjAwMC9zdmciPjwvc3ZnPg==\" style=\"--smush-placeholder-width: 1024px; --smush-placeholder-aspect-ratio: 1024\/768;\" \/><\/a><\/figure><\/li><li class=\"blocks-gallery-item\"><figure><a href=\"https:\/\/gazetaregionalna.com\/wp-content\/uploads\/2021\/07\/g9-scaled.jpg\"><img decoding=\"async\" width=\"1024\" height=\"768\" data-src=\"https:\/\/gazetaregionalna.com\/wp-content\/uploads\/2021\/07\/g9-1024x768.jpg\" alt=\"\" data-id=\"48263\" data-full-url=\"https:\/\/gazetaregionalna.com\/wp-content\/uploads\/2021\/07\/g9-scaled.jpg\" data-link=\"https:\/\/gazetaregionalna.com\/?attachment_id=48263\" class=\"wp-image-48263 lazyload\" data-srcset=\"https:\/\/gazetaregionalna.com\/wp-content\/uploads\/2021\/07\/g9-1024x768.jpg 1024w, https:\/\/gazetaregionalna.com\/wp-content\/uploads\/2021\/07\/g9-300x225.jpg 300w, https:\/\/gazetaregionalna.com\/wp-content\/uploads\/2021\/07\/g9-768x576.jpg 768w, https:\/\/gazetaregionalna.com\/wp-content\/uploads\/2021\/07\/g9-1536x1152.jpg 1536w, https:\/\/gazetaregionalna.com\/wp-content\/uploads\/2021\/07\/g9-2048x1536.jpg 2048w, https:\/\/gazetaregionalna.com\/wp-content\/uploads\/2021\/07\/g9-696x522.jpg 696w, https:\/\/gazetaregionalna.com\/wp-content\/uploads\/2021\/07\/g9-1068x801.jpg 1068w, https:\/\/gazetaregionalna.com\/wp-content\/uploads\/2021\/07\/g9-1920x1440.jpg 1920w, https:\/\/gazetaregionalna.com\/wp-content\/uploads\/2021\/07\/g9-560x420.jpg 560w, https:\/\/gazetaregionalna.com\/wp-content\/uploads\/2021\/07\/g9-80x60.jpg 80w, https:\/\/gazetaregionalna.com\/wp-content\/uploads\/2021\/07\/g9-265x198.jpg 265w, https:\/\/gazetaregionalna.com\/wp-content\/uploads\/2021\/07\/g9-scaled.jpg 1200w\" data-sizes=\"(max-width: 1024px) 100vw, 1024px\" src=\"data:image\/svg+xml;base64,PHN2ZyB3aWR0aD0iMSIgaGVpZ2h0PSIxIiB4bWxucz0iaHR0cDovL3d3dy53My5vcmcvMjAwMC9zdmciPjwvc3ZnPg==\" style=\"--smush-placeholder-width: 1024px; --smush-placeholder-aspect-ratio: 1024\/768;\" \/><\/a><\/figure><\/li><\/ul><figcaption class=\"blocks-gallery-caption\">(fot. IBS)<\/figcaption><\/figure>\n\n\n\n<p>Remont tej cz\u0119stochowskiej ulicy rozpocz\u0105\u0142 si\u0119 w po\u0142owie maja. Modernizacja ulicy mia\u0142a nast\u0105pi\u0107 w ramach drogowych zada\u0144 finansowanych z Bud\u017cetu Obywatelskiego. Kiedy ekipy remontowe przyst\u0105pi\u0142y do pracy i zdj\u0119\u0142y zabytkow\u0105, klinkierow\u0105 nawierzchni\u0119, okaza\u0142o si\u0119, \u017ce plany przewiduj\u0105 po\u0142o\u017cenie na tej drodze asfaltu. Okoliczni mieszka\u0144cy wyst\u0105pili do miasta z petycj\u0105 w obronie zabytkowego klinkieru. Pisali\u015bmy o tym tutaj:<\/p>\n\n\n\n<figure class=\"wp-block-embed is-type-wp-embed is-provider-gazeta-regionalna wp-block-embed-gazeta-regionalna\"><div class=\"wp-block-embed__wrapper\">\n<div class=\"fitvids-video\"><blockquote class=\"wp-embedded-content\" data-secret=\"1i9KOypscC\"><a href=\"https:\/\/gazetaregionalna.com\/czestochowianie-bronia-nawierzchni-klinkierowej-na-ulicy-glogera-mzd-wstrzymalo-prace-przy-remoncie-drogi\/\">Cz\u0119stochowianie broni\u0105 nawierzchni klinkierowej na ulicy Glogera. MZD wstrzyma\u0142o prace przy remoncie drogi<\/a><\/blockquote><iframe class=\"wp-embedded-content lazyload\" sandbox=\"allow-scripts\" security=\"restricted\" style=\"position: absolute; clip: rect(1px, 1px, 1px, 1px);\" title=\"&#8222;Cz\u0119stochowianie broni\u0105 nawierzchni klinkierowej na ulicy Glogera. MZD wstrzyma\u0142o prace przy remoncie drogi&#8221; &#8212; Gazeta Regionalna\" data-src=\"https:\/\/gazetaregionalna.com\/czestochowianie-bronia-nawierzchni-klinkierowej-na-ulicy-glogera-mzd-wstrzymalo-prace-przy-remoncie-drogi\/embed\/#?secret=lKPMDvaI9l#?secret=1i9KOypscC\" data-secret=\"1i9KOypscC\" width=\"600\" height=\"338\" frameborder=\"0\" marginwidth=\"0\" marginheight=\"0\" scrolling=\"no\" src=\"data:image\/svg+xml;base64,PHN2ZyB3aWR0aD0iMSIgaGVpZ2h0PSIxIiB4bWxucz0iaHR0cDovL3d3dy53My5vcmcvMjAwMC9zdmciPjwvc3ZnPg==\" data-load-mode=\"1\"><\/iframe><\/div>\n<\/div><\/figure>\n\n\n\n<p>Po protestach mieszka\u0144c\u00f3w Miejski Zarz\u0105d Dr\u00f3g dokona\u0142 zmian w projekcie i zabytkowa nawierzchnia po oczyszczeniu i odnowieniu wraca na swoje miejsce.<\/p>\n","protected":false},"excerpt":{"rendered":"<p>Zabytkowy klinkier wraca na ulic\u0119 Glogera. Trwaj\u0105 prace przy uk\u0142adaniu nowej-starej nawierzchni. Remont tej cz\u0119stochowskiej ulicy rozpocz\u0105\u0142 si\u0119 w po\u0142owie maja. Modernizacja ulicy mia\u0142a<\/p>\n","protected":false},"author":7,"featured_media":48261,"comment_status":"open","ping_status":"open","sticky":false,"template":"","format":"standard","meta":{"_monsterinsights_skip_tracking":false,"_monsterinsights_sitenote_active":false,"_monsterinsights_sitenote_note":"","_monsterinsights_sitenote_category":0,"_uf_show_specific_survey":0,"_uf_disable_surveys":false,"footnotes":""},"categories":[94,3,2],"tags":[],"class_list":["post-48252","post","type-post","status-publish","format-standard","has-post-thumbnail","hentry","category-polecane","category-czestochowa-informacje","category-wiadomosci"],"_links":{"self":[{"href":"https:\/\/gazetaregionalna.com\/index.php?rest_route=\/wp\/v2\/posts\/48252","targetHints":{"allow":["GET"]}}],"collection":[{"href":"https:\/\/gazetaregionalna.com\/index.php?rest_route=\/wp\/v2\/posts"}],"about":[{"href":"https:\/\/gazetaregionalna.com\/index.php?rest_route=\/wp\/v2\/types\/post"}],"author":[{"embeddable":true,"href":"https:\/\/gazetaregionalna.com\/index.php?rest_route=\/wp\/v2\/users\/7"}],"replies":[{"embeddable":true,"href":"https:\/\/gazetaregionalna.com\/index.php?rest_route=%2Fwp%2Fv2%2Fcomments&post=48252"}],"version-history":[{"count":7,"href":"https:\/\/gazetaregionalna.com\/index.php?rest_route=\/wp\/v2\/posts\/48252\/revisions"}],"predecessor-version":[{"id":48410,"href":"https:\/\/gazetaregionalna.com\/index.php?rest_route=\/wp\/v2\/posts\/48252\/revisions\/48410"}],"wp:featuredmedia":[{"embeddable":true,"href":"https:\/\/gazetaregionalna.com\/index.php?rest_route=\/wp\/v2\/media\/48261"}],"wp:attachment":[{"href":"https:\/\/gazetaregionalna.com\/index.php?rest_route=%2Fwp%2Fv2%2Fmedia&parent=48252"}],"wp:term":[{"taxonomy":"category","embeddable":true,"href":"https:\/\/gazetaregionalna.com\/index.php?rest_route=%2Fwp%2Fv2%2Fcategories&post=48252"},{"taxonomy":"post_tag","embeddable":true,"href":"https:\/\/gazetaregionalna.com\/index.php?rest_route=%2Fwp%2Fv2%2Ftags&post=48252"}],"curies":[{"name":"wp","href":"https:\/\/api.w.org\/{rel}","templated":true}]}}