{"id":48162,"date":"2021-07-19T15:56:04","date_gmt":"2021-07-19T15:56:04","guid":{"rendered":"https:\/\/gazetaregionalna.com\/?p=48162"},"modified":"2021-07-19T15:56:06","modified_gmt":"2021-07-19T15:56:06","slug":"podczas-zakupow-mozna-zaszczepic-sie-przeciw-covid-19","status":"publish","type":"post","link":"https:\/\/gazetaregionalna.com\/?p=48162","title":{"rendered":"Galeria Jurajska. Podczas zakup\u00f3w mo\u017cna zaszczepi\u0107 si\u0119  przeciw COVID-19"},"content":{"rendered":"\n<h2 class=\"wp-block-heading\"><strong>W Galerii Jurajskiej powsta\u0142 punkt szczepie\u0144 przeciw COVID-19<\/strong>. Dziennie b\u0119dzie mog\u0142o zaszczepi\u0107 si\u0119 tu nawet 500 os\u00f3b.<\/h2>\n\n\n\n<p>W czasie letnich wyprzeda\u017cy b\u0119dzie mo\u017cna nie tylko zapolowa\u0107 na okazje, ale r\u00f3wnie\u017c \u2026 zaszczepi\u0107 si\u0119 przeciwko COVID-19. W Galerii Jurajskiej powsta\u0142 w\u0142a\u015bnie punkt szczepie\u0144. To pierwsze w tej cz\u0119\u015bci woj. \u015bl\u0105skiego centrum handlowe, w kt\u00f3rym otwarto takie miejsce.\u00a0 Na szczepienie mo\u017ce zg\u0142osi\u0107 si\u0119 tutaj ka\u017cdy, tak\u017ce turysta.\u00a0Dziennie punkt b\u0119dzie m\u00f3g\u0142 zaszczepi\u0107 nawet p\u00f3\u0142 tysi\u0105ca ch\u0119tnych!<\/p>\n\n\n\n<p>W samej tylko Cz\u0119stochowie w pe\u0142ni zaszczepione jest 46 proc. mieszka\u0144c\u00f3w, co daje jej 37. miejsce w rankingu szczepie\u0144 we wszystkich powiatach woj. \u015bl\u0105skiego. \u00a0Pom\u00f3c w tym, by statystyki te posz\u0142y w g\u00f3r\u0119, ma otwarty w\u0142a\u015bnie w Galerii Jurajskiej punkt szczepie\u0144.<\/p>\n\n\n\n<p> &#8211; Punkt szczepie\u0144 powsta\u0142 w jednym z lokali na 2. pi\u0119trze. Licz\u0105c\u0105 sobie ponad 110 m kw. przestrze\u0144 specjalnie w tym celu zaadaptowali\u015bmy tak, aby zapewni\u0107 prywatno\u015b\u0107 i komfort osobom, kt\u00f3re zdecyduj\u0105 si\u0119 na zastrzyk \u2013 zaznacza Violetta Dziubin-\u0141uszczyk, dyrektor marketingu Galerii Jurajskiej. \u00a0<\/p>\n\n\n\n<p>Wyb\u00f3r lokalu nie by\u0142 przypadkowy. &#8211; Ten znajduje si\u0119 nie tylko w\u015br\u00f3d sklep\u00f3w, ale tak\u017ce w bezpo\u015brednim s\u0105siedztwie windy, schod\u00f3w i wyj\u015bcia na parking, co znacz\u0105co u\u0142atwia dotarcie do niego, zw\u0142aszcza osobom starszym. Dodatkowo s\u0105siaduje ze stref\u0105 akwarystyczn\u0105, co z pewno\u015bci\u0105 uatrakcyjni oczekiwanie, ale i pozwoli uspokoi\u0107 nerwy, zw\u0142aszcza osobom, kt\u00f3re stresuje szczepienie \u2013 dodaje Dziubin-\u0141uszczyk. \u00a0<\/p>\n\n\n\n<p>Warto doda\u0107, \u017ce w nowym punkcie ca\u0142a procedura zwi\u0105zana ze szczepieniem jest uproszczona. Nie trzeba si\u0119 wcze\u015bniej umawia\u0107 ani rejestrowa\u0107. Decyzja mo\u017ce by\u0107 spontaniczna. Zainteresowani szczepieniem musz\u0105 mie\u0107 przy sobie tylko dokument to\u017csamo\u015bci i na miejscu wype\u0142ni\u0107 stosowny, obowi\u0105zkowy formularz kwalifikacyjny. \u00a0 Zaszczepi\u0107 si\u0119 tu b\u0119d\u0105 mog\u0142y si\u0119 zar\u00f3wno osoby pe\u0142noletnie, jak r\u00f3wnie\u017c te powy\u017cej 12 roku \u017cycia. Jednak w przypadku m\u0142odzie\u017cy pomi\u0119dzy 12 a 16 r. konieczne b\u0119dzie natomiast wcze\u015bniejsze um\u00f3wienie wizyty. <\/p>\n\n\n\n<p>Co wa\u017cne, w Galerii Jurajskiej istnieje tak\u017ce mo\u017cliwo\u015b\u0107 przyj\u0119cia drugiej dawki szczepionki. Jakie szczepionki oferuje punkt? Na miejscu b\u0119dzie mo\u017cna skorzysta\u0107 ze szczepionek jednodawkowych firmy Johnson&amp;Johnson oraz tych dwudawkowych &#8211; AstraZeneca, Moderna i <\/p>\n\n\n\n<p>Pfizer. Za szczepienia w Galerii Jurajskiej odpowiedzialne jest Gremedig, kt\u00f3ry w Cz\u0119stochowie prowadzi ju\u017c jeden punkt przy ul. Ch\u0142opickiego 16. Nowy punkt dzia\u0142a\u0107 b\u0119dzie do odwo\u0142ania w godzinach pracy galerii. <\/p>\n\n\n\n<p>&#8211; Mamy nadziej\u0119, \u017ce t\u0105 decyzj\u0105 nie tylko u\u0142atwimy tysi\u0105com mieszka\u0144c\u00f3w regionu dost\u0119p do szczepie\u0144, ale tak\u017ce przekonamy jeszcze nie przekonanych, do tego, aby po\u015bwi\u0119ci\u0107 par\u0119 chwil i zaszczepi\u0107 si\u0119 \u2013 m\u00f3wi \u0141ukasz Ignacyk, prezes zarz\u0105du Gremedig. &#8211;\u00a0O tym, \u017ce warto to zrobi\u0107 m\u00f3wi\u0105 dzi\u015b zgodnie autorytety medyczne w Polsce i na \u015bwiecie. Lekarze jasno podkre\u015blaj\u0105, \u017ce szczepienia chroni\u0105 nie tylko przed zachorowaniem, ale tak\u017ce przed ci\u0119\u017ckim przebiegiem COVID-19. Co wi\u0119cej, szczepi\u0105c si\u0119, chronimy tak\u017ce naszych bliskich, a zw\u0142aszcza osoby z os\u0142abion\u0105 odporno\u015bci\u0105 \u2013 dodaje. \u00a0 <\/p>\n\n\n\n<p>Wyb\u00f3r centrum handlowego na nowy punkt szczepie\u0144 nie by\u0142 przypadkowy. Galeri\u0119 Jurajsk\u0105 ka\u017cdego dnia odwiedza kilkana\u015bcie tysi\u0119cy os\u00f3b, nie tylko z Cz\u0119stochowy, ale tak\u017ce z o\u015bciennych powiat\u00f3w z woj. \u015bl\u0105skiego, \u0142\u00f3dzkiego, a nawet \u015bwi\u0119tokrzyskiego i opolskiego.\u00a0Obiekt ch\u0119tnie odwiedzany jest tak\u017ce przez turyst\u00f3w jad\u0105cych z p\u00f3\u0142nocy Polski na po\u0142udnie kraju, a tak\u017ce przez pielgrzym\u00f3w odwiedzaj\u0105cych m.in. Jasn\u0105 G\u00f3r\u0119. Centrum ma tak\u017ce 2200 bezp\u0142atnych miejsc parkingowych oraz parking autokarowy, co umo\u017cliwia przyjazd na szczepienie wi\u0119kszych grup.\u00a0<\/p>\n\n\n\n<p><strong>ZS<\/strong><\/p>\n","protected":false},"excerpt":{"rendered":"<p>W Galerii Jurajskiej powsta\u0142 punkt szczepie\u0144 przeciw COVID-19. Dziennie b\u0119dzie mog\u0142o zaszczepi\u0107 si\u0119 tu nawet 500 os\u00f3b. W czasie letnich wyprzeda\u017cy b\u0119dzie mo\u017cna nie<\/p>\n","protected":false},"author":18,"featured_media":48165,"comment_status":"open","ping_status":"open","sticky":false,"template":"","format":"standard","meta":{"_monsterinsights_skip_tracking":false,"_monsterinsights_sitenote_active":false,"_monsterinsights_sitenote_note":"","_monsterinsights_sitenote_category":0,"_uf_show_specific_survey":0,"_uf_disable_surveys":false,"footnotes":""},"categories":[94,3,2,37],"tags":[805,151,2346],"class_list":["post-48162","post","type-post","status-publish","format-standard","has-post-thumbnail","hentry","category-polecane","category-czestochowa-informacje","category-wiadomosci","category-zdrowie","tag-covid-19","tag-galeria-jurajska","tag-szczepionki"],"_links":{"self":[{"href":"https:\/\/gazetaregionalna.com\/index.php?rest_route=\/wp\/v2\/posts\/48162","targetHints":{"allow":["GET"]}}],"collection":[{"href":"https:\/\/gazetaregionalna.com\/index.php?rest_route=\/wp\/v2\/posts"}],"about":[{"href":"https:\/\/gazetaregionalna.com\/index.php?rest_route=\/wp\/v2\/types\/post"}],"author":[{"embeddable":true,"href":"https:\/\/gazetaregionalna.com\/index.php?rest_route=\/wp\/v2\/users\/18"}],"replies":[{"embeddable":true,"href":"https:\/\/gazetaregionalna.com\/index.php?rest_route=%2Fwp%2Fv2%2Fcomments&post=48162"}],"version-history":[{"count":2,"href":"https:\/\/gazetaregionalna.com\/index.php?rest_route=\/wp\/v2\/posts\/48162\/revisions"}],"predecessor-version":[{"id":48164,"href":"https:\/\/gazetaregionalna.com\/index.php?rest_route=\/wp\/v2\/posts\/48162\/revisions\/48164"}],"wp:featuredmedia":[{"embeddable":true,"href":"https:\/\/gazetaregionalna.com\/index.php?rest_route=\/wp\/v2\/media\/48165"}],"wp:attachment":[{"href":"https:\/\/gazetaregionalna.com\/index.php?rest_route=%2Fwp%2Fv2%2Fmedia&parent=48162"}],"wp:term":[{"taxonomy":"category","embeddable":true,"href":"https:\/\/gazetaregionalna.com\/index.php?rest_route=%2Fwp%2Fv2%2Fcategories&post=48162"},{"taxonomy":"post_tag","embeddable":true,"href":"https:\/\/gazetaregionalna.com\/index.php?rest_route=%2Fwp%2Fv2%2Ftags&post=48162"}],"curies":[{"name":"wp","href":"https:\/\/api.w.org\/{rel}","templated":true}]}}