{"id":48075,"date":"2021-07-18T19:44:27","date_gmt":"2021-07-18T19:44:27","guid":{"rendered":"https:\/\/gazetaregionalna.com\/?p=48075"},"modified":"2021-07-18T19:44:28","modified_gmt":"2021-07-18T19:44:28","slug":"lindgren-na-podium-w-niedzielnym-grand-prix-czech-w-pradze","status":"publish","type":"post","link":"https:\/\/gazetaregionalna.com\/?p=48075","title":{"rendered":"Lindgren na podium w niedzielnym Grand Prix Czech w Pradze"},"content":{"rendered":"\n<p>W niedziel\u0119 w Pradze odby\u0142a si\u0119 II runda Gran Prix na \u017cu\u017clu. \u017bu\u017clowiec Eltrox W\u0142\u00f3kniarz Cz\u0119stochowa Fredrik Lindgren zaj\u0105\u0142 wysokie 3. miejsce.<\/p>\n\n\n\n<p>II runda Grand Prix Czech mia\u0142a odby\u0107 si\u0119 w sobot\u0119, ale ze wzgl\u0119du na z\u0142\u0105 pogod\u0119 zosta\u0142a przeniesiona na niedziel\u0119. Tym razem wygra\u0142 Artiom \u0141aguta, kt\u00f3ry wyprzedzi\u0142 w finale Macieja Janowskiego i Fredrika Lindgrena. Czwarty w finale do mety dojecha\u0142 Emil Sajfutdinow.<\/p>\n\n\n\n<p>10. miejsce w GP Czech zaj\u0105\u0142 Leon Madsen, kt\u00f3ry w rundzie zasadniczej zdoby\u0142 7 punkt\u00f3w (2,t,3,1,1), ale nie starczy\u0142o to nawet, aby za\u0142apa\u0107 si\u0119 na kt\u00f3ry\u015b z dw\u00f3ch p\u00f3\u0142fina\u0142\u00f3w.<\/p>\n\n\n\n<p>Przypomnijmy, \u017ce podczas pi\u0105tkowej I rundy GP Czech wygra\u0142 Maciej Janowski. Lindgren by\u0142 4., a Madsen zosta\u0142 sklasyfikowany na 7. pozycji.<\/p>\n\n\n\n<p>Foto: Gazeta Regionalna\/AK<\/p>\n\n\n\n<figure class=\"wp-block-image size-large\"><img decoding=\"async\" width=\"1024\" height=\"683\" data-src=\"https:\/\/gazetaregionalna.com\/wp-content\/uploads\/2021\/07\/CKM-Stal-2-1024x683.jpg\" alt=\"\" class=\"wp-image-46459 lazyload\" data-srcset=\"https:\/\/gazetaregionalna.com\/wp-content\/uploads\/2021\/07\/CKM-Stal-2-1024x683.jpg 1024w, https:\/\/gazetaregionalna.com\/wp-content\/uploads\/2021\/07\/CKM-Stal-2-300x200.jpg 300w, https:\/\/gazetaregionalna.com\/wp-content\/uploads\/2021\/07\/CKM-Stal-2-768x512.jpg 768w, https:\/\/gazetaregionalna.com\/wp-content\/uploads\/2021\/07\/CKM-Stal-2-1536x1024.jpg 1536w, https:\/\/gazetaregionalna.com\/wp-content\/uploads\/2021\/07\/CKM-Stal-2-2048x1365.jpg 2048w, https:\/\/gazetaregionalna.com\/wp-content\/uploads\/2021\/07\/CKM-Stal-2-696x464.jpg 696w, https:\/\/gazetaregionalna.com\/wp-content\/uploads\/2021\/07\/CKM-Stal-2-1068x712.jpg 1068w, https:\/\/gazetaregionalna.com\/wp-content\/uploads\/2021\/07\/CKM-Stal-2-1920x1280.jpg 1920w, https:\/\/gazetaregionalna.com\/wp-content\/uploads\/2021\/07\/CKM-Stal-2-630x420.jpg 630w, https:\/\/gazetaregionalna.com\/wp-content\/uploads\/2021\/07\/CKM-Stal-2-scaled.jpg 1200w\" data-sizes=\"(max-width: 1024px) 100vw, 1024px\" src=\"data:image\/svg+xml;base64,PHN2ZyB3aWR0aD0iMSIgaGVpZ2h0PSIxIiB4bWxucz0iaHR0cDovL3d3dy53My5vcmcvMjAwMC9zdmciPjwvc3ZnPg==\" style=\"--smush-placeholder-width: 1024px; --smush-placeholder-aspect-ratio: 1024\/683;\" \/><\/figure>\n","protected":false},"excerpt":{"rendered":"<p>W niedziel\u0119 w Pradze odby\u0142a si\u0119 II runda Gran Prix na \u017cu\u017clu. \u017bu\u017clowiec Eltrox W\u0142\u00f3kniarz Cz\u0119stochowa Fredrik Lindgren zaj\u0105\u0142 wysokie 3. miejsce. II runda<\/p>\n","protected":false},"author":15,"featured_media":46451,"comment_status":"open","ping_status":"open","sticky":false,"template":"","format":"standard","meta":{"_monsterinsights_skip_tracking":false,"_monsterinsights_sitenote_active":false,"_monsterinsights_sitenote_note":"","_monsterinsights_sitenote_category":0,"_uf_show_specific_survey":0,"_uf_disable_surveys":false,"footnotes":""},"categories":[5,7],"tags":[],"class_list":["post-48075","post","type-post","status-publish","format-standard","has-post-thumbnail","hentry","category-sport","category-zuzel"],"_links":{"self":[{"href":"https:\/\/gazetaregionalna.com\/index.php?rest_route=\/wp\/v2\/posts\/48075","targetHints":{"allow":["GET"]}}],"collection":[{"href":"https:\/\/gazetaregionalna.com\/index.php?rest_route=\/wp\/v2\/posts"}],"about":[{"href":"https:\/\/gazetaregionalna.com\/index.php?rest_route=\/wp\/v2\/types\/post"}],"author":[{"embeddable":true,"href":"https:\/\/gazetaregionalna.com\/index.php?rest_route=\/wp\/v2\/users\/15"}],"replies":[{"embeddable":true,"href":"https:\/\/gazetaregionalna.com\/index.php?rest_route=%2Fwp%2Fv2%2Fcomments&post=48075"}],"version-history":[{"count":1,"href":"https:\/\/gazetaregionalna.com\/index.php?rest_route=\/wp\/v2\/posts\/48075\/revisions"}],"predecessor-version":[{"id":48076,"href":"https:\/\/gazetaregionalna.com\/index.php?rest_route=\/wp\/v2\/posts\/48075\/revisions\/48076"}],"wp:featuredmedia":[{"embeddable":true,"href":"https:\/\/gazetaregionalna.com\/index.php?rest_route=\/wp\/v2\/media\/46451"}],"wp:attachment":[{"href":"https:\/\/gazetaregionalna.com\/index.php?rest_route=%2Fwp%2Fv2%2Fmedia&parent=48075"}],"wp:term":[{"taxonomy":"category","embeddable":true,"href":"https:\/\/gazetaregionalna.com\/index.php?rest_route=%2Fwp%2Fv2%2Fcategories&post=48075"},{"taxonomy":"post_tag","embeddable":true,"href":"https:\/\/gazetaregionalna.com\/index.php?rest_route=%2Fwp%2Fv2%2Ftags&post=48075"}],"curies":[{"name":"wp","href":"https:\/\/api.w.org\/{rel}","templated":true}]}}