{"id":47976,"date":"2021-07-17T09:31:57","date_gmt":"2021-07-17T09:31:57","guid":{"rendered":"https:\/\/gazetaregionalna.com\/?p=47976"},"modified":"2021-07-17T09:31:58","modified_gmt":"2021-07-17T09:31:58","slug":"mobilny-punkt-szczepien-w-olsztynie","status":"publish","type":"post","link":"https:\/\/gazetaregionalna.com\/?p=47976","title":{"rendered":"Mobilny punkt szczepie\u0144 w Olsztynie"},"content":{"rendered":"\n<h2 class=\"wp-block-heading\">Mobilny punkt szczepie\u0144 w Olsztynie. Stanie dzisiaj na olszty\u0144skim rynku.<\/h2>\n\n\n\n<figure class=\"wp-block-image size-large\"><img decoding=\"async\" width=\"1024\" height=\"576\" data-src=\"https:\/\/gazetaregionalna.com\/wp-content\/uploads\/2021\/07\/szcze-1024x576.jpg\" alt=\"\" class=\"wp-image-47978 lazyload\" data-srcset=\"https:\/\/gazetaregionalna.com\/wp-content\/uploads\/2021\/07\/szcze-1024x576.jpg 1024w, https:\/\/gazetaregionalna.com\/wp-content\/uploads\/2021\/07\/szcze-300x169.jpg 300w, https:\/\/gazetaregionalna.com\/wp-content\/uploads\/2021\/07\/szcze-768x432.jpg 768w, https:\/\/gazetaregionalna.com\/wp-content\/uploads\/2021\/07\/szcze-696x392.jpg 696w, https:\/\/gazetaregionalna.com\/wp-content\/uploads\/2021\/07\/szcze-1068x601.jpg 1068w, https:\/\/gazetaregionalna.com\/wp-content\/uploads\/2021\/07\/szcze-747x420.jpg 747w, https:\/\/gazetaregionalna.com\/wp-content\/uploads\/2021\/07\/szcze.jpg 1200w\" data-sizes=\"(max-width: 1024px) 100vw, 1024px\" src=\"data:image\/svg+xml;base64,PHN2ZyB3aWR0aD0iMSIgaGVpZ2h0PSIxIiB4bWxucz0iaHR0cDovL3d3dy53My5vcmcvMjAwMC9zdmciPjwvc3ZnPg==\" style=\"--smush-placeholder-width: 1024px; --smush-placeholder-aspect-ratio: 1024\/576;\" \/><\/figure>\n\n\n\n<p>Korzystaj\u0105c z du\u017cej liczby odwiedzaj\u0105cych w ten weekend podcz\u0119stochowskim Olsztyn, na Rynku w Olsztynie uruchomiony zostanie dzi\u015b w samo po\u0142udnie  mobilny punkt szczepie\u0144.<\/p>\n\n\n\n<p>B\u0119dzie si\u0119 mo\u017cna w nim zaszczepi\u0107 przeciw Covid-19. Szczepienia b\u0119d\u0105 wykonywane bBez wcze\u015bniejszej rejestracji od godz. 12 do 20.<\/p>\n\n\n\n<p> Wystarczy przyj\u015b\u0107 i okaza\u0107 dow\u00f3d osobisty. Na pacjent\u00f3w b\u0119dzie czeka\u0107 jednodawkowa szczepionka Johnson &amp; Johnson oraz dwudawkowa Pfizer.<\/p>\n","protected":false},"excerpt":{"rendered":"<p>Mobilny punkt szczepie\u0144 w Olsztynie. Stanie dzisiaj na olszty\u0144skim rynku. Korzystaj\u0105c z du\u017cej liczby odwiedzaj\u0105cych w ten weekend podcz\u0119stochowskim Olsztyn, na Rynku w Olsztynie<\/p>\n","protected":false},"author":7,"featured_media":31417,"comment_status":"open","ping_status":"open","sticky":false,"template":"","format":"standard","meta":{"_monsterinsights_skip_tracking":false,"_monsterinsights_sitenote_active":false,"_monsterinsights_sitenote_note":"","_monsterinsights_sitenote_category":0,"_uf_show_specific_survey":0,"_uf_disable_surveys":false,"footnotes":""},"categories":[94,4,2],"tags":[],"class_list":["post-47976","post","type-post","status-publish","format-standard","has-post-thumbnail","hentry","category-polecane","category-region","category-wiadomosci"],"_links":{"self":[{"href":"https:\/\/gazetaregionalna.com\/index.php?rest_route=\/wp\/v2\/posts\/47976","targetHints":{"allow":["GET"]}}],"collection":[{"href":"https:\/\/gazetaregionalna.com\/index.php?rest_route=\/wp\/v2\/posts"}],"about":[{"href":"https:\/\/gazetaregionalna.com\/index.php?rest_route=\/wp\/v2\/types\/post"}],"author":[{"embeddable":true,"href":"https:\/\/gazetaregionalna.com\/index.php?rest_route=\/wp\/v2\/users\/7"}],"replies":[{"embeddable":true,"href":"https:\/\/gazetaregionalna.com\/index.php?rest_route=%2Fwp%2Fv2%2Fcomments&post=47976"}],"version-history":[{"count":2,"href":"https:\/\/gazetaregionalna.com\/index.php?rest_route=\/wp\/v2\/posts\/47976\/revisions"}],"predecessor-version":[{"id":47979,"href":"https:\/\/gazetaregionalna.com\/index.php?rest_route=\/wp\/v2\/posts\/47976\/revisions\/47979"}],"wp:featuredmedia":[{"embeddable":true,"href":"https:\/\/gazetaregionalna.com\/index.php?rest_route=\/wp\/v2\/media\/31417"}],"wp:attachment":[{"href":"https:\/\/gazetaregionalna.com\/index.php?rest_route=%2Fwp%2Fv2%2Fmedia&parent=47976"}],"wp:term":[{"taxonomy":"category","embeddable":true,"href":"https:\/\/gazetaregionalna.com\/index.php?rest_route=%2Fwp%2Fv2%2Fcategories&post=47976"},{"taxonomy":"post_tag","embeddable":true,"href":"https:\/\/gazetaregionalna.com\/index.php?rest_route=%2Fwp%2Fv2%2Ftags&post=47976"}],"curies":[{"name":"wp","href":"https:\/\/api.w.org\/{rel}","templated":true}]}}