{"id":47972,"date":"2021-07-17T09:16:59","date_gmt":"2021-07-17T09:16:59","guid":{"rendered":"https:\/\/gazetaregionalna.com\/?p=47972"},"modified":"2021-07-17T09:17:00","modified_gmt":"2021-07-17T09:17:00","slug":"ustap-pierwszenstwa-dla-kazdego-jest-miejsce-na-drodze-przypomina-drogowka","status":"publish","type":"post","link":"https:\/\/gazetaregionalna.com\/?p=47972","title":{"rendered":"Ust\u0105p pierwsze\u0144stwa! Dla ka\u017cdego jest miejsce na drodze \u2013 przypomina drog\u00f3wka"},"content":{"rendered":"\n<h2 class=\"wp-block-heading\">Ust\u0105p pierwsze\u0144stwa! Dla ka\u017cdego jest miejsce na drodze \u2013 przypomina drog\u00f3wka. Przez ca\u0142y weekend na ekranach stoj\u0105cych przy drogach w ca\u0142ej Polsce wy\u015bwietlany jest specjalny spot przygotowany w ramach policyjnej akcji informacyjno-edukacyjnej\u00a0 pod has\u0142em: \u201eDla ka\u017cdego jest miejsce na drodze\u201d.<\/h2>\n\n\n\n<p>Przez ten weekend policjanci z ruchu drogowego przypominaj\u0105, \u017ce niezgodne z prawem s\u0105 zachowania zagra\u017caj\u0105ce nie tylko kieruj\u0105cym i ich pasa\u017cerom, ale r\u00f3wnie\u017c pozosta\u0142ym uczestnikom ruchu drogowego. Do niebezpiecznych sytuacji, kt\u00f3re nierzadko ko\u0144cz\u0105 si\u0119 tragedi\u0105 dochodzi na skrzy\u017cowaniach, gdy wbrew przepisom i znakom kierowcy nie ust\u0119puj\u0105 pierwsze\u0144stwa.<\/p>\n\n\n\n<p>Policja przypomina, \u017ce zgodnie z obowi\u0105zuj\u0105cymi przepisami kierowca, zbli\u017caj\u0105c si\u0119 do skrzy\u017cowania, powinien przestrzega\u0107 obowi\u0105zuj\u0105cych przepis\u00f3w ruchu drogowego, w tym zachowa\u0107 szczeg\u00f3ln\u0105 ostro\u017cno\u015b\u0107. W ramach tego obowi\u0105zku nale\u017cy m.in.: zwi\u0119kszy\u0107 uwag\u0119, obserwowa\u0107 drog\u0119 i jej otoczenie, jak r\u00f3wnie\u017c zachowania innych uczestnik\u00f3w ruchu drogowego, dostosowa\u0107 pr\u0119dko\u015b\u0107 jazdy do warunk\u00f3w i sytuacji zmieniaj\u0105cych si\u0119 na drodze, w stopniu umo\u017cliwiaj\u0105cym odpowiednio szybkie reagowanie.<\/p>\n\n\n\n<p>Kolejny raz firma Screen Network S.A. w\u0142\u0105cza si\u0119 w promowanie bezpiecze\u0144stwa w ruchu drogowym. r., Przez ca\u0142y weekend na swoich ekranach, znajduj\u0105cych si\u0119 na terenie kraju, emituje spot przypominaj\u0105cy kieruj\u0105cym o ust\u0119powaniu pierwsze\u0144stwa przejazdu.<\/p>\n\n\n\n<p><strong>Dla ka\u017cdego jest miejsce na drodze!<\/strong><\/p>\n\n\n\n<p><strong>My\u015bl i \u017cyj!<\/strong><\/p>\n\n\n\n<figure class=\"wp-block-video\"><video controls src=\"https:\/\/gazetaregionalna.com\/wp-content\/uploads\/2021\/07\/1-367641.mp4\"><\/video><\/figure>\n","protected":false},"excerpt":{"rendered":"<p>Ust\u0105p pierwsze\u0144stwa! Dla ka\u017cdego jest miejsce na drodze \u2013 przypomina drog\u00f3wka. Przez ca\u0142y weekend na ekranach stoj\u0105cych przy drogach w ca\u0142ej Polsce wy\u015bwietlany jest<\/p>\n","protected":false},"author":7,"featured_media":40503,"comment_status":"open","ping_status":"open","sticky":false,"template":"","format":"standard","meta":{"_monsterinsights_skip_tracking":false,"_monsterinsights_sitenote_active":false,"_monsterinsights_sitenote_note":"","_monsterinsights_sitenote_category":0,"_uf_show_specific_survey":0,"_uf_disable_surveys":false,"footnotes":""},"categories":[2],"tags":[],"class_list":["post-47972","post","type-post","status-publish","format-standard","has-post-thumbnail","hentry","category-wiadomosci"],"_links":{"self":[{"href":"https:\/\/gazetaregionalna.com\/index.php?rest_route=\/wp\/v2\/posts\/47972","targetHints":{"allow":["GET"]}}],"collection":[{"href":"https:\/\/gazetaregionalna.com\/index.php?rest_route=\/wp\/v2\/posts"}],"about":[{"href":"https:\/\/gazetaregionalna.com\/index.php?rest_route=\/wp\/v2\/types\/post"}],"author":[{"embeddable":true,"href":"https:\/\/gazetaregionalna.com\/index.php?rest_route=\/wp\/v2\/users\/7"}],"replies":[{"embeddable":true,"href":"https:\/\/gazetaregionalna.com\/index.php?rest_route=%2Fwp%2Fv2%2Fcomments&post=47972"}],"version-history":[{"count":2,"href":"https:\/\/gazetaregionalna.com\/index.php?rest_route=\/wp\/v2\/posts\/47972\/revisions"}],"predecessor-version":[{"id":47975,"href":"https:\/\/gazetaregionalna.com\/index.php?rest_route=\/wp\/v2\/posts\/47972\/revisions\/47975"}],"wp:featuredmedia":[{"embeddable":true,"href":"https:\/\/gazetaregionalna.com\/index.php?rest_route=\/wp\/v2\/media\/40503"}],"wp:attachment":[{"href":"https:\/\/gazetaregionalna.com\/index.php?rest_route=%2Fwp%2Fv2%2Fmedia&parent=47972"}],"wp:term":[{"taxonomy":"category","embeddable":true,"href":"https:\/\/gazetaregionalna.com\/index.php?rest_route=%2Fwp%2Fv2%2Fcategories&post=47972"},{"taxonomy":"post_tag","embeddable":true,"href":"https:\/\/gazetaregionalna.com\/index.php?rest_route=%2Fwp%2Fv2%2Ftags&post=47972"}],"curies":[{"name":"wp","href":"https:\/\/api.w.org\/{rel}","templated":true}]}}