{"id":47949,"date":"2021-07-17T08:22:38","date_gmt":"2021-07-17T08:22:38","guid":{"rendered":"https:\/\/gazetaregionalna.com\/?p=47949"},"modified":"2021-07-17T08:22:39","modified_gmt":"2021-07-17T08:22:39","slug":"slaska-policja-wydala-oswiadczenie-w-sprawie-potrojnego-morderstwa-w-borowcach-wine-za-przestepstwo-moze-poniesc-tylko-sprawca-czytamy-w-opublikowanym-komunikacie","status":"publish","type":"post","link":"https:\/\/gazetaregionalna.com\/?p=47949","title":{"rendered":"\u015al\u0105ska policja wyda\u0142a o\u015bwiadczenie w sprawie potr\u00f3jnego morderstwa w Borowcach. \u201eWin\u0119 za przest\u0119pstwo mo\u017ce ponie\u015b\u0107 tylko sprawca\u201d \u2013 czytamy w opublikowanym komunikacie"},"content":{"rendered":"\n<h2 class=\"wp-block-heading\">\u015al\u0105ska policja wyda\u0142a o\u015bwiadczenie w sprawie potr\u00f3jnego morderstwa w Borowcach. \u201eWin\u0119 za przest\u0119pstwo mo\u017ce ponie\u015b\u0107 tylko sprawca\u201d \u2013 czytamy w opublikowanym komunikacie. O\u015bwiadczeniem tym Komenda Wojew\u00f3dzka w Katowicach odnosi si\u0119 do pojawiaj\u0105cych si\u0119 w przestrzeni publicznej zarzut\u00f3w, \u017ce swoj\u0105 opiesza\u0142o\u015bci\u0105 i niew\u0142a\u015bciw\u0105 reakcj\u0105 policja przyczyni\u0142a si\u0119 do tragedii.<\/h2>\n\n\n\n<p>W wydanym o\u015bwiadczeniu &nbsp;stanowczo zaprzeczono, \u017ce zamordowana rodzina nie otrzyma\u0142a od policji nale\u017cytego wsparcia. Kategorycznie zaznaczono, \u017ce nieprawdziwe wiadomo\u015bci pojawiaj\u0105ce si\u0119 w mediach s\u0105 dla organ\u00f3w \u015bcigania niesprawiedliwe i maj\u0105 na celu obarczenie policji win\u0105 za tragedi\u0119 w Borowcach.<\/p>\n\n\n\n<p>Przypomnijmy, do potr\u00f3jnego zab\u00f3jstwa we wsi Borowca ko\u0142o D\u0105browy Zielonej w powiecie cz\u0119stochowskim dosz\u0142o tydzie\u0144 temu,&nbsp; noc\u0105 z 9 na 10 lipca. We w\u0142asnym domu zastrzelone zosta\u0142o 44-letnie ma\u0142\u017ce\u0144stwo i ich 17-letni syn. Drugiemu, 13-letniemu synowi zabitej pary uda\u0142o si\u0119 uciec. O dokonanie tej zbrodni podejrzewany jest 52-letni brat zabitego Jacek Jaworek, kt\u00f3rego od tygodnia szuka policja. Poszukiwania z udzia\u0142em setek policjant\u00f3w i przedstawicieli innych s\u0142u\u017cb prowadzone s\u0105 na szerok\u0105 skal\u0119. Wczoraj policja wyznaczy\u0142a nagrod\u0119 w wysoko\u015bci 20 tysi\u0119cy z\u0142otych dla osoby, kt\u00f3re udzieli informacji na temat pobytu Jacka Jaworka lub lokalizacji jego &nbsp;zw\u0142ok, gdy\u017c brany jest od pocz\u0105tku pod uwag\u0119 scenariusz, \u017ce m\u0119\u017cczyzna tu\u017c po dokonaniu morderstwa odebra\u0142 sobie \u017cycie.<\/p>\n\n\n\n<p>Oto tre\u015b\u0107 ca\u0142ego o\u015bwiadczenia \u015al\u0105skiej Policji:<strong><\/strong><\/p>\n\n\n\n<p>\u201e W zwi\u0105zku z nieprawdziwymi informacjami pojawiaj\u0105cymi si\u0119 w mediach, kt\u00f3re maj\u0105 na celu obarczenie win\u0105 za tragedi\u0119 w Borowcach organy \u015bcigania, stanowczo zaprzeczamy, \u017ce rodzina nie otrzyma\u0142a wsparcia, ze strony Policji. W naszym prze\u015bwiadczeniu informacje tego typu s\u0105 ukierunkowane tylko i wy\u0142\u0105cznie na wzbudzanie sensacji i podsycania z\u0142ych emocji. Nikt z otoczenia podejrzanego nie powiadomi\u0142 Policji, \u017ce m\u0119\u017cczyzna mo\u017ce posiada\u0107 bro\u0144. Fakt ten ujrza\u0142 \u015bwiat\u0142o dzienne niestety dopiero po zdarzeniu&#8230;<\/p>\n\n\n\n<p>Policjanci nigdy nie interweniowali u rodziny w Borowcach w zwi\u0105zku z awanturami domowymi, jak b\u0142\u0119dnie&nbsp;podaje jeden z dziennik\u00f3w, rzekomo cytuj\u0105c oficera prasowego miejscowej komendy.&nbsp;Owszem, policjanci w marcu br. zostali wezwani na interwencj\u0119, ale zg\u0142oszenie dotyczy\u0142o problem\u00f3w z u\u017cytkowaniem wsp\u00f3lnie zajmowanego lokalu, kt\u00f3rych t\u0142em by\u0142y kwestie maj\u0105tkowe zwi\u0105zane z podzia\u0142em w\u0142asno\u015bci. Str\u00f3\u017ce prawa pouczyli domownik\u00f3w, \u017ce&nbsp;t\u0119&nbsp;sytuacj\u0119 mog\u0105 rozwi\u0105za\u0107 na drodze cywilnoprawnej. Podczas interwencji nie stwierdzono \u017cadnych okoliczno\u015bci \u015bwiadcz\u0105cych o przemocy w rodzinie b\u0105d\u017a stanowi\u0105cych zagro\u017cenie dla ich \u017cycia i zdrowia.&nbsp;<\/p>\n\n\n\n<p>Kolejne spotkanie z mundurowymi mia\u0142o miejsce 7 lipca, gdy dzielnicowi pojawili si\u0119 w domu 52-latka w celu wykonania czynno\u015bci dotycz\u0105cych innej, niezale\u017cnej sprawy. Wizyta mundurowych okaza\u0142a si\u0119 okazj\u0105 dla ma\u0142\u017ce\u0144stwa, aby porozmawia\u0107 z policjantami o problemach maj\u0105tkowo-rodzinnych i rozwi\u0105zaniu problemu wsp\u00f3lnego zamieszkiwania z 52-letnim lokatorem.&nbsp;Od dzielnicowych uzyskali w tej kwestii niezb\u0119dne informacje.&nbsp;W\u00f3wczas ma\u0142\u017ce\u0144stwo r\u00f3wnie\u017c nie zg\u0142asza\u0142o str\u00f3\u017com prawa problem\u00f3w z przemoc\u0105, agresj\u0105 lub zagro\u017ceniem z jego strony.&nbsp;<\/p>\n\n\n\n<p>Tego samego dnia wieczorem 44-latkowie pojawili si\u0119 na komisariacie w celu z\u0142o\u017cenia zawiadomienia o gro\u017abie i wyzwiskach, kt\u00f3re tego samego dnia, w czasie k\u0142\u00f3tni wypowiedzia\u0142 52-latek. Policjanci przyj\u0119li zawiadomienie o przest\u0119pstwie i podj\u0119li wszystkie niezb\u0119dne czynno\u015bci w spos\u00f3b, w jak dzia\u0142aj\u0105 w ka\u017cdym tego typu przypadku. Z przekazanych \u015bledczym informacji nie wynika\u0142o, \u017ce w tej sprawie istniej\u0105 jakie\u015b szczeg\u00f3lne okoliczno\u015bci, jak na przyk\u0142ad posiadanie broni przez m\u0119\u017cczyzn\u0119, kt\u00f3re uzasadnia\u0142yby podj\u0119cie dzia\u0142a\u0144 takich, jak w przypadku bezpo\u015bredniego, realnego zagro\u017cenia dla \u017cycia i zdrowia. Sytuacja, kt\u00f3ra nast\u0105pi\u0142a p\u00f3\u017aniej, nie by\u0142a do przewidzenia, bior\u0105c pod uwag\u0119 przekazane policjantom informacje.<\/p>\n\n\n\n<p>Warto wspomnie\u0107, \u017ce tylko w powiecie cz\u0119stochowskim mundurowi rocznie przyjmuj\u0105 kilkaset zawiadomie\u0144 o gro\u017abach. Mundurowi obs\u0142uguj\u0105 kilka tysi\u0119cy interwencji domowych, z kt\u00f3rych wi\u0119kszo\u015b\u0107 dotyczy spor\u00f3w i konflikt\u00f3w rodzinnych. Cz\u0119stochowscy \u015bledczy prowadz\u0105 r\u00f3wnie\u017c kilkaset spraw zwi\u0105zanych z przemoc\u0105 w rodzinie.<br><br>W tym przypadku obarczanie win\u0105 organy \u015bcigania za zaistnia\u0142\u0105 tragedi\u0119 jest daleko id\u0105cym nadu\u017cyciem i niejako oddalaniem odpowiedzialno\u015bci za pope\u0142nion\u0105 zbrodni\u0119 od osoby podejrzanej o to przest\u0119pstwo\u201d.<\/p>\n","protected":false},"excerpt":{"rendered":"<p>\u015al\u0105ska policja wyda\u0142a o\u015bwiadczenie w sprawie potr\u00f3jnego morderstwa w Borowcach. \u201eWin\u0119 za przest\u0119pstwo mo\u017ce ponie\u015b\u0107 tylko sprawca\u201d \u2013 czytamy w opublikowanym komunikacie. O\u015bwiadczeniem tym<\/p>\n","protected":false},"author":7,"featured_media":47527,"comment_status":"open","ping_status":"open","sticky":false,"template":"","format":"standard","meta":{"_monsterinsights_skip_tracking":false,"_monsterinsights_sitenote_active":false,"_monsterinsights_sitenote_note":"","_monsterinsights_sitenote_category":0,"_uf_show_specific_survey":0,"_uf_disable_surveys":false,"footnotes":""},"categories":[94,3,4,2],"tags":[],"class_list":["post-47949","post","type-post","status-publish","format-standard","has-post-thumbnail","hentry","category-polecane","category-czestochowa-informacje","category-region","category-wiadomosci"],"_links":{"self":[{"href":"https:\/\/gazetaregionalna.com\/index.php?rest_route=\/wp\/v2\/posts\/47949","targetHints":{"allow":["GET"]}}],"collection":[{"href":"https:\/\/gazetaregionalna.com\/index.php?rest_route=\/wp\/v2\/posts"}],"about":[{"href":"https:\/\/gazetaregionalna.com\/index.php?rest_route=\/wp\/v2\/types\/post"}],"author":[{"embeddable":true,"href":"https:\/\/gazetaregionalna.com\/index.php?rest_route=\/wp\/v2\/users\/7"}],"replies":[{"embeddable":true,"href":"https:\/\/gazetaregionalna.com\/index.php?rest_route=%2Fwp%2Fv2%2Fcomments&post=47949"}],"version-history":[{"count":2,"href":"https:\/\/gazetaregionalna.com\/index.php?rest_route=\/wp\/v2\/posts\/47949\/revisions"}],"predecessor-version":[{"id":47951,"href":"https:\/\/gazetaregionalna.com\/index.php?rest_route=\/wp\/v2\/posts\/47949\/revisions\/47951"}],"wp:featuredmedia":[{"embeddable":true,"href":"https:\/\/gazetaregionalna.com\/index.php?rest_route=\/wp\/v2\/media\/47527"}],"wp:attachment":[{"href":"https:\/\/gazetaregionalna.com\/index.php?rest_route=%2Fwp%2Fv2%2Fmedia&parent=47949"}],"wp:term":[{"taxonomy":"category","embeddable":true,"href":"https:\/\/gazetaregionalna.com\/index.php?rest_route=%2Fwp%2Fv2%2Fcategories&post=47949"},{"taxonomy":"post_tag","embeddable":true,"href":"https:\/\/gazetaregionalna.com\/index.php?rest_route=%2Fwp%2Fv2%2Ftags&post=47949"}],"curies":[{"name":"wp","href":"https:\/\/api.w.org\/{rel}","templated":true}]}}