{"id":47947,"date":"2021-07-16T21:41:30","date_gmt":"2021-07-16T21:41:30","guid":{"rendered":"https:\/\/gazetaregionalna.com\/?p=47947"},"modified":"2021-07-16T21:41:31","modified_gmt":"2021-07-16T21:41:31","slug":"rakow-w-sobote-powalczy-w-warszawie-z-legia-o-superpuchar-polski","status":"publish","type":"post","link":"https:\/\/gazetaregionalna.com\/?p=47947","title":{"rendered":"Rak\u00f3w w sobot\u0119 powalczy w Warszawie z Legi\u0105 o Superpuchar Polski"},"content":{"rendered":"\n<p>Pi\u0142karze Rakowa jutro rozpoczynaj\u0105 oficjalnie nowy sezon 2021\/22. W sobot\u0119 w Warszawie zmierz\u0105 si\u0119 z mistrzem Polski Legi\u0105 o Superpuchar Polski.<\/p>\n\n\n\n<p>Legia to aktualny mistrz Polski. Rak\u00f3w to wicemistrz i zdobywca Pucharu Polski. Dlatego dru\u017cyny ju\u017c w sobot\u0119 otworz\u0105 oficjalnie sezon 2021\/22 i zmierz\u0105 si\u0119 o Superpuchar.<\/p>\n\n\n\n<p>Faworytem b\u0119dzie Legia, kt\u00f3ra w poprzednim sezonie dwa razy wygra\u0142a z Rakowem w PKO BP Ekstraklasie. Pi\u0142karze Rakowa chc\u0105 jednak sprawi\u0107 na 100-lecie Klubu kolejn\u0105 niespodziank\u0119&#8230;<\/p>\n\n\n\n<p>Foto: Gazeta Regionalna\/AK<\/p>\n\n\n\n<figure class=\"wp-block-image size-large\"><img decoding=\"async\" width=\"1024\" height=\"683\" data-src=\"https:\/\/gazetaregionalna.com\/wp-content\/uploads\/2021\/05\/Rakow-Puchar-103-1024x683.jpg\" alt=\"\" class=\"wp-image-40282 lazyload\" data-srcset=\"https:\/\/gazetaregionalna.com\/wp-content\/uploads\/2021\/05\/Rakow-Puchar-103-1024x683.jpg 1024w, https:\/\/gazetaregionalna.com\/wp-content\/uploads\/2021\/05\/Rakow-Puchar-103-300x200.jpg 300w, https:\/\/gazetaregionalna.com\/wp-content\/uploads\/2021\/05\/Rakow-Puchar-103-768x512.jpg 768w, https:\/\/gazetaregionalna.com\/wp-content\/uploads\/2021\/05\/Rakow-Puchar-103-1536x1024.jpg 1536w, https:\/\/gazetaregionalna.com\/wp-content\/uploads\/2021\/05\/Rakow-Puchar-103-2048x1365.jpg 2048w, https:\/\/gazetaregionalna.com\/wp-content\/uploads\/2021\/05\/Rakow-Puchar-103-696x464.jpg 696w, https:\/\/gazetaregionalna.com\/wp-content\/uploads\/2021\/05\/Rakow-Puchar-103-1068x712.jpg 1068w, https:\/\/gazetaregionalna.com\/wp-content\/uploads\/2021\/05\/Rakow-Puchar-103-1920x1280.jpg 1920w, https:\/\/gazetaregionalna.com\/wp-content\/uploads\/2021\/05\/Rakow-Puchar-103-630x420.jpg 630w, https:\/\/gazetaregionalna.com\/wp-content\/uploads\/2021\/05\/Rakow-Puchar-103-scaled.jpg 1200w\" data-sizes=\"(max-width: 1024px) 100vw, 1024px\" src=\"data:image\/svg+xml;base64,PHN2ZyB3aWR0aD0iMSIgaGVpZ2h0PSIxIiB4bWxucz0iaHR0cDovL3d3dy53My5vcmcvMjAwMC9zdmciPjwvc3ZnPg==\" style=\"--smush-placeholder-width: 1024px; --smush-placeholder-aspect-ratio: 1024\/683;\" \/><\/figure>\n","protected":false},"excerpt":{"rendered":"<p>Pi\u0142karze Rakowa jutro rozpoczynaj\u0105 oficjalnie nowy sezon 2021\/22. W sobot\u0119 w Warszawie zmierz\u0105 si\u0119 z mistrzem Polski Legi\u0105 o Superpuchar Polski. Legia to aktualny<\/p>\n","protected":false},"author":15,"featured_media":40282,"comment_status":"open","ping_status":"open","sticky":false,"template":"","format":"standard","meta":{"_monsterinsights_skip_tracking":false,"_monsterinsights_sitenote_active":false,"_monsterinsights_sitenote_note":"","_monsterinsights_sitenote_category":0,"_uf_show_specific_survey":0,"_uf_disable_surveys":false,"footnotes":""},"categories":[5,6],"tags":[],"class_list":["post-47947","post","type-post","status-publish","format-standard","has-post-thumbnail","hentry","category-sport","category-pilka-nozna"],"_links":{"self":[{"href":"https:\/\/gazetaregionalna.com\/index.php?rest_route=\/wp\/v2\/posts\/47947","targetHints":{"allow":["GET"]}}],"collection":[{"href":"https:\/\/gazetaregionalna.com\/index.php?rest_route=\/wp\/v2\/posts"}],"about":[{"href":"https:\/\/gazetaregionalna.com\/index.php?rest_route=\/wp\/v2\/types\/post"}],"author":[{"embeddable":true,"href":"https:\/\/gazetaregionalna.com\/index.php?rest_route=\/wp\/v2\/users\/15"}],"replies":[{"embeddable":true,"href":"https:\/\/gazetaregionalna.com\/index.php?rest_route=%2Fwp%2Fv2%2Fcomments&post=47947"}],"version-history":[{"count":1,"href":"https:\/\/gazetaregionalna.com\/index.php?rest_route=\/wp\/v2\/posts\/47947\/revisions"}],"predecessor-version":[{"id":47948,"href":"https:\/\/gazetaregionalna.com\/index.php?rest_route=\/wp\/v2\/posts\/47947\/revisions\/47948"}],"wp:featuredmedia":[{"embeddable":true,"href":"https:\/\/gazetaregionalna.com\/index.php?rest_route=\/wp\/v2\/media\/40282"}],"wp:attachment":[{"href":"https:\/\/gazetaregionalna.com\/index.php?rest_route=%2Fwp%2Fv2%2Fmedia&parent=47947"}],"wp:term":[{"taxonomy":"category","embeddable":true,"href":"https:\/\/gazetaregionalna.com\/index.php?rest_route=%2Fwp%2Fv2%2Fcategories&post=47947"},{"taxonomy":"post_tag","embeddable":true,"href":"https:\/\/gazetaregionalna.com\/index.php?rest_route=%2Fwp%2Fv2%2Ftags&post=47947"}],"curies":[{"name":"wp","href":"https:\/\/api.w.org\/{rel}","templated":true}]}}