{"id":47758,"date":"2021-07-15T11:53:56","date_gmt":"2021-07-15T11:53:56","guid":{"rendered":"https:\/\/gazetaregionalna.com\/?p=47758"},"modified":"2021-07-15T11:53:57","modified_gmt":"2021-07-15T11:53:57","slug":"od-dzisiaj-jedziemy-inaczej-uwazajcie-korki-na-jana-pawla-ii","status":"publish","type":"post","link":"https:\/\/gazetaregionalna.com\/?p=47758","title":{"rendered":"Od dzisiaj jedziemy inaczej. Uwa\u017cajcie, korki na Jana Paw\u0142a II"},"content":{"rendered":"\n<h2 class=\"wp-block-heading\">Od dzisiaj jedziemy inaczej. Uwa\u017cajcie, korki na Jana Paw\u0142a II. <\/h2>\n\n\n\n<figure class=\"wp-block-gallery columns-3 is-cropped wp-block-gallery-1 is-layout-flex wp-block-gallery-is-layout-flex\"><ul class=\"blocks-gallery-grid\"><li class=\"blocks-gallery-item\"><figure><a href=\"https:\/\/gazetaregionalna.com\/wp-content\/uploads\/2021\/07\/IMG_20210715_130453685_HDR-scaled.jpg\"><img decoding=\"async\" width=\"1024\" height=\"768\" data-src=\"https:\/\/gazetaregionalna.com\/wp-content\/uploads\/2021\/07\/IMG_20210715_130453685_HDR-1024x768.jpg\" alt=\"\" data-id=\"47769\" data-full-url=\"https:\/\/gazetaregionalna.com\/wp-content\/uploads\/2021\/07\/IMG_20210715_130453685_HDR-scaled.jpg\" data-link=\"https:\/\/gazetaregionalna.com\/?attachment_id=47769\" class=\"wp-image-47769 lazyload\" data-srcset=\"https:\/\/gazetaregionalna.com\/wp-content\/uploads\/2021\/07\/IMG_20210715_130453685_HDR-1024x768.jpg 1024w, https:\/\/gazetaregionalna.com\/wp-content\/uploads\/2021\/07\/IMG_20210715_130453685_HDR-300x225.jpg 300w, https:\/\/gazetaregionalna.com\/wp-content\/uploads\/2021\/07\/IMG_20210715_130453685_HDR-768x576.jpg 768w, https:\/\/gazetaregionalna.com\/wp-content\/uploads\/2021\/07\/IMG_20210715_130453685_HDR-1536x1152.jpg 1536w, https:\/\/gazetaregionalna.com\/wp-content\/uploads\/2021\/07\/IMG_20210715_130453685_HDR-2048x1536.jpg 2048w, https:\/\/gazetaregionalna.com\/wp-content\/uploads\/2021\/07\/IMG_20210715_130453685_HDR-696x522.jpg 696w, https:\/\/gazetaregionalna.com\/wp-content\/uploads\/2021\/07\/IMG_20210715_130453685_HDR-1068x801.jpg 1068w, https:\/\/gazetaregionalna.com\/wp-content\/uploads\/2021\/07\/IMG_20210715_130453685_HDR-1920x1440.jpg 1920w, https:\/\/gazetaregionalna.com\/wp-content\/uploads\/2021\/07\/IMG_20210715_130453685_HDR-560x420.jpg 560w, https:\/\/gazetaregionalna.com\/wp-content\/uploads\/2021\/07\/IMG_20210715_130453685_HDR-80x60.jpg 80w, https:\/\/gazetaregionalna.com\/wp-content\/uploads\/2021\/07\/IMG_20210715_130453685_HDR-265x198.jpg 265w, https:\/\/gazetaregionalna.com\/wp-content\/uploads\/2021\/07\/IMG_20210715_130453685_HDR-scaled.jpg 1200w\" data-sizes=\"(max-width: 1024px) 100vw, 1024px\" src=\"data:image\/svg+xml;base64,PHN2ZyB3aWR0aD0iMSIgaGVpZ2h0PSIxIiB4bWxucz0iaHR0cDovL3d3dy53My5vcmcvMjAwMC9zdmciPjwvc3ZnPg==\" style=\"--smush-placeholder-width: 1024px; --smush-placeholder-aspect-ratio: 1024\/768;\" \/><\/a><\/figure><\/li><li class=\"blocks-gallery-item\"><figure><a href=\"https:\/\/gazetaregionalna.com\/wp-content\/uploads\/2021\/07\/IMG_20210715_1305414032.jpg\"><img decoding=\"async\" width=\"1024\" height=\"829\" data-src=\"https:\/\/gazetaregionalna.com\/wp-content\/uploads\/2021\/07\/IMG_20210715_1305414032-1024x829.jpg\" alt=\"\" data-id=\"47771\" data-full-url=\"https:\/\/gazetaregionalna.com\/wp-content\/uploads\/2021\/07\/IMG_20210715_1305414032.jpg\" data-link=\"https:\/\/gazetaregionalna.com\/?attachment_id=47771\" class=\"wp-image-47771 lazyload\" data-srcset=\"https:\/\/gazetaregionalna.com\/wp-content\/uploads\/2021\/07\/IMG_20210715_1305414032-1024x829.jpg 1024w, https:\/\/gazetaregionalna.com\/wp-content\/uploads\/2021\/07\/IMG_20210715_1305414032-300x243.jpg 300w, https:\/\/gazetaregionalna.com\/wp-content\/uploads\/2021\/07\/IMG_20210715_1305414032-768x621.jpg 768w, https:\/\/gazetaregionalna.com\/wp-content\/uploads\/2021\/07\/IMG_20210715_1305414032-1536x1243.jpg 1536w, https:\/\/gazetaregionalna.com\/wp-content\/uploads\/2021\/07\/IMG_20210715_1305414032-696x563.jpg 696w, https:\/\/gazetaregionalna.com\/wp-content\/uploads\/2021\/07\/IMG_20210715_1305414032-1068x864.jpg 1068w, https:\/\/gazetaregionalna.com\/wp-content\/uploads\/2021\/07\/IMG_20210715_1305414032-519x420.jpg 519w, https:\/\/gazetaregionalna.com\/wp-content\/uploads\/2021\/07\/IMG_20210715_1305414032.jpg 1200w\" data-sizes=\"(max-width: 1024px) 100vw, 1024px\" src=\"data:image\/svg+xml;base64,PHN2ZyB3aWR0aD0iMSIgaGVpZ2h0PSIxIiB4bWxucz0iaHR0cDovL3d3dy53My5vcmcvMjAwMC9zdmciPjwvc3ZnPg==\" style=\"--smush-placeholder-width: 1024px; --smush-placeholder-aspect-ratio: 1024\/829;\" \/><\/a><\/figure><\/li><li class=\"blocks-gallery-item\"><figure><a href=\"https:\/\/gazetaregionalna.com\/wp-content\/uploads\/2021\/07\/IMG_20210715_130559424_HDR-scaled.jpg\"><img decoding=\"async\" width=\"1024\" height=\"768\" data-src=\"https:\/\/gazetaregionalna.com\/wp-content\/uploads\/2021\/07\/IMG_20210715_130559424_HDR-1024x768.jpg\" alt=\"\" data-id=\"47772\" data-full-url=\"https:\/\/gazetaregionalna.com\/wp-content\/uploads\/2021\/07\/IMG_20210715_130559424_HDR-scaled.jpg\" data-link=\"https:\/\/gazetaregionalna.com\/?attachment_id=47772\" class=\"wp-image-47772 lazyload\" data-srcset=\"https:\/\/gazetaregionalna.com\/wp-content\/uploads\/2021\/07\/IMG_20210715_130559424_HDR-1024x768.jpg 1024w, https:\/\/gazetaregionalna.com\/wp-content\/uploads\/2021\/07\/IMG_20210715_130559424_HDR-300x225.jpg 300w, https:\/\/gazetaregionalna.com\/wp-content\/uploads\/2021\/07\/IMG_20210715_130559424_HDR-768x576.jpg 768w, https:\/\/gazetaregionalna.com\/wp-content\/uploads\/2021\/07\/IMG_20210715_130559424_HDR-1536x1152.jpg 1536w, https:\/\/gazetaregionalna.com\/wp-content\/uploads\/2021\/07\/IMG_20210715_130559424_HDR-2048x1536.jpg 2048w, https:\/\/gazetaregionalna.com\/wp-content\/uploads\/2021\/07\/IMG_20210715_130559424_HDR-696x522.jpg 696w, https:\/\/gazetaregionalna.com\/wp-content\/uploads\/2021\/07\/IMG_20210715_130559424_HDR-1068x801.jpg 1068w, https:\/\/gazetaregionalna.com\/wp-content\/uploads\/2021\/07\/IMG_20210715_130559424_HDR-1920x1440.jpg 1920w, https:\/\/gazetaregionalna.com\/wp-content\/uploads\/2021\/07\/IMG_20210715_130559424_HDR-560x420.jpg 560w, https:\/\/gazetaregionalna.com\/wp-content\/uploads\/2021\/07\/IMG_20210715_130559424_HDR-80x60.jpg 80w, https:\/\/gazetaregionalna.com\/wp-content\/uploads\/2021\/07\/IMG_20210715_130559424_HDR-265x198.jpg 265w, https:\/\/gazetaregionalna.com\/wp-content\/uploads\/2021\/07\/IMG_20210715_130559424_HDR-scaled.jpg 1200w\" data-sizes=\"(max-width: 1024px) 100vw, 1024px\" src=\"data:image\/svg+xml;base64,PHN2ZyB3aWR0aD0iMSIgaGVpZ2h0PSIxIiB4bWxucz0iaHR0cDovL3d3dy53My5vcmcvMjAwMC9zdmciPjwvc3ZnPg==\" style=\"--smush-placeholder-width: 1024px; --smush-placeholder-aspect-ratio: 1024\/768;\" \/><\/a><\/figure><\/li><li class=\"blocks-gallery-item\"><figure><a href=\"https:\/\/gazetaregionalna.com\/wp-content\/uploads\/2021\/07\/IMG_20210715_130604998_HDR-scaled.jpg\"><img decoding=\"async\" width=\"1024\" height=\"768\" data-src=\"https:\/\/gazetaregionalna.com\/wp-content\/uploads\/2021\/07\/IMG_20210715_130604998_HDR-1024x768.jpg\" alt=\"\" data-id=\"47773\" data-full-url=\"https:\/\/gazetaregionalna.com\/wp-content\/uploads\/2021\/07\/IMG_20210715_130604998_HDR-scaled.jpg\" data-link=\"https:\/\/gazetaregionalna.com\/?attachment_id=47773\" class=\"wp-image-47773 lazyload\" data-srcset=\"https:\/\/gazetaregionalna.com\/wp-content\/uploads\/2021\/07\/IMG_20210715_130604998_HDR-1024x768.jpg 1024w, https:\/\/gazetaregionalna.com\/wp-content\/uploads\/2021\/07\/IMG_20210715_130604998_HDR-300x225.jpg 300w, https:\/\/gazetaregionalna.com\/wp-content\/uploads\/2021\/07\/IMG_20210715_130604998_HDR-768x576.jpg 768w, https:\/\/gazetaregionalna.com\/wp-content\/uploads\/2021\/07\/IMG_20210715_130604998_HDR-1536x1152.jpg 1536w, https:\/\/gazetaregionalna.com\/wp-content\/uploads\/2021\/07\/IMG_20210715_130604998_HDR-2048x1536.jpg 2048w, https:\/\/gazetaregionalna.com\/wp-content\/uploads\/2021\/07\/IMG_20210715_130604998_HDR-696x522.jpg 696w, https:\/\/gazetaregionalna.com\/wp-content\/uploads\/2021\/07\/IMG_20210715_130604998_HDR-1068x801.jpg 1068w, https:\/\/gazetaregionalna.com\/wp-content\/uploads\/2021\/07\/IMG_20210715_130604998_HDR-1920x1440.jpg 1920w, https:\/\/gazetaregionalna.com\/wp-content\/uploads\/2021\/07\/IMG_20210715_130604998_HDR-560x420.jpg 560w, https:\/\/gazetaregionalna.com\/wp-content\/uploads\/2021\/07\/IMG_20210715_130604998_HDR-80x60.jpg 80w, https:\/\/gazetaregionalna.com\/wp-content\/uploads\/2021\/07\/IMG_20210715_130604998_HDR-265x198.jpg 265w, https:\/\/gazetaregionalna.com\/wp-content\/uploads\/2021\/07\/IMG_20210715_130604998_HDR-scaled.jpg 1200w\" data-sizes=\"(max-width: 1024px) 100vw, 1024px\" src=\"data:image\/svg+xml;base64,PHN2ZyB3aWR0aD0iMSIgaGVpZ2h0PSIxIiB4bWxucz0iaHR0cDovL3d3dy53My5vcmcvMjAwMC9zdmciPjwvc3ZnPg==\" style=\"--smush-placeholder-width: 1024px; --smush-placeholder-aspect-ratio: 1024\/768;\" \/><\/a><\/figure><\/li><li class=\"blocks-gallery-item\"><figure><a href=\"https:\/\/gazetaregionalna.com\/wp-content\/uploads\/2021\/07\/IMG_20210715_130611646_HDR2-scaled.jpg\"><img decoding=\"async\" width=\"1024\" height=\"568\" data-src=\"https:\/\/gazetaregionalna.com\/wp-content\/uploads\/2021\/07\/IMG_20210715_130611646_HDR2-1024x568.jpg\" alt=\"\" data-id=\"47774\" data-full-url=\"https:\/\/gazetaregionalna.com\/wp-content\/uploads\/2021\/07\/IMG_20210715_130611646_HDR2-scaled.jpg\" data-link=\"https:\/\/gazetaregionalna.com\/?attachment_id=47774\" class=\"wp-image-47774 lazyload\" data-srcset=\"https:\/\/gazetaregionalna.com\/wp-content\/uploads\/2021\/07\/IMG_20210715_130611646_HDR2-1024x568.jpg 1024w, https:\/\/gazetaregionalna.com\/wp-content\/uploads\/2021\/07\/IMG_20210715_130611646_HDR2-300x166.jpg 300w, https:\/\/gazetaregionalna.com\/wp-content\/uploads\/2021\/07\/IMG_20210715_130611646_HDR2-768x426.jpg 768w, https:\/\/gazetaregionalna.com\/wp-content\/uploads\/2021\/07\/IMG_20210715_130611646_HDR2-1536x851.jpg 1536w, https:\/\/gazetaregionalna.com\/wp-content\/uploads\/2021\/07\/IMG_20210715_130611646_HDR2-2048x1135.jpg 2048w, https:\/\/gazetaregionalna.com\/wp-content\/uploads\/2021\/07\/IMG_20210715_130611646_HDR2-696x385.jpg 696w, https:\/\/gazetaregionalna.com\/wp-content\/uploads\/2021\/07\/IMG_20210715_130611646_HDR2-1068x592.jpg 1068w, https:\/\/gazetaregionalna.com\/wp-content\/uploads\/2021\/07\/IMG_20210715_130611646_HDR2-1920x1064.jpg 1920w, https:\/\/gazetaregionalna.com\/wp-content\/uploads\/2021\/07\/IMG_20210715_130611646_HDR2-758x420.jpg 758w, https:\/\/gazetaregionalna.com\/wp-content\/uploads\/2021\/07\/IMG_20210715_130611646_HDR2-scaled.jpg 1200w\" data-sizes=\"(max-width: 1024px) 100vw, 1024px\" src=\"data:image\/svg+xml;base64,PHN2ZyB3aWR0aD0iMSIgaGVpZ2h0PSIxIiB4bWxucz0iaHR0cDovL3d3dy53My5vcmcvMjAwMC9zdmciPjwvc3ZnPg==\" style=\"--smush-placeholder-width: 1024px; --smush-placeholder-aspect-ratio: 1024\/568;\" \/><\/a><\/figure><\/li><li class=\"blocks-gallery-item\"><figure><a href=\"https:\/\/gazetaregionalna.com\/wp-content\/uploads\/2021\/07\/IMG_20210715_130624184_HDR-scaled.jpg\"><img decoding=\"async\" width=\"1024\" height=\"768\" data-src=\"https:\/\/gazetaregionalna.com\/wp-content\/uploads\/2021\/07\/IMG_20210715_130624184_HDR-1024x768.jpg\" alt=\"\" data-id=\"47775\" data-full-url=\"https:\/\/gazetaregionalna.com\/wp-content\/uploads\/2021\/07\/IMG_20210715_130624184_HDR-scaled.jpg\" data-link=\"https:\/\/gazetaregionalna.com\/?attachment_id=47775\" class=\"wp-image-47775 lazyload\" data-srcset=\"https:\/\/gazetaregionalna.com\/wp-content\/uploads\/2021\/07\/IMG_20210715_130624184_HDR-1024x768.jpg 1024w, https:\/\/gazetaregionalna.com\/wp-content\/uploads\/2021\/07\/IMG_20210715_130624184_HDR-300x225.jpg 300w, https:\/\/gazetaregionalna.com\/wp-content\/uploads\/2021\/07\/IMG_20210715_130624184_HDR-768x576.jpg 768w, https:\/\/gazetaregionalna.com\/wp-content\/uploads\/2021\/07\/IMG_20210715_130624184_HDR-1536x1152.jpg 1536w, https:\/\/gazetaregionalna.com\/wp-content\/uploads\/2021\/07\/IMG_20210715_130624184_HDR-2048x1536.jpg 2048w, https:\/\/gazetaregionalna.com\/wp-content\/uploads\/2021\/07\/IMG_20210715_130624184_HDR-696x522.jpg 696w, https:\/\/gazetaregionalna.com\/wp-content\/uploads\/2021\/07\/IMG_20210715_130624184_HDR-1068x801.jpg 1068w, https:\/\/gazetaregionalna.com\/wp-content\/uploads\/2021\/07\/IMG_20210715_130624184_HDR-1920x1440.jpg 1920w, https:\/\/gazetaregionalna.com\/wp-content\/uploads\/2021\/07\/IMG_20210715_130624184_HDR-560x420.jpg 560w, https:\/\/gazetaregionalna.com\/wp-content\/uploads\/2021\/07\/IMG_20210715_130624184_HDR-80x60.jpg 80w, https:\/\/gazetaregionalna.com\/wp-content\/uploads\/2021\/07\/IMG_20210715_130624184_HDR-265x198.jpg 265w, https:\/\/gazetaregionalna.com\/wp-content\/uploads\/2021\/07\/IMG_20210715_130624184_HDR-scaled.jpg 1200w\" data-sizes=\"(max-width: 1024px) 100vw, 1024px\" src=\"data:image\/svg+xml;base64,PHN2ZyB3aWR0aD0iMSIgaGVpZ2h0PSIxIiB4bWxucz0iaHR0cDovL3d3dy53My5vcmcvMjAwMC9zdmciPjwvc3ZnPg==\" style=\"--smush-placeholder-width: 1024px; --smush-placeholder-aspect-ratio: 1024\/768;\" \/><\/a><\/figure><\/li><\/ul><figcaption class=\"blocks-gallery-caption\">(fot. IBS)<\/figcaption><\/figure>\n\n\n\n<p>Tego nale\u017ca\u0142o si\u0119 spodziewa\u0107. Przejazd przez skrzy\u017cowanie al. Ja Paw\u0142a II z al. Armii Krajowej nie jest \u0142atwy. W godzinach szczytu korki tworz\u0105 si\u0119 ju\u017c wcze\u015bniej przez skrzy\u017cowaniem Jana Pawe\u0142 II z ul. Kili\u0144skiego. Tam  dodatkowo do aut jad\u0105cych alej\u0105 Jana Paw\u0142a II dochodz\u0105 samochody,kt\u00f3re musz\u0105 skr\u0119ci\u0107 w prawo, aby jecha\u0107 objazdem z powodu zamkni\u0119tej ca\u0142y czas ul. Jasnog\u00f3rskiej.<\/p>\n\n\n\n<p>Zw\u0119\u017cenie na wysoko\u015bci tzw. energetyka daje o sobie zna\u0107. Wszystkie te problemy wynikaj\u0105 ze zmiany organizacji ruchu na skrzy\u017cowaniu al. Jana Paw\u0142a II z al. Armii Krajowej. Od dzisiaj jedziemy jezdni\u0105 po\u0142udniow\u0105, t\u0105 prowadz\u0105c\u0105 w kierunku &#8222;gierk\u00f3wki&#8221;. Na przeciwny pas przeniesiono roboty drogowe. <\/p>\n\n\n\n<p>Prace na pasie od strony Tysi\u0105clecia trwa\u0142y oko\u0142o miesi\u0105ca, a wi\u0119c tyle, ile zapowiada\u0142 wykonawca rob\u00f3t. Nale\u017cy si\u0119 spodziewa\u0107, \u017ce roboty na drugiej nitce nie potrwaj\u0105 d\u0142u\u017cej.<\/p>\n","protected":false},"excerpt":{"rendered":"<p>Od dzisiaj jedziemy inaczej. Uwa\u017cajcie, korki na Jana Paw\u0142a II. Tego nale\u017ca\u0142o si\u0119 spodziewa\u0107. Przejazd przez skrzy\u017cowanie al. Ja Paw\u0142a II z al. Armii<\/p>\n","protected":false},"author":7,"featured_media":47771,"comment_status":"open","ping_status":"open","sticky":false,"template":"","format":"standard","meta":{"_monsterinsights_skip_tracking":false,"_monsterinsights_sitenote_active":false,"_monsterinsights_sitenote_note":"","_monsterinsights_sitenote_category":0,"_uf_show_specific_survey":0,"_uf_disable_surveys":false,"footnotes":""},"categories":[94,3,2],"tags":[],"class_list":["post-47758","post","type-post","status-publish","format-standard","has-post-thumbnail","hentry","category-polecane","category-czestochowa-informacje","category-wiadomosci"],"_links":{"self":[{"href":"https:\/\/gazetaregionalna.com\/index.php?rest_route=\/wp\/v2\/posts\/47758","targetHints":{"allow":["GET"]}}],"collection":[{"href":"https:\/\/gazetaregionalna.com\/index.php?rest_route=\/wp\/v2\/posts"}],"about":[{"href":"https:\/\/gazetaregionalna.com\/index.php?rest_route=\/wp\/v2\/types\/post"}],"author":[{"embeddable":true,"href":"https:\/\/gazetaregionalna.com\/index.php?rest_route=\/wp\/v2\/users\/7"}],"replies":[{"embeddable":true,"href":"https:\/\/gazetaregionalna.com\/index.php?rest_route=%2Fwp%2Fv2%2Fcomments&post=47758"}],"version-history":[{"count":8,"href":"https:\/\/gazetaregionalna.com\/index.php?rest_route=\/wp\/v2\/posts\/47758\/revisions"}],"predecessor-version":[{"id":47776,"href":"https:\/\/gazetaregionalna.com\/index.php?rest_route=\/wp\/v2\/posts\/47758\/revisions\/47776"}],"wp:featuredmedia":[{"embeddable":true,"href":"https:\/\/gazetaregionalna.com\/index.php?rest_route=\/wp\/v2\/media\/47771"}],"wp:attachment":[{"href":"https:\/\/gazetaregionalna.com\/index.php?rest_route=%2Fwp%2Fv2%2Fmedia&parent=47758"}],"wp:term":[{"taxonomy":"category","embeddable":true,"href":"https:\/\/gazetaregionalna.com\/index.php?rest_route=%2Fwp%2Fv2%2Fcategories&post=47758"},{"taxonomy":"post_tag","embeddable":true,"href":"https:\/\/gazetaregionalna.com\/index.php?rest_route=%2Fwp%2Fv2%2Ftags&post=47758"}],"curies":[{"name":"wp","href":"https:\/\/api.w.org\/{rel}","templated":true}]}}