{"id":4734,"date":"2019-07-30T06:11:12","date_gmt":"2019-07-30T06:11:12","guid":{"rendered":"https:\/\/gazetaregionalna.com\/?p=4734"},"modified":"2019-07-30T06:11:14","modified_gmt":"2019-07-30T06:11:14","slug":"pikieta-pracownikow-firmy-dospel","status":"publish","type":"post","link":"https:\/\/gazetaregionalna.com\/?p=4734","title":{"rendered":"Pikieta pracownik\u00f3w firmy DOSPEL"},"content":{"rendered":"\n<p><strong>Wczoraj tj. 29.07.2019r. odby\u0142a si\u0119 pikieta pracownik\u00f3w z cz\u0119stochowskiej firmy DOSPEL pod budynkiem Izby Administracji Skarbowej przy ul. Paderewskiego 32b w Katowicach.<\/strong> <\/p>\n\n\n\n<div class=\"wp-block-image\"><figure class=\"aligncenter\"><img decoding=\"async\" width=\"640\" height=\"480\" data-src=\"https:\/\/gazetaregionalna.com\/wp-content\/uploads\/2019\/07\/IMG_1143.jpg\" alt=\"\" class=\"wp-image-4735 lazyload\" data-srcset=\"https:\/\/gazetaregionalna.com\/wp-content\/uploads\/2019\/07\/IMG_1143.jpg 640w, https:\/\/gazetaregionalna.com\/wp-content\/uploads\/2019\/07\/IMG_1143-300x225.jpg 300w\" data-sizes=\"(max-width: 640px) 100vw, 640px\" src=\"data:image\/svg+xml;base64,PHN2ZyB3aWR0aD0iMSIgaGVpZ2h0PSIxIiB4bWxucz0iaHR0cDovL3d3dy53My5vcmcvMjAwMC9zdmciPjwvc3ZnPg==\" style=\"--smush-placeholder-width: 640px; --smush-placeholder-aspect-ratio: 640\/480;\" \/><figcaption>Pracownicy firmy DOSPEL podczas pikiety w Katowicach. <br>29.07.2019rok<\/figcaption><\/figure><\/div>\n\n\n\n<p>Pracownicy protestowali przeciwko niesprawiedliwej decyzji urz\u0119dniczej w wyniku kt\u00f3rej zagro\u017cone jest istnienie zak\u0142adu produkcyjnego DOSPEL i prac\u0119 mo\u017ce straci\u0107 200 os\u00f3b, w tym wielu niepe\u0142nosprawnych. Zagro\u017cone s\u0105 r\u00f3wnie\u017c stanowiska kooperant\u00f3w, czyli kolejne 500 os\u00f3b. <br><\/p>\n\n\n\n<figure class=\"wp-block-image\"><img decoding=\"async\" width=\"640\" height=\"480\" data-src=\"https:\/\/gazetaregionalna.com\/wp-content\/uploads\/2019\/07\/IMG_1145.jpg\" alt=\"\" class=\"wp-image-4738 lazyload\" data-srcset=\"https:\/\/gazetaregionalna.com\/wp-content\/uploads\/2019\/07\/IMG_1145.jpg 640w, https:\/\/gazetaregionalna.com\/wp-content\/uploads\/2019\/07\/IMG_1145-300x225.jpg 300w\" data-sizes=\"(max-width: 640px) 100vw, 640px\" src=\"data:image\/svg+xml;base64,PHN2ZyB3aWR0aD0iMSIgaGVpZ2h0PSIxIiB4bWxucz0iaHR0cDovL3d3dy53My5vcmcvMjAwMC9zdmciPjwvc3ZnPg==\" style=\"--smush-placeholder-width: 640px; --smush-placeholder-aspect-ratio: 640\/480;\" \/><figcaption>Pracownicy firmy DOSPEL podczas pikiety w Katowicach. <br>29.07.2019rok <\/figcaption><\/figure>\n\n\n\n<p>Wczoraj zosta\u0142a z\u0142o\u017cona petycja do naczelnika urz\u0119du z pro\u015bb\u0105 o zweryfikowanie decyzji i uwzgl\u0119dnienie wniosk\u00f3w dowodowych sk\u0142adanych przez firm\u0119. Petycj\u0119 z\u0142o\u017cy\u0142y 3 pracownice DOSPEL, kt\u00f3re co dziwne porusza\u0142y si\u0119 w obstawie ochrony. Petycja mia\u0142a by\u0107 z\u0142o\u017cona r\u00f3wnie\u017c w dziale bezpo\u015brednio zajmuj\u0105cym si\u0119 spraw\u0105, jednak nie zezwolono na to, a Panie wed\u0142ug s\u0142\u00f3w pracownik\u00f3w zosta\u0142y potraktowane opryskliwie.<\/p>\n\n\n\n<div class=\"wp-block-image\"><figure class=\"aligncenter\"><img decoding=\"async\" width=\"480\" height=\"640\" data-src=\"https:\/\/gazetaregionalna.com\/wp-content\/uploads\/2019\/07\/IMG_1148.jpg\" alt=\"\" class=\"wp-image-4737 lazyload\" data-srcset=\"https:\/\/gazetaregionalna.com\/wp-content\/uploads\/2019\/07\/IMG_1148.jpg 480w, https:\/\/gazetaregionalna.com\/wp-content\/uploads\/2019\/07\/IMG_1148-225x300.jpg 225w\" data-sizes=\"(max-width: 480px) 100vw, 480px\" src=\"data:image\/svg+xml;base64,PHN2ZyB3aWR0aD0iMSIgaGVpZ2h0PSIxIiB4bWxucz0iaHR0cDovL3d3dy53My5vcmcvMjAwMC9zdmciPjwvc3ZnPg==\" style=\"--smush-placeholder-width: 480px; --smush-placeholder-aspect-ratio: 480\/640;\" \/><figcaption> Pracownicy firmy DOSPEL podczas pikiety w Katowicach. <br>29.07.2019rok <\/figcaption><\/figure><\/div>\n\n\n\n<p>Pracownicy licz\u0105 na pozytywne rozpatrzenie sprawy &#8211; <em>&#8222;bo to o ludzi pracuj\u0105cych chodzi w tej sprawie&#8221;<\/em> &#8211; m\u00f3wi Fabian Cu\u017cytek<\/p>\n","protected":false},"excerpt":{"rendered":"<p>Wczoraj tj. 29.07.2019r. odby\u0142a si\u0119 pikieta pracownik\u00f3w z cz\u0119stochowskiej firmy DOSPEL pod budynkiem Izby Administracji Skarbowej przy ul. Paderewskiego 32b w Katowicach. Pracownicy protestowali<\/p>\n","protected":false},"author":3,"featured_media":4736,"comment_status":"open","ping_status":"open","sticky":false,"template":"","format":"standard","meta":{"_monsterinsights_skip_tracking":false,"_monsterinsights_sitenote_active":false,"_monsterinsights_sitenote_note":"","_monsterinsights_sitenote_category":0,"_uf_show_specific_survey":0,"_uf_disable_surveys":false,"footnotes":""},"categories":[3,42,2,13],"tags":[],"class_list":["post-4734","post","type-post","status-publish","format-standard","has-post-thumbnail","hentry","category-czestochowa-informacje","category-finanse","category-wiadomosci","category-wydarzenia"],"_links":{"self":[{"href":"https:\/\/gazetaregionalna.com\/index.php?rest_route=\/wp\/v2\/posts\/4734","targetHints":{"allow":["GET"]}}],"collection":[{"href":"https:\/\/gazetaregionalna.com\/index.php?rest_route=\/wp\/v2\/posts"}],"about":[{"href":"https:\/\/gazetaregionalna.com\/index.php?rest_route=\/wp\/v2\/types\/post"}],"author":[{"embeddable":true,"href":"https:\/\/gazetaregionalna.com\/index.php?rest_route=\/wp\/v2\/users\/3"}],"replies":[{"embeddable":true,"href":"https:\/\/gazetaregionalna.com\/index.php?rest_route=%2Fwp%2Fv2%2Fcomments&post=4734"}],"version-history":[{"count":1,"href":"https:\/\/gazetaregionalna.com\/index.php?rest_route=\/wp\/v2\/posts\/4734\/revisions"}],"predecessor-version":[{"id":4739,"href":"https:\/\/gazetaregionalna.com\/index.php?rest_route=\/wp\/v2\/posts\/4734\/revisions\/4739"}],"wp:featuredmedia":[{"embeddable":true,"href":"https:\/\/gazetaregionalna.com\/index.php?rest_route=\/wp\/v2\/media\/4736"}],"wp:attachment":[{"href":"https:\/\/gazetaregionalna.com\/index.php?rest_route=%2Fwp%2Fv2%2Fmedia&parent=4734"}],"wp:term":[{"taxonomy":"category","embeddable":true,"href":"https:\/\/gazetaregionalna.com\/index.php?rest_route=%2Fwp%2Fv2%2Fcategories&post=4734"},{"taxonomy":"post_tag","embeddable":true,"href":"https:\/\/gazetaregionalna.com\/index.php?rest_route=%2Fwp%2Fv2%2Ftags&post=4734"}],"curies":[{"name":"wp","href":"https:\/\/api.w.org\/{rel}","templated":true}]}}