{"id":47238,"date":"2021-07-10T13:41:02","date_gmt":"2021-07-10T13:41:02","guid":{"rendered":"https:\/\/gazetaregionalna.com\/?p=47238"},"modified":"2021-07-10T13:41:03","modified_gmt":"2021-07-10T13:41:03","slug":"w-sobote-wieczorem-leon-madsen-powalczy-o-medal-w-sec-a-w-niedziele-jakub-miskowiak-o-podium-imp","status":"publish","type":"post","link":"https:\/\/gazetaregionalna.com\/?p=47238","title":{"rendered":"W sobot\u0119 wieczorem Leon Madsen powalczy o medal w SEC, a w niedziel\u0119 Jakub Mi\u015bkowiak o podium IMP"},"content":{"rendered":"\n<p>W sobot\u0119 i w niedziel\u0119 \u017cu\u017clowcy Eltrox W\u0142\u00f3kniarz Cz\u0119stochowa b\u0119d\u0105 startowa\u0107 w wa\u017cnych imprezach indywidualnych.<\/p>\n\n\n\n<p>W sobot\u0119 na torze w Rybniku odb\u0119dzie si\u0119 4 i ostatnia runda SEC 2021. Szans\u0119 na tytu\u0142 indywidualnego mistrza Europy ma Leon Madsen, kt\u00f3ry zdoby\u0142 37 punkt\u00f3w. Madsen po 3 cyklach SEC w klasyfikacji generalnej jest na 3. pozycji i traci tylko 2 punkty do prowadz\u0105cego Du\u0144czyka Mikkela Michelsena i drugiego Piotra Pawlickiego (po 39 punkt\u00f3w).<\/p>\n\n\n\n<p>Bartosz Smekta\u0142a z Eltrox W\u0142\u00f3kniarza ma 25 punkt\u00f3w i zajmuje 7. miejsce.<\/p>\n\n\n\n<p>W niedziel\u0119 na torze w Lesznie odb\u0119dzie si\u0119 fina\u0142 Indywidualnych Mistrzostw Polski na \u017cu\u017clu. W stawce 16 \u017cu\u017clowc\u00f3w jest junior Eltrox W\u0142\u00f3kniarza Jakub Mi\u015bkowiak. Drugim rezerwowym b\u0119dzie Kacper Woryna.<\/p>\n\n\n\n<p>Obecny sezon dla Mi\u015bkowiaka jest bardzo udany i plasuje si\u0119 w czo\u0142\u00f3wce \u017cu\u017clowc\u00f3w PGE Ekstraligi. G\u0142\u00f3wnymi faworytami do z\u0142ota s\u0105 Bartosz Zmarzlik i Maciej Janowski.<\/p>\n\n\n\n<p>Foto: Gazeta Regionalna\/AK<\/p>\n\n\n\n<figure class=\"wp-block-image size-large\"><img decoding=\"async\" width=\"1024\" height=\"683\" data-src=\"https:\/\/gazetaregionalna.com\/wp-content\/uploads\/2021\/07\/DSC01584-1024x683.jpg\" alt=\"\" class=\"wp-image-47240 lazyload\" data-srcset=\"https:\/\/gazetaregionalna.com\/wp-content\/uploads\/2021\/07\/DSC01584-1024x683.jpg 1024w, https:\/\/gazetaregionalna.com\/wp-content\/uploads\/2021\/07\/DSC01584-300x200.jpg 300w, https:\/\/gazetaregionalna.com\/wp-content\/uploads\/2021\/07\/DSC01584-768x512.jpg 768w, https:\/\/gazetaregionalna.com\/wp-content\/uploads\/2021\/07\/DSC01584-1536x1024.jpg 1536w, https:\/\/gazetaregionalna.com\/wp-content\/uploads\/2021\/07\/DSC01584-2048x1365.jpg 2048w, https:\/\/gazetaregionalna.com\/wp-content\/uploads\/2021\/07\/DSC01584-696x464.jpg 696w, https:\/\/gazetaregionalna.com\/wp-content\/uploads\/2021\/07\/DSC01584-1068x712.jpg 1068w, https:\/\/gazetaregionalna.com\/wp-content\/uploads\/2021\/07\/DSC01584-1920x1280.jpg 1920w, https:\/\/gazetaregionalna.com\/wp-content\/uploads\/2021\/07\/DSC01584-630x420.jpg 630w, https:\/\/gazetaregionalna.com\/wp-content\/uploads\/2021\/07\/DSC01584-scaled.jpg 1200w\" data-sizes=\"(max-width: 1024px) 100vw, 1024px\" src=\"data:image\/svg+xml;base64,PHN2ZyB3aWR0aD0iMSIgaGVpZ2h0PSIxIiB4bWxucz0iaHR0cDovL3d3dy53My5vcmcvMjAwMC9zdmciPjwvc3ZnPg==\" style=\"--smush-placeholder-width: 1024px; --smush-placeholder-aspect-ratio: 1024\/683;\" \/><\/figure>\n\n\n\n<figure class=\"wp-block-image size-large\"><img decoding=\"async\" width=\"1024\" height=\"846\" data-src=\"https:\/\/gazetaregionalna.com\/wp-content\/uploads\/2021\/07\/DSC01586-2-1024x846.jpg\" alt=\"\" class=\"wp-image-47241 lazyload\" data-srcset=\"https:\/\/gazetaregionalna.com\/wp-content\/uploads\/2021\/07\/DSC01586-2-1024x846.jpg 1024w, https:\/\/gazetaregionalna.com\/wp-content\/uploads\/2021\/07\/DSC01586-2-300x248.jpg 300w, https:\/\/gazetaregionalna.com\/wp-content\/uploads\/2021\/07\/DSC01586-2-768x635.jpg 768w, https:\/\/gazetaregionalna.com\/wp-content\/uploads\/2021\/07\/DSC01586-2-1536x1270.jpg 1536w, https:\/\/gazetaregionalna.com\/wp-content\/uploads\/2021\/07\/DSC01586-2-2048x1693.jpg 2048w, https:\/\/gazetaregionalna.com\/wp-content\/uploads\/2021\/07\/DSC01586-2-696x575.jpg 696w, https:\/\/gazetaregionalna.com\/wp-content\/uploads\/2021\/07\/DSC01586-2-1068x883.jpg 1068w, https:\/\/gazetaregionalna.com\/wp-content\/uploads\/2021\/07\/DSC01586-2-1920x1587.jpg 1920w, https:\/\/gazetaregionalna.com\/wp-content\/uploads\/2021\/07\/DSC01586-2-508x420.jpg 508w, https:\/\/gazetaregionalna.com\/wp-content\/uploads\/2021\/07\/DSC01586-2-scaled.jpg 1200w\" data-sizes=\"(max-width: 1024px) 100vw, 1024px\" src=\"data:image\/svg+xml;base64,PHN2ZyB3aWR0aD0iMSIgaGVpZ2h0PSIxIiB4bWxucz0iaHR0cDovL3d3dy53My5vcmcvMjAwMC9zdmciPjwvc3ZnPg==\" style=\"--smush-placeholder-width: 1024px; --smush-placeholder-aspect-ratio: 1024\/846;\" \/><\/figure>\n\n\n\n<figure class=\"wp-block-image size-large\"><img decoding=\"async\" width=\"1024\" height=\"683\" data-src=\"https:\/\/gazetaregionalna.com\/wp-content\/uploads\/2021\/07\/CKM-Stal-2-1024x683.jpg\" alt=\"\" class=\"wp-image-46459 lazyload\" data-srcset=\"https:\/\/gazetaregionalna.com\/wp-content\/uploads\/2021\/07\/CKM-Stal-2-1024x683.jpg 1024w, https:\/\/gazetaregionalna.com\/wp-content\/uploads\/2021\/07\/CKM-Stal-2-300x200.jpg 300w, https:\/\/gazetaregionalna.com\/wp-content\/uploads\/2021\/07\/CKM-Stal-2-768x512.jpg 768w, https:\/\/gazetaregionalna.com\/wp-content\/uploads\/2021\/07\/CKM-Stal-2-1536x1024.jpg 1536w, https:\/\/gazetaregionalna.com\/wp-content\/uploads\/2021\/07\/CKM-Stal-2-2048x1365.jpg 2048w, https:\/\/gazetaregionalna.com\/wp-content\/uploads\/2021\/07\/CKM-Stal-2-696x464.jpg 696w, https:\/\/gazetaregionalna.com\/wp-content\/uploads\/2021\/07\/CKM-Stal-2-1068x712.jpg 1068w, https:\/\/gazetaregionalna.com\/wp-content\/uploads\/2021\/07\/CKM-Stal-2-1920x1280.jpg 1920w, https:\/\/gazetaregionalna.com\/wp-content\/uploads\/2021\/07\/CKM-Stal-2-630x420.jpg 630w, https:\/\/gazetaregionalna.com\/wp-content\/uploads\/2021\/07\/CKM-Stal-2-scaled.jpg 1200w\" data-sizes=\"(max-width: 1024px) 100vw, 1024px\" src=\"data:image\/svg+xml;base64,PHN2ZyB3aWR0aD0iMSIgaGVpZ2h0PSIxIiB4bWxucz0iaHR0cDovL3d3dy53My5vcmcvMjAwMC9zdmciPjwvc3ZnPg==\" style=\"--smush-placeholder-width: 1024px; --smush-placeholder-aspect-ratio: 1024\/683;\" \/><\/figure>\n","protected":false},"excerpt":{"rendered":"<p>W sobot\u0119 i w niedziel\u0119 \u017cu\u017clowcy Eltrox W\u0142\u00f3kniarz Cz\u0119stochowa b\u0119d\u0105 startowa\u0107 w wa\u017cnych imprezach indywidualnych. W sobot\u0119 na torze w Rybniku odb\u0119dzie si\u0119 4<\/p>\n","protected":false},"author":15,"featured_media":46459,"comment_status":"open","ping_status":"open","sticky":false,"template":"","format":"standard","meta":{"_monsterinsights_skip_tracking":false,"_monsterinsights_sitenote_active":false,"_monsterinsights_sitenote_note":"","_monsterinsights_sitenote_category":0,"_uf_show_specific_survey":0,"_uf_disable_surveys":false,"footnotes":""},"categories":[5,7],"tags":[],"class_list":["post-47238","post","type-post","status-publish","format-standard","has-post-thumbnail","hentry","category-sport","category-zuzel"],"_links":{"self":[{"href":"https:\/\/gazetaregionalna.com\/index.php?rest_route=\/wp\/v2\/posts\/47238","targetHints":{"allow":["GET"]}}],"collection":[{"href":"https:\/\/gazetaregionalna.com\/index.php?rest_route=\/wp\/v2\/posts"}],"about":[{"href":"https:\/\/gazetaregionalna.com\/index.php?rest_route=\/wp\/v2\/types\/post"}],"author":[{"embeddable":true,"href":"https:\/\/gazetaregionalna.com\/index.php?rest_route=\/wp\/v2\/users\/15"}],"replies":[{"embeddable":true,"href":"https:\/\/gazetaregionalna.com\/index.php?rest_route=%2Fwp%2Fv2%2Fcomments&post=47238"}],"version-history":[{"count":1,"href":"https:\/\/gazetaregionalna.com\/index.php?rest_route=\/wp\/v2\/posts\/47238\/revisions"}],"predecessor-version":[{"id":47242,"href":"https:\/\/gazetaregionalna.com\/index.php?rest_route=\/wp\/v2\/posts\/47238\/revisions\/47242"}],"wp:featuredmedia":[{"embeddable":true,"href":"https:\/\/gazetaregionalna.com\/index.php?rest_route=\/wp\/v2\/media\/46459"}],"wp:attachment":[{"href":"https:\/\/gazetaregionalna.com\/index.php?rest_route=%2Fwp%2Fv2%2Fmedia&parent=47238"}],"wp:term":[{"taxonomy":"category","embeddable":true,"href":"https:\/\/gazetaregionalna.com\/index.php?rest_route=%2Fwp%2Fv2%2Fcategories&post=47238"},{"taxonomy":"post_tag","embeddable":true,"href":"https:\/\/gazetaregionalna.com\/index.php?rest_route=%2Fwp%2Fv2%2Ftags&post=47238"}],"curies":[{"name":"wp","href":"https:\/\/api.w.org\/{rel}","templated":true}]}}