{"id":4722,"date":"2019-07-29T09:56:38","date_gmt":"2019-07-29T09:56:38","guid":{"rendered":"https:\/\/gazetaregionalna.com\/?p=4722"},"modified":"2019-07-29T09:56:41","modified_gmt":"2019-07-29T09:56:41","slug":"rzucil-sie-z-nozem-na-matke","status":"publish","type":"post","link":"https:\/\/gazetaregionalna.com\/?p=4722","title":{"rendered":"Rzuci\u0142 si\u0119 z no\u017cem na matk\u0119"},"content":{"rendered":"\n<p>Na trzy miesi\u0105ce trafi\u0142 do aresztu cz\u0119stochowianin, kt\u00f3ry zaatakowa\u0142 swoj\u0105 matk\u0119, wielokrotnie rani\u0105c kobiet\u0119 no\u017cem. Tylko dzi\u0119ki przypadkowym przechodniom, kt\u00f3rzy zareagowali na krzyk kobiety, uda\u0142o si\u0119 uratowa\u0107 zaatakowan\u0105. Kobieta jest jednak w stanie ci\u0119\u017ckim i przebywa w szpitalu.<br> 41-letniego syna rannej kobiety zatrzymali policjanci z komisariatu pi\u0105tego. Zostali oni wezwani przez przypadkowych przechodni\u00f3w, kt\u00f3rzy us\u0142yszeli krzyki kobiety. Jak ustali\u0142a policja, 41-letni m\u0119\u017cczyzna w trakcie k\u0142\u00f3tni pobi\u0142 swoj\u0105 63-letni\u0105 matk\u0119, a nast\u0119pnie wielokrotnie rani\u0142 j\u0105 no\u017cem. <\/p>\n\n\n\n<figure class=\"wp-block-image is-resized\"><img decoding=\"async\" data-src=\"https:\/\/gazetaregionalna.com\/wp-content\/uploads\/2019\/06\/pobrane.jpg\" alt=\"\" class=\"wp-image-3700 lazyload\" width=\"566\" height=\"287\" data-srcset=\"https:\/\/gazetaregionalna.com\/wp-content\/uploads\/2019\/06\/pobrane.jpg 316w, https:\/\/gazetaregionalna.com\/wp-content\/uploads\/2019\/06\/pobrane-300x152.jpg 300w\" data-sizes=\"(max-width: 566px) 100vw, 566px\" src=\"data:image\/svg+xml;base64,PHN2ZyB3aWR0aD0iMSIgaGVpZ2h0PSIxIiB4bWxucz0iaHR0cDovL3d3dy53My5vcmcvMjAwMC9zdmciPjwvc3ZnPg==\" style=\"--smush-placeholder-width: 566px; --smush-placeholder-aspect-ratio: 566\/287;\" \/><\/figure>\n\n\n\n<p>Zaatakowanej kobiecie uda\u0142o si\u0119 wybiec na balkon i zawo\u0142a\u0107 pomoc. Jej krzyki us\u0142yszeli przypadkowi przechodnie. To dzi\u0119ki ich reakcji uda\u0142o si\u0119 uratowa\u0107 kobiet\u0119 i zatrzyma\u0107 jej agresywnego syna. Dw\u00f3ch m\u0119\u017cczyzn wbieg\u0142o do mieszkania, w kt\u00f3rym rozgrywa\u0142a si\u0119 tragedia i obezw\u0142adni\u0142o napastnika. Inny ze \u015bwiadk\u00f3w udzieli\u0142 kobiecie pierwszej pomocy. Dzi\u0119ki reakcji i odwadze przechodni\u00f3w 63-latka na czas trafi\u0142a na st\u00f3\u0142 operacyjny, co uratowa\u0142o jej \u017cycie.<br> Decyzj\u0105 s\u0105du, najbli\u017csze 3 miesi\u0105ce 41-latek\u00a0sp\u0119dzi w areszcie. O jego dalszym losie zdecyduje s\u0105d. M\u0119\u017cczyzna odpowie\u00a0za usi\u0142owanie\u00a0zab\u00f3jstwa.<\/p>\n","protected":false},"excerpt":{"rendered":"<p>Na trzy miesi\u0105ce trafi\u0142 do aresztu cz\u0119stochowianin, kt\u00f3ry zaatakowa\u0142 swoj\u0105 matk\u0119, wielokrotnie rani\u0105c kobiet\u0119 no\u017cem. Tylko dzi\u0119ki przypadkowym przechodniom, kt\u00f3rzy zareagowali na krzyk kobiety,<\/p>\n","protected":false},"author":3,"featured_media":3059,"comment_status":"open","ping_status":"open","sticky":false,"template":"","format":"standard","meta":{"_monsterinsights_skip_tracking":false,"_monsterinsights_sitenote_active":false,"_monsterinsights_sitenote_note":"","_monsterinsights_sitenote_category":0,"_uf_show_specific_survey":0,"_uf_disable_surveys":false,"footnotes":""},"categories":[3,2],"tags":[],"class_list":["post-4722","post","type-post","status-publish","format-standard","has-post-thumbnail","hentry","category-czestochowa-informacje","category-wiadomosci"],"_links":{"self":[{"href":"https:\/\/gazetaregionalna.com\/index.php?rest_route=\/wp\/v2\/posts\/4722","targetHints":{"allow":["GET"]}}],"collection":[{"href":"https:\/\/gazetaregionalna.com\/index.php?rest_route=\/wp\/v2\/posts"}],"about":[{"href":"https:\/\/gazetaregionalna.com\/index.php?rest_route=\/wp\/v2\/types\/post"}],"author":[{"embeddable":true,"href":"https:\/\/gazetaregionalna.com\/index.php?rest_route=\/wp\/v2\/users\/3"}],"replies":[{"embeddable":true,"href":"https:\/\/gazetaregionalna.com\/index.php?rest_route=%2Fwp%2Fv2%2Fcomments&post=4722"}],"version-history":[{"count":1,"href":"https:\/\/gazetaregionalna.com\/index.php?rest_route=\/wp\/v2\/posts\/4722\/revisions"}],"predecessor-version":[{"id":4723,"href":"https:\/\/gazetaregionalna.com\/index.php?rest_route=\/wp\/v2\/posts\/4722\/revisions\/4723"}],"wp:featuredmedia":[{"embeddable":true,"href":"https:\/\/gazetaregionalna.com\/index.php?rest_route=\/wp\/v2\/media\/3059"}],"wp:attachment":[{"href":"https:\/\/gazetaregionalna.com\/index.php?rest_route=%2Fwp%2Fv2%2Fmedia&parent=4722"}],"wp:term":[{"taxonomy":"category","embeddable":true,"href":"https:\/\/gazetaregionalna.com\/index.php?rest_route=%2Fwp%2Fv2%2Fcategories&post=4722"},{"taxonomy":"post_tag","embeddable":true,"href":"https:\/\/gazetaregionalna.com\/index.php?rest_route=%2Fwp%2Fv2%2Ftags&post=4722"}],"curies":[{"name":"wp","href":"https:\/\/api.w.org\/{rel}","templated":true}]}}