{"id":47176,"date":"2021-07-09T14:17:52","date_gmt":"2021-07-09T14:17:52","guid":{"rendered":"https:\/\/gazetaregionalna.com\/?p=47176"},"modified":"2021-07-09T14:17:53","modified_gmt":"2021-07-09T14:17:53","slug":"mlodziezowcy-wlokniarza-jechali-w-pucharze-ekstraligi-do-250cc","status":"publish","type":"post","link":"https:\/\/gazetaregionalna.com\/?p=47176","title":{"rendered":"M\u0142odzie\u017cowcy W\u0142\u00f3kniarza jechali w Pucharze Ekstraligi do 250cc"},"content":{"rendered":"\n<p>Dw\u00f3ch m\u0142odzie\u017cowc\u00f3w Bocar W\u0142\u00f3kniarz: Szymon Ludwiczak i Kacper Halkiewicz startowali w Zielonej G\u00f3rze w Pucharze Ekstraligi do 250 cc.<\/p>\n\n\n\n<p>Szymon Ludwiczak z 10 punktami (2,2,1,2,3) zosta\u0142 sklasyfikowany na 6. miejscu. Kacper Halkiewicz zdoby\u0142 8 punkt\u00f3w (1,2,3,1,1) i zaj\u0105\u0142 8. pozycj\u0119 w turnieju.<\/p>\n\n\n\n<p>Foto: Materia\u0142y prasowe klubu <\/p>\n","protected":false},"excerpt":{"rendered":"<p>Dw\u00f3ch m\u0142odzie\u017cowc\u00f3w Bocar W\u0142\u00f3kniarz: Szymon Ludwiczak i Kacper Halkiewicz startowali w Zielonej G\u00f3rze w Pucharze Ekstraligi do 250 cc. Szymon Ludwiczak z 10 punktami<\/p>\n","protected":false},"author":15,"featured_media":45416,"comment_status":"open","ping_status":"open","sticky":false,"template":"","format":"standard","meta":{"_monsterinsights_skip_tracking":false,"_monsterinsights_sitenote_active":false,"_monsterinsights_sitenote_note":"","_monsterinsights_sitenote_category":0,"_uf_show_specific_survey":0,"_uf_disable_surveys":false,"footnotes":""},"categories":[5,7],"tags":[],"class_list":["post-47176","post","type-post","status-publish","format-standard","has-post-thumbnail","hentry","category-sport","category-zuzel"],"_links":{"self":[{"href":"https:\/\/gazetaregionalna.com\/index.php?rest_route=\/wp\/v2\/posts\/47176","targetHints":{"allow":["GET"]}}],"collection":[{"href":"https:\/\/gazetaregionalna.com\/index.php?rest_route=\/wp\/v2\/posts"}],"about":[{"href":"https:\/\/gazetaregionalna.com\/index.php?rest_route=\/wp\/v2\/types\/post"}],"author":[{"embeddable":true,"href":"https:\/\/gazetaregionalna.com\/index.php?rest_route=\/wp\/v2\/users\/15"}],"replies":[{"embeddable":true,"href":"https:\/\/gazetaregionalna.com\/index.php?rest_route=%2Fwp%2Fv2%2Fcomments&post=47176"}],"version-history":[{"count":1,"href":"https:\/\/gazetaregionalna.com\/index.php?rest_route=\/wp\/v2\/posts\/47176\/revisions"}],"predecessor-version":[{"id":47178,"href":"https:\/\/gazetaregionalna.com\/index.php?rest_route=\/wp\/v2\/posts\/47176\/revisions\/47178"}],"wp:featuredmedia":[{"embeddable":true,"href":"https:\/\/gazetaregionalna.com\/index.php?rest_route=\/wp\/v2\/media\/45416"}],"wp:attachment":[{"href":"https:\/\/gazetaregionalna.com\/index.php?rest_route=%2Fwp%2Fv2%2Fmedia&parent=47176"}],"wp:term":[{"taxonomy":"category","embeddable":true,"href":"https:\/\/gazetaregionalna.com\/index.php?rest_route=%2Fwp%2Fv2%2Fcategories&post=47176"},{"taxonomy":"post_tag","embeddable":true,"href":"https:\/\/gazetaregionalna.com\/index.php?rest_route=%2Fwp%2Fv2%2Ftags&post=47176"}],"curies":[{"name":"wp","href":"https:\/\/api.w.org\/{rel}","templated":true}]}}