{"id":47170,"date":"2021-07-09T14:17:43","date_gmt":"2021-07-09T14:17:43","guid":{"rendered":"https:\/\/gazetaregionalna.com\/?p=47170"},"modified":"2021-07-09T14:17:44","modified_gmt":"2021-07-09T14:17:44","slug":"nawalnica-przeszla-nad-powiatem-klobuckim-powalone-drzewa-zerwane-dachy","status":"publish","type":"post","link":"https:\/\/gazetaregionalna.com\/?p=47170","title":{"rendered":"Nawa\u0142nica przesz\u0142a nad powiatem k\u0142obuckim. Powalone drzewa, zerwane dachy"},"content":{"rendered":"\n<h2 class=\"wp-block-heading\">Nawa\u0142nica przesz\u0142a nad powiatem k\u0142obuckim. Powalone drzewa, zerwane dachy. Najbardziej ucierpia\u0142a miejscowo\u015b\u0107 Starokrzepice.<\/h2>\n\n\n\n<p>Ponad 20 interwencji odnotowa\u0142a po niedawnej burzy Powiatowa Komenda Stra\u017cy Po\u017carnej w K\u0142obucku. Najwi\u0119cej pracy stra\u017cacy mieli w Starokrzepicach, ale na szcz\u0119\u015bcie z powodu burzy nikt nie ucierpia\u0142.<\/p>\n\n\n\n<p>&#8211; Na ten moment mamy 23 zg\u0142oszenia zwi\u0105zane z burz\u0105 &#8211; informowa\u0142a nas rzeczniczka k\u0142obuckiej PSP st. kpt. Kamila Pud\u0142o. &#8211; Zg\u0142oszenia dotycz\u0105 g\u0142\u00f3wnie powalonych drzew i urwanych ga\u0142\u0119zi, kt\u00f3re spad\u0142y na drog\u0119. Odnotowano r\u00f3wnie\u017c trzy zerwane dachy: dwa na budynkach mieszkalnych i jeden na budynku gospodarczym. Te zg\u0142oszenia s\u0105 w\u0142a\u015bnie ze Starokrzepic  &#8211; doda\u0142a przedstawicielka k\u0142obuckiej stra\u017cy.<\/p>\n","protected":false},"excerpt":{"rendered":"<p>Nawa\u0142nica przesz\u0142a nad powiatem k\u0142obuckim. Powalone drzewa, zerwane dachy. Najbardziej ucierpia\u0142a miejscowo\u015b\u0107 Starokrzepice. Ponad 20 interwencji odnotowa\u0142a po niedawnej burzy Powiatowa Komenda Stra\u017cy Po\u017carnej<\/p>\n","protected":false},"author":7,"featured_media":0,"comment_status":"open","ping_status":"open","sticky":false,"template":"","format":"standard","meta":{"_monsterinsights_skip_tracking":false,"_monsterinsights_sitenote_active":false,"_monsterinsights_sitenote_note":"","_monsterinsights_sitenote_category":0,"_uf_show_specific_survey":0,"_uf_disable_surveys":false,"footnotes":""},"categories":[94,27,4,2],"tags":[],"class_list":["post-47170","post","type-post","status-publish","format-standard","hentry","category-polecane","category-klobuck-informacje","category-region","category-wiadomosci"],"_links":{"self":[{"href":"https:\/\/gazetaregionalna.com\/index.php?rest_route=\/wp\/v2\/posts\/47170","targetHints":{"allow":["GET"]}}],"collection":[{"href":"https:\/\/gazetaregionalna.com\/index.php?rest_route=\/wp\/v2\/posts"}],"about":[{"href":"https:\/\/gazetaregionalna.com\/index.php?rest_route=\/wp\/v2\/types\/post"}],"author":[{"embeddable":true,"href":"https:\/\/gazetaregionalna.com\/index.php?rest_route=\/wp\/v2\/users\/7"}],"replies":[{"embeddable":true,"href":"https:\/\/gazetaregionalna.com\/index.php?rest_route=%2Fwp%2Fv2%2Fcomments&post=47170"}],"version-history":[{"count":5,"href":"https:\/\/gazetaregionalna.com\/index.php?rest_route=\/wp\/v2\/posts\/47170\/revisions"}],"predecessor-version":[{"id":47177,"href":"https:\/\/gazetaregionalna.com\/index.php?rest_route=\/wp\/v2\/posts\/47170\/revisions\/47177"}],"wp:attachment":[{"href":"https:\/\/gazetaregionalna.com\/index.php?rest_route=%2Fwp%2Fv2%2Fmedia&parent=47170"}],"wp:term":[{"taxonomy":"category","embeddable":true,"href":"https:\/\/gazetaregionalna.com\/index.php?rest_route=%2Fwp%2Fv2%2Fcategories&post=47170"},{"taxonomy":"post_tag","embeddable":true,"href":"https:\/\/gazetaregionalna.com\/index.php?rest_route=%2Fwp%2Fv2%2Ftags&post=47170"}],"curies":[{"name":"wp","href":"https:\/\/api.w.org\/{rel}","templated":true}]}}