{"id":4714,"date":"2019-07-29T09:14:29","date_gmt":"2019-07-29T09:14:29","guid":{"rendered":"https:\/\/gazetaregionalna.com\/?p=4714"},"modified":"2019-07-29T09:14:32","modified_gmt":"2019-07-29T09:14:32","slug":"odlotowe-urodziny-stacji-grawitacja","status":"publish","type":"post","link":"https:\/\/gazetaregionalna.com\/?p=4714","title":{"rendered":"Odlotowe urodziny Stacji Grawitacja"},"content":{"rendered":"\n<p>Rok temu, a dok\u0142adnie 4 sierpnia 2018\nroku, na mapie atrakcji Cz\u0119stochowy pojawi\u0142o si\u0119 nowe, nietuzinkowe miejsce \u2014\nPark Trampolin Stacja Grawitacja.<\/p>\n\n\n\n<p>Stacja Grawitacja, mieszcz\u0105ca si\u0119 przy\nul. B\u00f3r 164 , to jedyne tego rodzaju miejsce w wojew\u00f3dzkie \u015bl\u0105skim i jedno z\nniewielu w kraju, w kt\u00f3rym dos\u0142ownie mo\u017cna si\u0119 oderwa\u0107 od przyziemnych spraw i\ntrosk. Z licznych atrakcji Parku Trampolin od dwunastu miesi\u0119cy korzysta\u0107 mog\u0105\nzar\u00f3wno dzieci i m\u0142odzie\u017c, jak i doro\u015bli.<\/p>\n\n\n\n<ul class=\"wp-block-gallery columns-3 is-cropped wp-block-gallery-1 is-layout-flex wp-block-gallery-is-layout-flex\"><li class=\"blocks-gallery-item\"><figure><img decoding=\"async\" width=\"1024\" height=\"683\" data-src=\"https:\/\/gazetaregionalna.com\/wp-content\/uploads\/2019\/07\/panatom_ttab-1-1-1024x683.jpg\" alt=\"\" data-id=\"4715\" data-link=\"https:\/\/gazetaregionalna.com\/?attachment_id=4715\" class=\"wp-image-4715 lazyload\" data-srcset=\"https:\/\/gazetaregionalna.com\/wp-content\/uploads\/2019\/07\/panatom_ttab-1-1-1024x683.jpg 1024w, https:\/\/gazetaregionalna.com\/wp-content\/uploads\/2019\/07\/panatom_ttab-1-1-300x200.jpg 300w, https:\/\/gazetaregionalna.com\/wp-content\/uploads\/2019\/07\/panatom_ttab-1-1-768x512.jpg 768w, https:\/\/gazetaregionalna.com\/wp-content\/uploads\/2019\/07\/panatom_ttab-1-1.jpg 1600w\" data-sizes=\"(max-width: 1024px) 100vw, 1024px\" src=\"data:image\/svg+xml;base64,PHN2ZyB3aWR0aD0iMSIgaGVpZ2h0PSIxIiB4bWxucz0iaHR0cDovL3d3dy53My5vcmcvMjAwMC9zdmciPjwvc3ZnPg==\" style=\"--smush-placeholder-width: 1024px; --smush-placeholder-aspect-ratio: 1024\/683;\" \/><\/figure><\/li><li class=\"blocks-gallery-item\"><figure><img decoding=\"async\" width=\"1024\" height=\"683\" data-src=\"https:\/\/gazetaregionalna.com\/wp-content\/uploads\/2019\/07\/panatom_ttab-1-2-1024x683.jpg\" alt=\"\" data-id=\"4716\" data-link=\"https:\/\/gazetaregionalna.com\/?attachment_id=4716\" class=\"wp-image-4716 lazyload\" data-srcset=\"https:\/\/gazetaregionalna.com\/wp-content\/uploads\/2019\/07\/panatom_ttab-1-2-1024x683.jpg 1024w, https:\/\/gazetaregionalna.com\/wp-content\/uploads\/2019\/07\/panatom_ttab-1-2-300x200.jpg 300w, https:\/\/gazetaregionalna.com\/wp-content\/uploads\/2019\/07\/panatom_ttab-1-2-768x512.jpg 768w, https:\/\/gazetaregionalna.com\/wp-content\/uploads\/2019\/07\/panatom_ttab-1-2.jpg 1600w\" data-sizes=\"(max-width: 1024px) 100vw, 1024px\" src=\"data:image\/svg+xml;base64,PHN2ZyB3aWR0aD0iMSIgaGVpZ2h0PSIxIiB4bWxucz0iaHR0cDovL3d3dy53My5vcmcvMjAwMC9zdmciPjwvc3ZnPg==\" style=\"--smush-placeholder-width: 1024px; --smush-placeholder-aspect-ratio: 1024\/683;\" \/><\/figure><\/li><li class=\"blocks-gallery-item\"><figure><img decoding=\"async\" width=\"715\" height=\"400\" data-src=\"https:\/\/gazetaregionalna.com\/wp-content\/uploads\/2019\/07\/panatom_ttab-1-7-715x400.jpg\" alt=\"\" data-id=\"4717\" data-link=\"https:\/\/gazetaregionalna.com\/?attachment_id=4717\" class=\"wp-image-4717 lazyload\" data-srcset=\"https:\/\/gazetaregionalna.com\/wp-content\/uploads\/2019\/07\/panatom_ttab-1-7-715x400.jpg 715w, https:\/\/gazetaregionalna.com\/wp-content\/uploads\/2019\/07\/panatom_ttab-1-7-715x400-300x168.jpg 300w\" data-sizes=\"(max-width: 715px) 100vw, 715px\" src=\"data:image\/svg+xml;base64,PHN2ZyB3aWR0aD0iMSIgaGVpZ2h0PSIxIiB4bWxucz0iaHR0cDovL3d3dy53My5vcmcvMjAwMC9zdmciPjwvc3ZnPg==\" style=\"--smush-placeholder-width: 715px; --smush-placeholder-aspect-ratio: 715\/400;\" \/><\/figure><\/li><li class=\"blocks-gallery-item\"><figure><img decoding=\"async\" width=\"1024\" height=\"732\" data-src=\"https:\/\/gazetaregionalna.com\/wp-content\/uploads\/2019\/07\/panatom_ttab-1-9-1024x732.jpg\" alt=\"\" data-id=\"4718\" data-link=\"https:\/\/gazetaregionalna.com\/?attachment_id=4718\" class=\"wp-image-4718 lazyload\" data-srcset=\"https:\/\/gazetaregionalna.com\/wp-content\/uploads\/2019\/07\/panatom_ttab-1-9-1024x732.jpg 1024w, https:\/\/gazetaregionalna.com\/wp-content\/uploads\/2019\/07\/panatom_ttab-1-9-300x214.jpg 300w, https:\/\/gazetaregionalna.com\/wp-content\/uploads\/2019\/07\/panatom_ttab-1-9-768x549.jpg 768w, https:\/\/gazetaregionalna.com\/wp-content\/uploads\/2019\/07\/panatom_ttab-1-9.jpg 1600w\" data-sizes=\"(max-width: 1024px) 100vw, 1024px\" src=\"data:image\/svg+xml;base64,PHN2ZyB3aWR0aD0iMSIgaGVpZ2h0PSIxIiB4bWxucz0iaHR0cDovL3d3dy53My5vcmcvMjAwMC9zdmciPjwvc3ZnPg==\" style=\"--smush-placeholder-width: 1024px; --smush-placeholder-aspect-ratio: 1024\/732;\" \/><\/figure><\/li><li class=\"blocks-gallery-item\"><figure><img decoding=\"async\" width=\"715\" height=\"400\" data-src=\"https:\/\/gazetaregionalna.com\/wp-content\/uploads\/2019\/07\/38461287_1055414801273674_9108865812151664640_o-715x400.jpg\" alt=\"\" data-id=\"4719\" data-link=\"https:\/\/gazetaregionalna.com\/?attachment_id=4719\" class=\"wp-image-4719 lazyload\" data-srcset=\"https:\/\/gazetaregionalna.com\/wp-content\/uploads\/2019\/07\/38461287_1055414801273674_9108865812151664640_o-715x400.jpg 715w, https:\/\/gazetaregionalna.com\/wp-content\/uploads\/2019\/07\/38461287_1055414801273674_9108865812151664640_o-715x400-300x168.jpg 300w\" data-sizes=\"(max-width: 715px) 100vw, 715px\" src=\"data:image\/svg+xml;base64,PHN2ZyB3aWR0aD0iMSIgaGVpZ2h0PSIxIiB4bWxucz0iaHR0cDovL3d3dy53My5vcmcvMjAwMC9zdmciPjwvc3ZnPg==\" style=\"--smush-placeholder-width: 715px; --smush-placeholder-aspect-ratio: 715\/400;\" \/><\/figure><\/li><li class=\"blocks-gallery-item\"><figure><img decoding=\"async\" width=\"1024\" height=\"683\" data-src=\"https:\/\/gazetaregionalna.com\/wp-content\/uploads\/2019\/07\/38531479_1055415297940291_3397046452252311552_o-1024x683-1024x683.jpg\" alt=\"\" data-id=\"4720\" data-link=\"https:\/\/gazetaregionalna.com\/?attachment_id=4720\" class=\"wp-image-4720 lazyload\" data-srcset=\"https:\/\/gazetaregionalna.com\/wp-content\/uploads\/2019\/07\/38531479_1055415297940291_3397046452252311552_o-1024x683.jpg 1024w, https:\/\/gazetaregionalna.com\/wp-content\/uploads\/2019\/07\/38531479_1055415297940291_3397046452252311552_o-1024x683-300x200.jpg 300w, https:\/\/gazetaregionalna.com\/wp-content\/uploads\/2019\/07\/38531479_1055415297940291_3397046452252311552_o-1024x683-768x512.jpg 768w\" data-sizes=\"(max-width: 1024px) 100vw, 1024px\" src=\"data:image\/svg+xml;base64,PHN2ZyB3aWR0aD0iMSIgaGVpZ2h0PSIxIiB4bWxucz0iaHR0cDovL3d3dy53My5vcmcvMjAwMC9zdmciPjwvc3ZnPg==\" style=\"--smush-placeholder-width: 1024px; --smush-placeholder-aspect-ratio: 1024\/683;\" \/><\/figure><\/li><\/ul>\n\n\n\n<p>Z okazji pierwszych urodzin Stacja\nszykuje wiele atrakcji. Jak zapewnia Adrian D\u0105browski, marketing manager Parku\nTrampolin, b\u0119dzie ciekawie i weso\u0142o. W dniu urodzin, czyli 4 sierpnia Park\nTrampolin zaprasza wszystkich do skorzystania z atrakcyjnych, jubileuszowych\npromocji. Ka\u017cda osoba przy wykupieniu wej\u015bcia na minimum 2 godziny wchodzi z\ndrug\u0105 osob\u0105 za darmo.<\/p>\n\n\n\n<p>To nie koniec niespodzianek. Na go\u015bci\nczeka\u0107 b\u0119d\u0105 tematyczne konkursy: Konkurs Ninja, Konkurs Koszykarski, Konkurs\nSiatkarski i Konkurs Gladiator.<\/p>\n\n\n\n<p>Stacja Grawitacja cieszy\u0107 si\u0119 b\u0119dzie z\ncz\u0119stochowianami ze swojego jubileuszu nie tylko jeden dzie\u0144 &#8211; 4 sierpnia. W\ndniach 5-11 sierpnia zaplanowano AfterParty, po\u0142\u0105czone z dodatkowymi atrakcjami\ni promocjami. Ka\u017cda osoba, kt\u00f3ra mi\u0119dzy 5 a 11 sierpnia przyjdzie do Stacji\nGrawitacja i wykupi zabaw\u0119 na dwie godziny, jedn\u0105 godzin\u0119 rozrywki dostaje od\nw\u0142a\u015bcicieli Stacji w prezencie. Powt\u00f3rzone zostan\u0105 tak\u017ce te same konkursy\ntematyczne, co w dniu urodzin Parku Trampolin.<\/p>\n\n\n\n<p>Z jakich atrakcji mo\u017cna skorzysta\u0107 w\nStacji Grawitacja? Ot\u00f3\u017c bardzo r\u00f3\u017cnych. Ka\u017cdy, kto lubi zabaw\u0119 po\u0142\u0105czon\u0105 z\naktywno\u015bci\u0105 fizyczn\u0105 znajdzie co\u015b ciekawego dla siebie.<\/p>\n\n\n\n<p>W obiekcie znajduj\u0105 si\u0119: park trampolin,\ntor przeszk\u00f3d Ninja, na kt\u00f3rym mo\u017cemy sprawdzi\u0107 sprawno\u015b\u0107 naszego cia\u0142a,\n\u015bcianka wspinaczkowa dla dzieci i doros\u0142ych, dwupoziomowy park linowy z\ndwudziestoma czterema bardzo zr\u00f3\u017cnicowanymi przeszkodami. Na miejscu\nzlokalizowane s\u0105 ponadto: boisko do siatk\u00f3wki na trampolinach oraz boisko do\nkoszyk\u00f3wki z trampolinami pod koszami.<\/p>\n\n\n\n<p>\u2013 Zapraszamy dzieci ju\u017c od trzeciego roku\n\u017cycia \u2013 zach\u0119ca Adrian D\u0105browski, marketing manager Parku Trampolin. \u2013 G\u00f3rnej\ngranicy wiekowej nie ma. Z naszych trampolin, parku linowego i \u015bcianki\nwspinaczkowej mo\u017ce korzysta\u0107 ka\u017cdy, kto czuje si\u0119 na si\u0142ach i zamierza dobrze\nsi\u0119 bawi\u0107.<\/p>\n\n\n\n<p>Przedstawiciele Parku Trampolin\nzapewniaj\u0105, \u017ce zabawa u nich jest nie tylko wspania\u0142a, ale tak\u017ce bezpieczna. Do\nbudowy Stacji firma wykorzystywa\u0142a bowiem najwy\u017cszej jako\u015bci, odporne\nmateria\u0142y. Wszystkie urz\u0105dzenia posiadaj\u0105 niezb\u0119dne atesty, a pracownicy s\u0105\nodpowiednio przeszkoleni, aby czuwa\u0107 nad bezpiecze\u0144stwem go\u015bci.<\/p>\n\n\n\n<p>Du\u017ca, zaaran\u017cowana specjalnie na potrzeby\nStacji przestrze\u0144 umo\u017cliwia jednoczesn\u0105 zabaw\u0119 nawet 150 os\u00f3b.<\/p>\n\n\n\n<p>Obiekt jest przystosowany r\u00f3wnie\u017c do\npotrzeb os\u00f3b niepe\u0142nosprawnych. One tak\u017ce mog\u0105 si\u0119 cieszy\u0107 ofert\u0105 parku.<\/p>\n\n\n\n<p>Wej\u015bcie na teren parku odbywa si\u0119 zawsze\no pe\u0142nej godzinie, a wykupiony bilet upowa\u017cnia do korzystania ze wszystkich\natrakcji. Wizyta w Stacji to \u015bwietny spos\u00f3b na relaks zar\u00f3wno indywidualnych\nos\u00f3b, jak i wi\u0119kszych, zorganizowanych grup. To dobry pomys\u0142 na przyk\u0142ad na\nnietuzinkowe zaj\u0119cia z WF-u.<\/p>\n\n\n\n<p>Stacja Grawitacja ma w swojej ofercie\nr\u00f3wnie\u017c organizacj\u0119 r\u00f3\u017cnego rodzaju okoliczno\u015bciowych imprez. W parku mo\u017cna\nwspaniale sp\u0119dzi\u0107 urodziny z przyjaci\u00f3\u0142mi, zorganizowa\u0107 spotkanie integracyjne\ndla pracownik\u00f3w, a nawet wiecz\u00f3r panie\u0144ski lub kawalerski.<\/p>\n\n\n\n<p>Cz\u0119stochowski park trampolin dysponuje\nodpowiednim zapleczem zar\u00f3wno sanitarnym, jak i gastronomicznym. Na pi\u0119trze\nznajduje si\u0119 bar, w kt\u00f3rym mo\u017cna wypi\u0107 kaw\u0119, podziwiaj\u0105c jednocze\u015bnie akrobacje\nna trampolinach.<\/p>\n\n\n\n<p>Warto wi\u0119c odwiedzi\u0107 to miejsce zar\u00f3wno w\ndniu urodzin Stacji, jak i p\u00f3\u017aniej. Zabawa i emocje gwarantowane.<\/p>\n","protected":false},"excerpt":{"rendered":"<p>Rok temu, a dok\u0142adnie 4 sierpnia 2018 roku, na mapie atrakcji Cz\u0119stochowy pojawi\u0142o si\u0119 nowe, nietuzinkowe miejsce \u2014 Park Trampolin Stacja Grawitacja. Stacja Grawitacja,<\/p>\n","protected":false},"author":3,"featured_media":4718,"comment_status":"open","ping_status":"open","sticky":false,"template":"","format":"standard","meta":{"_monsterinsights_skip_tracking":false,"_monsterinsights_sitenote_active":false,"_monsterinsights_sitenote_note":"","_monsterinsights_sitenote_category":0,"_uf_show_specific_survey":0,"_uf_disable_surveys":false,"footnotes":""},"categories":[3,12,2],"tags":[],"class_list":["post-4714","post","type-post","status-publish","format-standard","has-post-thumbnail","hentry","category-czestochowa-informacje","category-kultura-i-rozrywka","category-wiadomosci"],"_links":{"self":[{"href":"https:\/\/gazetaregionalna.com\/index.php?rest_route=\/wp\/v2\/posts\/4714","targetHints":{"allow":["GET"]}}],"collection":[{"href":"https:\/\/gazetaregionalna.com\/index.php?rest_route=\/wp\/v2\/posts"}],"about":[{"href":"https:\/\/gazetaregionalna.com\/index.php?rest_route=\/wp\/v2\/types\/post"}],"author":[{"embeddable":true,"href":"https:\/\/gazetaregionalna.com\/index.php?rest_route=\/wp\/v2\/users\/3"}],"replies":[{"embeddable":true,"href":"https:\/\/gazetaregionalna.com\/index.php?rest_route=%2Fwp%2Fv2%2Fcomments&post=4714"}],"version-history":[{"count":1,"href":"https:\/\/gazetaregionalna.com\/index.php?rest_route=\/wp\/v2\/posts\/4714\/revisions"}],"predecessor-version":[{"id":4721,"href":"https:\/\/gazetaregionalna.com\/index.php?rest_route=\/wp\/v2\/posts\/4714\/revisions\/4721"}],"wp:featuredmedia":[{"embeddable":true,"href":"https:\/\/gazetaregionalna.com\/index.php?rest_route=\/wp\/v2\/media\/4718"}],"wp:attachment":[{"href":"https:\/\/gazetaregionalna.com\/index.php?rest_route=%2Fwp%2Fv2%2Fmedia&parent=4714"}],"wp:term":[{"taxonomy":"category","embeddable":true,"href":"https:\/\/gazetaregionalna.com\/index.php?rest_route=%2Fwp%2Fv2%2Fcategories&post=4714"},{"taxonomy":"post_tag","embeddable":true,"href":"https:\/\/gazetaregionalna.com\/index.php?rest_route=%2Fwp%2Fv2%2Ftags&post=4714"}],"curies":[{"name":"wp","href":"https:\/\/api.w.org\/{rel}","templated":true}]}}