{"id":4712,"date":"2019-07-29T09:01:39","date_gmt":"2019-07-29T09:01:39","guid":{"rendered":"https:\/\/gazetaregionalna.com\/?p=4712"},"modified":"2019-07-29T09:01:41","modified_gmt":"2019-07-29T09:01:41","slug":"w-muzeum-inaczej-2","status":"publish","type":"post","link":"https:\/\/gazetaregionalna.com\/?p=4712","title":{"rendered":"W muzeum inaczej"},"content":{"rendered":"\n<p>Mimo wakacji\nw radomszcza\u0144skiej kulturze sporo si\u0119 dzieje. Na przyk\u0142ad Muzeum Regionalne\nprzesz\u0142o metamorfoz\u0119. &nbsp;Otwarto zmodernizowan\u0105\nsta\u0142\u0105 &nbsp;wystaw\u0119: \u201eZbiory sztuki w\nradomszcza\u0144skim muzeum\u201d. Ponadto zaprezentowano nowo nabyte eksponaty.<\/p>\n\n\n\n<p>&#8211; Dobrze znana wystawa\nzosta\u0142a pokazana zupe\u0142nie w nowej &nbsp;&nbsp;&#8211; informuje Urz\u0105d Miasta. &#8211; &nbsp;Eksponatom uda\u0142o si\u0119 przywr\u00f3ci\u0107 blask, a tak\u017ce\nnada\u0107 innego wyrazu.<\/p>\n\n\n\n<ul class=\"wp-block-gallery columns-3 is-cropped wp-block-gallery-1 is-layout-flex wp-block-gallery-is-layout-flex\"><li class=\"blocks-gallery-item\"><figure><img decoding=\"async\" width=\"1024\" height=\"631\" data-src=\"https:\/\/gazetaregionalna.com\/wp-content\/uploads\/2019\/07\/dsc2297-30-1563801504-1024x631.jpg\" alt=\"\" data-id=\"4697\" data-link=\"https:\/\/gazetaregionalna.com\/w-muzeum-inaczej\/dsc2297-30-1563801504\/\" class=\"wp-image-4697 lazyload\" data-srcset=\"https:\/\/gazetaregionalna.com\/wp-content\/uploads\/2019\/07\/dsc2297-30-1563801504.jpg 1024w, https:\/\/gazetaregionalna.com\/wp-content\/uploads\/2019\/07\/dsc2297-30-1563801504-300x185.jpg 300w, https:\/\/gazetaregionalna.com\/wp-content\/uploads\/2019\/07\/dsc2297-30-1563801504-768x473.jpg 768w\" data-sizes=\"(max-width: 1024px) 100vw, 1024px\" src=\"data:image\/svg+xml;base64,PHN2ZyB3aWR0aD0iMSIgaGVpZ2h0PSIxIiB4bWxucz0iaHR0cDovL3d3dy53My5vcmcvMjAwMC9zdmciPjwvc3ZnPg==\" style=\"--smush-placeholder-width: 1024px; --smush-placeholder-aspect-ratio: 1024\/631;\" \/><\/figure><\/li><li class=\"blocks-gallery-item\"><figure><img decoding=\"async\" width=\"1024\" height=\"848\" data-src=\"https:\/\/gazetaregionalna.com\/wp-content\/uploads\/2019\/07\/dsc2282-22-1563801494-1024x848.jpg\" alt=\"\" data-id=\"4696\" data-link=\"https:\/\/gazetaregionalna.com\/w-muzeum-inaczej\/dsc2282-22-1563801494\/\" class=\"wp-image-4696 lazyload\" data-srcset=\"https:\/\/gazetaregionalna.com\/wp-content\/uploads\/2019\/07\/dsc2282-22-1563801494.jpg 1024w, https:\/\/gazetaregionalna.com\/wp-content\/uploads\/2019\/07\/dsc2282-22-1563801494-300x248.jpg 300w, https:\/\/gazetaregionalna.com\/wp-content\/uploads\/2019\/07\/dsc2282-22-1563801494-768x636.jpg 768w\" data-sizes=\"(max-width: 1024px) 100vw, 1024px\" src=\"data:image\/svg+xml;base64,PHN2ZyB3aWR0aD0iMSIgaGVpZ2h0PSIxIiB4bWxucz0iaHR0cDovL3d3dy53My5vcmcvMjAwMC9zdmciPjwvc3ZnPg==\" style=\"--smush-placeholder-width: 1024px; --smush-placeholder-aspect-ratio: 1024\/848;\" \/><\/figure><\/li><li class=\"blocks-gallery-item\"><figure><img decoding=\"async\" width=\"1024\" height=\"595\" data-src=\"https:\/\/gazetaregionalna.com\/wp-content\/uploads\/2019\/07\/dsc2279-21-1563801491-1024x595.jpg\" alt=\"\" data-id=\"4695\" data-link=\"https:\/\/gazetaregionalna.com\/w-muzeum-inaczej\/dsc2279-21-1563801491\/\" class=\"wp-image-4695 lazyload\" data-srcset=\"https:\/\/gazetaregionalna.com\/wp-content\/uploads\/2019\/07\/dsc2279-21-1563801491.jpg 1024w, https:\/\/gazetaregionalna.com\/wp-content\/uploads\/2019\/07\/dsc2279-21-1563801491-300x174.jpg 300w, https:\/\/gazetaregionalna.com\/wp-content\/uploads\/2019\/07\/dsc2279-21-1563801491-768x446.jpg 768w\" data-sizes=\"(max-width: 1024px) 100vw, 1024px\" src=\"data:image\/svg+xml;base64,PHN2ZyB3aWR0aD0iMSIgaGVpZ2h0PSIxIiB4bWxucz0iaHR0cDovL3d3dy53My5vcmcvMjAwMC9zdmciPjwvc3ZnPg==\" style=\"--smush-placeholder-width: 1024px; --smush-placeholder-aspect-ratio: 1024\/595;\" \/><\/figure><\/li><li class=\"blocks-gallery-item\"><figure><img decoding=\"async\" width=\"1024\" height=\"666\" data-src=\"https:\/\/gazetaregionalna.com\/wp-content\/uploads\/2019\/07\/dsc2278-19-1563801458-1024x666.jpg\" alt=\"\" data-id=\"4694\" data-link=\"https:\/\/gazetaregionalna.com\/w-muzeum-inaczej\/dsc2278-19-1563801458\/\" class=\"wp-image-4694 lazyload\" data-srcset=\"https:\/\/gazetaregionalna.com\/wp-content\/uploads\/2019\/07\/dsc2278-19-1563801458.jpg 1024w, https:\/\/gazetaregionalna.com\/wp-content\/uploads\/2019\/07\/dsc2278-19-1563801458-300x195.jpg 300w, https:\/\/gazetaregionalna.com\/wp-content\/uploads\/2019\/07\/dsc2278-19-1563801458-768x500.jpg 768w\" data-sizes=\"(max-width: 1024px) 100vw, 1024px\" src=\"data:image\/svg+xml;base64,PHN2ZyB3aWR0aD0iMSIgaGVpZ2h0PSIxIiB4bWxucz0iaHR0cDovL3d3dy53My5vcmcvMjAwMC9zdmciPjwvc3ZnPg==\" style=\"--smush-placeholder-width: 1024px; --smush-placeholder-aspect-ratio: 1024\/666;\" \/><\/figure><\/li><li class=\"blocks-gallery-item\"><figure><img decoding=\"async\" width=\"1024\" height=\"688\" data-src=\"https:\/\/gazetaregionalna.com\/wp-content\/uploads\/2019\/07\/dsc2260-5-1563801450-1024x688.jpg\" alt=\"\" data-id=\"4693\" data-link=\"https:\/\/gazetaregionalna.com\/w-muzeum-inaczej\/dsc2260-5-1563801450\/\" class=\"wp-image-4693 lazyload\" data-srcset=\"https:\/\/gazetaregionalna.com\/wp-content\/uploads\/2019\/07\/dsc2260-5-1563801450.jpg 1024w, https:\/\/gazetaregionalna.com\/wp-content\/uploads\/2019\/07\/dsc2260-5-1563801450-300x202.jpg 300w, https:\/\/gazetaregionalna.com\/wp-content\/uploads\/2019\/07\/dsc2260-5-1563801450-768x516.jpg 768w\" data-sizes=\"(max-width: 1024px) 100vw, 1024px\" src=\"data:image\/svg+xml;base64,PHN2ZyB3aWR0aD0iMSIgaGVpZ2h0PSIxIiB4bWxucz0iaHR0cDovL3d3dy53My5vcmcvMjAwMC9zdmciPjwvc3ZnPg==\" style=\"--smush-placeholder-width: 1024px; --smush-placeholder-aspect-ratio: 1024\/688;\" \/><\/figure><\/li><li class=\"blocks-gallery-item\"><figure><img decoding=\"async\" width=\"1024\" height=\"682\" data-src=\"https:\/\/gazetaregionalna.com\/wp-content\/uploads\/2019\/07\/dsc2255-3-1563801446-1024x682.jpg\" alt=\"\" data-id=\"4692\" data-link=\"https:\/\/gazetaregionalna.com\/w-muzeum-inaczej\/dsc2255-3-1563801446\/\" class=\"wp-image-4692 lazyload\" data-srcset=\"https:\/\/gazetaregionalna.com\/wp-content\/uploads\/2019\/07\/dsc2255-3-1563801446.jpg 1024w, https:\/\/gazetaregionalna.com\/wp-content\/uploads\/2019\/07\/dsc2255-3-1563801446-300x200.jpg 300w, https:\/\/gazetaregionalna.com\/wp-content\/uploads\/2019\/07\/dsc2255-3-1563801446-768x512.jpg 768w\" data-sizes=\"(max-width: 1024px) 100vw, 1024px\" src=\"data:image\/svg+xml;base64,PHN2ZyB3aWR0aD0iMSIgaGVpZ2h0PSIxIiB4bWxucz0iaHR0cDovL3d3dy53My5vcmcvMjAwMC9zdmciPjwvc3ZnPg==\" style=\"--smush-placeholder-width: 1024px; --smush-placeholder-aspect-ratio: 1024\/682;\" \/><\/figure><\/li><li class=\"blocks-gallery-item\"><figure><img decoding=\"async\" width=\"1024\" height=\"669\" data-src=\"https:\/\/gazetaregionalna.com\/wp-content\/uploads\/2019\/07\/dsc2252-1-1563801443-1024x669.jpg\" alt=\"\" data-id=\"4691\" data-link=\"https:\/\/gazetaregionalna.com\/w-muzeum-inaczej\/dsc2252-1-1563801443\/\" class=\"wp-image-4691 lazyload\" data-srcset=\"https:\/\/gazetaregionalna.com\/wp-content\/uploads\/2019\/07\/dsc2252-1-1563801443.jpg 1024w, https:\/\/gazetaregionalna.com\/wp-content\/uploads\/2019\/07\/dsc2252-1-1563801443-300x196.jpg 300w, https:\/\/gazetaregionalna.com\/wp-content\/uploads\/2019\/07\/dsc2252-1-1563801443-768x502.jpg 768w\" data-sizes=\"(max-width: 1024px) 100vw, 1024px\" src=\"data:image\/svg+xml;base64,PHN2ZyB3aWR0aD0iMSIgaGVpZ2h0PSIxIiB4bWxucz0iaHR0cDovL3d3dy53My5vcmcvMjAwMC9zdmciPjwvc3ZnPg==\" style=\"--smush-placeholder-width: 1024px; --smush-placeholder-aspect-ratio: 1024\/669;\" \/><\/figure><\/li><li class=\"blocks-gallery-item\"><figure><img decoding=\"async\" width=\"1024\" height=\"576\" data-src=\"https:\/\/gazetaregionalna.com\/wp-content\/uploads\/2019\/07\/dsc2239-17-1563801442-1024x576.jpg\" alt=\"\" data-id=\"4690\" data-link=\"https:\/\/gazetaregionalna.com\/w-muzeum-inaczej\/dsc2239-17-1563801442\/\" class=\"wp-image-4690 lazyload\" data-srcset=\"https:\/\/gazetaregionalna.com\/wp-content\/uploads\/2019\/07\/dsc2239-17-1563801442.jpg 1024w, https:\/\/gazetaregionalna.com\/wp-content\/uploads\/2019\/07\/dsc2239-17-1563801442-300x169.jpg 300w, https:\/\/gazetaregionalna.com\/wp-content\/uploads\/2019\/07\/dsc2239-17-1563801442-768x432.jpg 768w\" data-sizes=\"(max-width: 1024px) 100vw, 1024px\" src=\"data:image\/svg+xml;base64,PHN2ZyB3aWR0aD0iMSIgaGVpZ2h0PSIxIiB4bWxucz0iaHR0cDovL3d3dy53My5vcmcvMjAwMC9zdmciPjwvc3ZnPg==\" style=\"--smush-placeholder-width: 1024px; --smush-placeholder-aspect-ratio: 1024\/576;\" \/><\/figure><\/li><li class=\"blocks-gallery-item\"><figure><img decoding=\"async\" width=\"1024\" height=\"745\" data-src=\"https:\/\/gazetaregionalna.com\/wp-content\/uploads\/2019\/07\/dsc2234-15-1563801437-1024x745.jpg\" alt=\"\" data-id=\"4689\" data-link=\"https:\/\/gazetaregionalna.com\/w-muzeum-inaczej\/dsc2234-15-1563801437\/\" class=\"wp-image-4689 lazyload\" data-srcset=\"https:\/\/gazetaregionalna.com\/wp-content\/uploads\/2019\/07\/dsc2234-15-1563801437.jpg 1024w, https:\/\/gazetaregionalna.com\/wp-content\/uploads\/2019\/07\/dsc2234-15-1563801437-300x218.jpg 300w, https:\/\/gazetaregionalna.com\/wp-content\/uploads\/2019\/07\/dsc2234-15-1563801437-768x559.jpg 768w\" data-sizes=\"(max-width: 1024px) 100vw, 1024px\" src=\"data:image\/svg+xml;base64,PHN2ZyB3aWR0aD0iMSIgaGVpZ2h0PSIxIiB4bWxucz0iaHR0cDovL3d3dy53My5vcmcvMjAwMC9zdmciPjwvc3ZnPg==\" style=\"--smush-placeholder-width: 1024px; --smush-placeholder-aspect-ratio: 1024\/745;\" \/><\/figure><\/li><li class=\"blocks-gallery-item\"><figure><img decoding=\"async\" width=\"1024\" height=\"685\" data-src=\"https:\/\/gazetaregionalna.com\/wp-content\/uploads\/2019\/07\/dsc2233-14-1563801434-1024x685.jpg\" alt=\"\" data-id=\"4688\" data-link=\"https:\/\/gazetaregionalna.com\/w-muzeum-inaczej\/dsc2233-14-1563801434\/\" class=\"wp-image-4688 lazyload\" data-srcset=\"https:\/\/gazetaregionalna.com\/wp-content\/uploads\/2019\/07\/dsc2233-14-1563801434.jpg 1024w, https:\/\/gazetaregionalna.com\/wp-content\/uploads\/2019\/07\/dsc2233-14-1563801434-300x201.jpg 300w, https:\/\/gazetaregionalna.com\/wp-content\/uploads\/2019\/07\/dsc2233-14-1563801434-768x514.jpg 768w\" data-sizes=\"(max-width: 1024px) 100vw, 1024px\" src=\"data:image\/svg+xml;base64,PHN2ZyB3aWR0aD0iMSIgaGVpZ2h0PSIxIiB4bWxucz0iaHR0cDovL3d3dy53My5vcmcvMjAwMC9zdmciPjwvc3ZnPg==\" style=\"--smush-placeholder-width: 1024px; --smush-placeholder-aspect-ratio: 1024\/685;\" \/><\/figure><\/li><li class=\"blocks-gallery-item\"><figure><img decoding=\"async\" width=\"1024\" height=\"614\" data-src=\"https:\/\/gazetaregionalna.com\/wp-content\/uploads\/2019\/07\/dsc2232-13-1563801432-1024x614.jpg\" alt=\"\" data-id=\"4687\" data-link=\"https:\/\/gazetaregionalna.com\/w-muzeum-inaczej\/dsc2232-13-1563801432\/\" class=\"wp-image-4687 lazyload\" data-srcset=\"https:\/\/gazetaregionalna.com\/wp-content\/uploads\/2019\/07\/dsc2232-13-1563801432.jpg 1024w, https:\/\/gazetaregionalna.com\/wp-content\/uploads\/2019\/07\/dsc2232-13-1563801432-300x180.jpg 300w, https:\/\/gazetaregionalna.com\/wp-content\/uploads\/2019\/07\/dsc2232-13-1563801432-768x461.jpg 768w, https:\/\/gazetaregionalna.com\/wp-content\/uploads\/2019\/07\/dsc2232-13-1563801432-184x109.jpg 184w\" data-sizes=\"(max-width: 1024px) 100vw, 1024px\" src=\"data:image\/svg+xml;base64,PHN2ZyB3aWR0aD0iMSIgaGVpZ2h0PSIxIiB4bWxucz0iaHR0cDovL3d3dy53My5vcmcvMjAwMC9zdmciPjwvc3ZnPg==\" style=\"--smush-placeholder-width: 1024px; --smush-placeholder-aspect-ratio: 1024\/614;\" \/><\/figure><\/li><li class=\"blocks-gallery-item\"><figure><img decoding=\"async\" width=\"1024\" height=\"668\" data-src=\"https:\/\/gazetaregionalna.com\/wp-content\/uploads\/2019\/07\/dsc2229-12-1563801430-1024x668.jpg\" alt=\"\" data-id=\"4686\" data-link=\"https:\/\/gazetaregionalna.com\/w-muzeum-inaczej\/dsc2229-12-1563801430\/\" class=\"wp-image-4686 lazyload\" data-srcset=\"https:\/\/gazetaregionalna.com\/wp-content\/uploads\/2019\/07\/dsc2229-12-1563801430.jpg 1024w, https:\/\/gazetaregionalna.com\/wp-content\/uploads\/2019\/07\/dsc2229-12-1563801430-300x196.jpg 300w, https:\/\/gazetaregionalna.com\/wp-content\/uploads\/2019\/07\/dsc2229-12-1563801430-768x501.jpg 768w\" data-sizes=\"(max-width: 1024px) 100vw, 1024px\" src=\"data:image\/svg+xml;base64,PHN2ZyB3aWR0aD0iMSIgaGVpZ2h0PSIxIiB4bWxucz0iaHR0cDovL3d3dy53My5vcmcvMjAwMC9zdmciPjwvc3ZnPg==\" style=\"--smush-placeholder-width: 1024px; --smush-placeholder-aspect-ratio: 1024\/668;\" \/><\/figure><\/li><\/ul>\n\n\n\n<p>Na radomszcza\u0144sk\u0105 kolekcj\u0119 sztuki sk\u0142adaj\u0105\nsi\u0119: meble, przedmioty rzemios\u0142a artystycznego, w du\u017cej cz\u0119\u015bci pochodz\u0105ce z\nradomszcza\u0144skich fabryk (np. szk\u0142o), a przede wszystkim dzie\u0142a sztuki &#8211; &nbsp;rze\u017aby i obrazy. Ustawiono je chronologicznie,\naby zwiedzaj\u0105cy zacz\u0105\u0142 od ogl\u0105dania zabytk\u00f3w z XVIII wieku, a zako\u0144czy\u0142 na eksponatach\npochodz\u0105cych z 20-lecia mi\u0119dzywojennego.<\/p>\n\n\n\n<p>Ponownemu otwarciu ekspozycji towarzyszy\u0142o uroczyste wr\u0119czenie podzi\u0119kowa\u0144 oraz puchar\u00f3w cz\u0142onkom Stowarzyszenia Klubu Weterani Szos Radomsko, kt\u00f3rzy aktywnie uczestnicz\u0105 w r\u00f3\u017cnych wydarzeniach w mie\u015bcie promuj\u0105c zabytkowe pojazdy. Uroczysto\u015b\u0107 zako\u0144czy\u0142 \u00a0koncert \u201eBukiet najpi\u0119kniejszych miniatur \u015bwiata&#8221; w wykonaniu zespo\u0142u Impressja.<\/p>\n","protected":false},"excerpt":{"rendered":"<p>Mimo wakacji w radomszcza\u0144skiej kulturze sporo si\u0119 dzieje. Na przyk\u0142ad Muzeum Regionalne przesz\u0142o metamorfoz\u0119. &nbsp;Otwarto zmodernizowan\u0105 sta\u0142\u0105 &nbsp;wystaw\u0119: \u201eZbiory sztuki w radomszcza\u0144skim muzeum\u201d. Ponadto<\/p>\n","protected":false},"author":3,"featured_media":4688,"comment_status":"open","ping_status":"open","sticky":false,"template":"","format":"standard","meta":{"_monsterinsights_skip_tracking":false,"_monsterinsights_sitenote_active":false,"_monsterinsights_sitenote_note":"","_monsterinsights_sitenote_category":0,"_uf_show_specific_survey":0,"_uf_disable_surveys":false,"footnotes":""},"categories":[12,28,2,13],"tags":[],"class_list":["post-4712","post","type-post","status-publish","format-standard","has-post-thumbnail","hentry","category-kultura-i-rozrywka","category-radomsko","category-wiadomosci","category-wydarzenia"],"_links":{"self":[{"href":"https:\/\/gazetaregionalna.com\/index.php?rest_route=\/wp\/v2\/posts\/4712","targetHints":{"allow":["GET"]}}],"collection":[{"href":"https:\/\/gazetaregionalna.com\/index.php?rest_route=\/wp\/v2\/posts"}],"about":[{"href":"https:\/\/gazetaregionalna.com\/index.php?rest_route=\/wp\/v2\/types\/post"}],"author":[{"embeddable":true,"href":"https:\/\/gazetaregionalna.com\/index.php?rest_route=\/wp\/v2\/users\/3"}],"replies":[{"embeddable":true,"href":"https:\/\/gazetaregionalna.com\/index.php?rest_route=%2Fwp%2Fv2%2Fcomments&post=4712"}],"version-history":[{"count":1,"href":"https:\/\/gazetaregionalna.com\/index.php?rest_route=\/wp\/v2\/posts\/4712\/revisions"}],"predecessor-version":[{"id":4713,"href":"https:\/\/gazetaregionalna.com\/index.php?rest_route=\/wp\/v2\/posts\/4712\/revisions\/4713"}],"wp:featuredmedia":[{"embeddable":true,"href":"https:\/\/gazetaregionalna.com\/index.php?rest_route=\/wp\/v2\/media\/4688"}],"wp:attachment":[{"href":"https:\/\/gazetaregionalna.com\/index.php?rest_route=%2Fwp%2Fv2%2Fmedia&parent=4712"}],"wp:term":[{"taxonomy":"category","embeddable":true,"href":"https:\/\/gazetaregionalna.com\/index.php?rest_route=%2Fwp%2Fv2%2Fcategories&post=4712"},{"taxonomy":"post_tag","embeddable":true,"href":"https:\/\/gazetaregionalna.com\/index.php?rest_route=%2Fwp%2Fv2%2Ftags&post=4712"}],"curies":[{"name":"wp","href":"https:\/\/api.w.org\/{rel}","templated":true}]}}