{"id":47071,"date":"2021-07-09T05:35:35","date_gmt":"2021-07-09T05:35:35","guid":{"rendered":"https:\/\/gazetaregionalna.com\/?p=47071"},"modified":"2021-07-09T05:35:36","modified_gmt":"2021-07-09T05:35:36","slug":"piles-nie-jedz-czestochowska-policja-od-poczatku-roku-ujawnila-na-drogach-regionu-blisko-400-pijanych-kierowcow","status":"publish","type":"post","link":"https:\/\/gazetaregionalna.com\/?p=47071","title":{"rendered":"&#8222;Pi\u0142e\u015b, nie jed\u017a!&#8221;. Cz\u0119stochowska policja od pocz\u0105tku roku ujawni\u0142a na drogach regionu blisko 400 pijanych kierowc\u00f3w"},"content":{"rendered":"\n<h2 class=\"wp-block-heading\">&#8222;Pi\u0142e\u015b, nie jed\u017a!&#8221; &#8211; apeluje cz\u0119stochowska policja. Nietrze\u017awi kierowcy na naszych drogach, to ci\u0105gle powa\u017cny problem i zagro\u017cenie dla innych. <\/h2>\n\n\n\n<p>Niestety nie ma praktycznie dnia, w kt\u00f3rym media nie donosi\u0142yby o tragediach, jakie spowodowali pijani kierowcy. Wszystkimi wstrz\u0105sn\u0105\u0142 niedawny wypadek w Stalowej Woli, gdzie nietrze\u017awy m\u0119\u017cczyzna wsiad\u0142 do samochodu i zabi\u0142 jad\u0105ce prawid\u0142owo innym autem ma\u0142\u017ce\u0144stwo. Ofiary tego wypadku osieroci\u0142y troje ma\u0142ych dzieci, a jad\u0105cy z nimi dwulatek cudem unikn\u0105\u0107 \u015bmierci. W naszym regionie tak\u017ce odnotowano w miniony weekend tragiczny wypadek, kt\u00f3ry spowodowa\u0142 pijany kierowca. 23-latek \u015bmiertelnie potr\u0105ci\u0142 jad\u0105c\u0105 na rowerze 16-latk\u0119. Wypadek wydarzy\u0142 si\u0119 w Kruszynie. Kierowca mia\u0142 1,7 promila alkoholu. S\u0105d Rejonowy w Cz\u0119stochowie tymczasowo aresztowa\u0142 podejrzanego na trzy miesi\u0105ce.<\/p>\n\n\n\n<p>Jak podliczy\u0142a Komenda Miejska Policji w Cz\u0119stochowie, od pocz\u0105tku roku na cz\u0119stochowskich drogach dosz\u0142o do 84 zdarze\u0144 drogowych w tym 15 wypadk\u00f3w w kt\u00f3rych 14 os\u00f3b zosta\u0142o rannych, a dwie ponios\u0142y \u015bmier\u0107. <\/p>\n\n\n\n<p>&#8211; W ka\u017cdym przypadku sprawc\u0105 tych zdarze\u0144 by\u0142 kieruj\u0105cy po alkoholu &#8211; informuje Sabina Chyra-Giere\u015b, rzeczniczka cz\u0119stochowskiej policji. &#8211;  Aby ograniczy\u0107 i wyeliminowa\u0107 jak najwi\u0119ksz\u0105 ilo\u015b\u0107 nietrze\u017awych kieruj\u0105cych podczas codziennej s\u0142u\u017cby cz\u0119stochowscy policjanci kontroluj\u0105 i sprawdzaj\u0105 stan trze\u017awo\u015bci kierowc\u00f3w. W tym roku zatrzymali ju\u017c 378 kieruj\u0105cych pod wp\u0142ywem alkoholu.<\/p>\n\n\n\n<p>Poniewa\u017c problem z pijanymi za kierownic\u0105 samochodu jest tak olbrzymi, drog\u00f3wka sprawdza trze\u017awo\u015b\u0107 kierowc\u00f3w przy okazji ka\u017cdej akcji na drogach. Tak by\u0142o mi\u0119dzy innymi w czasie niedawnej akcji &#8222;Pr\u0119dko\u015b\u0107&#8221;, kt\u00f3rej jak nazwa wskazuje g\u0142\u00f3wnym celem by\u0142o sprawdzenie szybko\u015bci, z jak\u0105 poruszaj\u0105 si\u0119 samochody.<\/p>\n\n\n\n<figure class=\"wp-block-gallery columns-3 is-cropped wp-block-gallery-1 is-layout-flex wp-block-gallery-is-layout-flex\"><ul class=\"blocks-gallery-grid\"><li class=\"blocks-gallery-item\"><figure><a href=\"https:\/\/gazetaregionalna.com\/wp-content\/uploads\/2021\/07\/policja1.jpg\"><img decoding=\"async\" width=\"970\" height=\"613\" data-src=\"https:\/\/gazetaregionalna.com\/wp-content\/uploads\/2021\/07\/policja1.jpg\" alt=\"\" data-id=\"47080\" data-full-url=\"https:\/\/gazetaregionalna.com\/wp-content\/uploads\/2021\/07\/policja1.jpg\" data-link=\"https:\/\/gazetaregionalna.com\/?attachment_id=47080\" class=\"wp-image-47080 lazyload\" data-srcset=\"https:\/\/gazetaregionalna.com\/wp-content\/uploads\/2021\/07\/policja1.jpg 970w, https:\/\/gazetaregionalna.com\/wp-content\/uploads\/2021\/07\/policja1-300x190.jpg 300w, https:\/\/gazetaregionalna.com\/wp-content\/uploads\/2021\/07\/policja1-768x485.jpg 768w, https:\/\/gazetaregionalna.com\/wp-content\/uploads\/2021\/07\/policja1-696x440.jpg 696w, https:\/\/gazetaregionalna.com\/wp-content\/uploads\/2021\/07\/policja1-665x420.jpg 665w\" data-sizes=\"(max-width: 970px) 100vw, 970px\" src=\"data:image\/svg+xml;base64,PHN2ZyB3aWR0aD0iMSIgaGVpZ2h0PSIxIiB4bWxucz0iaHR0cDovL3d3dy53My5vcmcvMjAwMC9zdmciPjwvc3ZnPg==\" style=\"--smush-placeholder-width: 970px; --smush-placeholder-aspect-ratio: 970\/613;\" \/><\/a><\/figure><\/li><li class=\"blocks-gallery-item\"><figure><a href=\"https:\/\/gazetaregionalna.com\/wp-content\/uploads\/2021\/07\/policja2.jpg\"><img decoding=\"async\" width=\"970\" height=\"728\" data-src=\"https:\/\/gazetaregionalna.com\/wp-content\/uploads\/2021\/07\/policja2.jpg\" alt=\"\" data-id=\"47081\" data-full-url=\"https:\/\/gazetaregionalna.com\/wp-content\/uploads\/2021\/07\/policja2.jpg\" data-link=\"https:\/\/gazetaregionalna.com\/?attachment_id=47081\" class=\"wp-image-47081 lazyload\" data-srcset=\"https:\/\/gazetaregionalna.com\/wp-content\/uploads\/2021\/07\/policja2.jpg 970w, https:\/\/gazetaregionalna.com\/wp-content\/uploads\/2021\/07\/policja2-300x225.jpg 300w, https:\/\/gazetaregionalna.com\/wp-content\/uploads\/2021\/07\/policja2-768x576.jpg 768w, https:\/\/gazetaregionalna.com\/wp-content\/uploads\/2021\/07\/policja2-696x522.jpg 696w, https:\/\/gazetaregionalna.com\/wp-content\/uploads\/2021\/07\/policja2-560x420.jpg 560w, https:\/\/gazetaregionalna.com\/wp-content\/uploads\/2021\/07\/policja2-80x60.jpg 80w, https:\/\/gazetaregionalna.com\/wp-content\/uploads\/2021\/07\/policja2-265x198.jpg 265w\" data-sizes=\"(max-width: 970px) 100vw, 970px\" src=\"data:image\/svg+xml;base64,PHN2ZyB3aWR0aD0iMSIgaGVpZ2h0PSIxIiB4bWxucz0iaHR0cDovL3d3dy53My5vcmcvMjAwMC9zdmciPjwvc3ZnPg==\" style=\"--smush-placeholder-width: 970px; --smush-placeholder-aspect-ratio: 970\/728;\" \/><\/a><\/figure><\/li><li class=\"blocks-gallery-item\"><figure><a href=\"https:\/\/gazetaregionalna.com\/wp-content\/uploads\/2021\/07\/policja3.jpg\"><img decoding=\"async\" width=\"970\" height=\"728\" data-src=\"https:\/\/gazetaregionalna.com\/wp-content\/uploads\/2021\/07\/policja3.jpg\" alt=\"\" data-id=\"47082\" data-full-url=\"https:\/\/gazetaregionalna.com\/wp-content\/uploads\/2021\/07\/policja3.jpg\" data-link=\"https:\/\/gazetaregionalna.com\/?attachment_id=47082\" class=\"wp-image-47082 lazyload\" data-srcset=\"https:\/\/gazetaregionalna.com\/wp-content\/uploads\/2021\/07\/policja3.jpg 970w, https:\/\/gazetaregionalna.com\/wp-content\/uploads\/2021\/07\/policja3-300x225.jpg 300w, https:\/\/gazetaregionalna.com\/wp-content\/uploads\/2021\/07\/policja3-768x576.jpg 768w, https:\/\/gazetaregionalna.com\/wp-content\/uploads\/2021\/07\/policja3-696x522.jpg 696w, https:\/\/gazetaregionalna.com\/wp-content\/uploads\/2021\/07\/policja3-560x420.jpg 560w, https:\/\/gazetaregionalna.com\/wp-content\/uploads\/2021\/07\/policja3-80x60.jpg 80w, https:\/\/gazetaregionalna.com\/wp-content\/uploads\/2021\/07\/policja3-265x198.jpg 265w\" data-sizes=\"(max-width: 970px) 100vw, 970px\" src=\"data:image\/svg+xml;base64,PHN2ZyB3aWR0aD0iMSIgaGVpZ2h0PSIxIiB4bWxucz0iaHR0cDovL3d3dy53My5vcmcvMjAwMC9zdmciPjwvc3ZnPg==\" style=\"--smush-placeholder-width: 970px; --smush-placeholder-aspect-ratio: 970\/728;\" \/><\/a><\/figure><\/li><\/ul><\/figure>\n","protected":false},"excerpt":{"rendered":"<p>&#8222;Pi\u0142e\u015b, nie jed\u017a!&#8221; &#8211; apeluje cz\u0119stochowska policja. Nietrze\u017awi kierowcy na naszych drogach, to ci\u0105gle powa\u017cny problem i zagro\u017cenie dla innych. Niestety nie ma praktycznie<\/p>\n","protected":false},"author":7,"featured_media":47080,"comment_status":"open","ping_status":"open","sticky":false,"template":"","format":"standard","meta":{"_monsterinsights_skip_tracking":false,"_monsterinsights_sitenote_active":false,"_monsterinsights_sitenote_note":"","_monsterinsights_sitenote_category":0,"_uf_show_specific_survey":0,"_uf_disable_surveys":false,"footnotes":""},"categories":[94,3,2],"tags":[],"class_list":["post-47071","post","type-post","status-publish","format-standard","has-post-thumbnail","hentry","category-polecane","category-czestochowa-informacje","category-wiadomosci"],"_links":{"self":[{"href":"https:\/\/gazetaregionalna.com\/index.php?rest_route=\/wp\/v2\/posts\/47071","targetHints":{"allow":["GET"]}}],"collection":[{"href":"https:\/\/gazetaregionalna.com\/index.php?rest_route=\/wp\/v2\/posts"}],"about":[{"href":"https:\/\/gazetaregionalna.com\/index.php?rest_route=\/wp\/v2\/types\/post"}],"author":[{"embeddable":true,"href":"https:\/\/gazetaregionalna.com\/index.php?rest_route=\/wp\/v2\/users\/7"}],"replies":[{"embeddable":true,"href":"https:\/\/gazetaregionalna.com\/index.php?rest_route=%2Fwp%2Fv2%2Fcomments&post=47071"}],"version-history":[{"count":11,"href":"https:\/\/gazetaregionalna.com\/index.php?rest_route=\/wp\/v2\/posts\/47071\/revisions"}],"predecessor-version":[{"id":47085,"href":"https:\/\/gazetaregionalna.com\/index.php?rest_route=\/wp\/v2\/posts\/47071\/revisions\/47085"}],"wp:featuredmedia":[{"embeddable":true,"href":"https:\/\/gazetaregionalna.com\/index.php?rest_route=\/wp\/v2\/media\/47080"}],"wp:attachment":[{"href":"https:\/\/gazetaregionalna.com\/index.php?rest_route=%2Fwp%2Fv2%2Fmedia&parent=47071"}],"wp:term":[{"taxonomy":"category","embeddable":true,"href":"https:\/\/gazetaregionalna.com\/index.php?rest_route=%2Fwp%2Fv2%2Fcategories&post=47071"},{"taxonomy":"post_tag","embeddable":true,"href":"https:\/\/gazetaregionalna.com\/index.php?rest_route=%2Fwp%2Fv2%2Ftags&post=47071"}],"curies":[{"name":"wp","href":"https:\/\/api.w.org\/{rel}","templated":true}]}}