{"id":46931,"date":"2021-07-08T07:29:54","date_gmt":"2021-07-08T07:29:54","guid":{"rendered":"https:\/\/gazetaregionalna.com\/?p=46931"},"modified":"2021-07-08T07:29:56","modified_gmt":"2021-07-08T07:29:56","slug":"dowiedz-sie-jak-podbijac-zagraniczne-rynki-fundusz-gornoslaski-sa-pomoze","status":"publish","type":"post","link":"https:\/\/gazetaregionalna.com\/?p=46931","title":{"rendered":"Dowiedz si\u0119, jak podbija\u0107 zagraniczne rynki. Fundusz G\u00f3rno\u015bl\u0105ski SA.  pomo\u017ce"},"content":{"rendered":"\n<h2 class=\"wp-block-heading\"><br>Fundusz G\u00f3rno\u015bl\u0105ski SA. zaprasza przedsi\u0119biorc\u00f3w, kt\u00f3rzy planuj\u0105 lub ju\u017c prowadz\u0105 dzia\u0142alno\u015b\u0107 eksportow\u0105 na spotkanie w Cz\u0119stochowskim Parku Przemys\u0142owo-Technologicznym. Odb\u0119dzie si\u0119 ono 13 lipca.<\/h2>\n\n\n\n<p><br>W trakcie spotkania przedsi\u0119biorcy dowiedz\u0105 si\u0119 jak przygotowa\u0107 firm\u0119 do eksportu, jakimi zasobami trzeba dysponowa\u0107, \u017ceby wej\u015b\u0107 na rynki zagraniczne, jaka wiedza na temat eksportu jest potrzebna, jakie s\u0105 programy wsparcia eksportu oraz jak szuka\u0107 partner\u00f3w zagranicznych. Na te oraz wiele innych pyta\u0144 odpowiedz\u0105 eksperci podczas spotkania informacyjnego w Cz\u0119stochowie, kt\u00f3re odb\u0119dzie si\u0119 ju\u017c 13 lipca w Cz\u0119stochowskim Parku Przemys\u0142owo-Technologicznym przy ulicy Wa\u0142y Dwernickiego 117\/121. W spotkaniu wezm\u0105 udzia\u0142 praktycy skutecznie wprowadzaj\u0105cy ma\u0142e i \u015brednie firmy na rynki zagraniczne.<br><br><br>Jak wzi\u0105\u0107 udzia\u0142 w spotkaniu?<br><br>Aby zapisa\u0107 si\u0119 nale\u017cy skorzysta\u0107 z formularza zapisu: <a target=\"_blank\" href=\"https:\/\/app.evenea.pl\/event\/spotkanie-ip2\/?fbclid=IwAR3Vw2u8YM7UeajYxBUFUJxAr8W3xhYdThj8NAI-xUwQuRdEa2MZfHVomLI\" rel=\"noreferrer noopener\">https:\/\/app.evenea.pl\/event\/spotkanie-ip2\/<\/a><br><br>Spotkanie informacyjne \u201eJak zdoby\u0107 rynki zagraniczne\u201d organizowane jest w ramach projektu \u201ePromocja gospodarcza regionu oraz dzia\u0142ania zwi\u0105zane z tworzeniem przyjaznych warunk\u00f3w do inwestowania i eksportowania\u201d realizowanego przez Wojew\u00f3dztwo \u015al\u0105skie oraz Fundusz G\u00f3rno\u015bl\u0105ski S.A. wsp\u00f3\u0142finansowanego ze \u015brodk\u00f3w Regionalnego Programu Operacyjnego Wojew\u00f3dztwa \u015al\u0105skiego na lata 2014-2020 (Europejski Fundusz Rozwoju Regionalnego), o\u015b priorytetowa: III. Konkurencyjno\u015b\u0107 M\u015aP, dzia\u0142anie: 3.5 Umi\u0119dzynarodowienie gospodarki regionu, poddzia\u0142anie: 3.5.1. Promocja gospodarcza regionu.<br><br>Podczas spotkania organizatorzy zapewniaj\u0105 pocz\u0119stunek i materia\u0142y szkoleniowe.<\/p>\n\n\n\n<p>(zdj\u0119cie ilustracyjne pixabay.com)<\/p>\n","protected":false},"excerpt":{"rendered":"<p>Fundusz G\u00f3rno\u015bl\u0105ski SA. zaprasza przedsi\u0119biorc\u00f3w, kt\u00f3rzy planuj\u0105 lub ju\u017c prowadz\u0105 dzia\u0142alno\u015b\u0107 eksportow\u0105 na spotkanie w Cz\u0119stochowskim Parku Przemys\u0142owo-Technologicznym. Odb\u0119dzie si\u0119 ono 13 lipca. W<\/p>\n","protected":false},"author":7,"featured_media":46934,"comment_status":"open","ping_status":"open","sticky":false,"template":"","format":"standard","meta":{"_monsterinsights_skip_tracking":false,"_monsterinsights_sitenote_active":false,"_monsterinsights_sitenote_note":"","_monsterinsights_sitenote_category":0,"_uf_show_specific_survey":0,"_uf_disable_surveys":false,"footnotes":""},"categories":[43,2],"tags":[],"class_list":["post-46931","post","type-post","status-publish","format-standard","has-post-thumbnail","hentry","category-biznes","category-wiadomosci"],"_links":{"self":[{"href":"https:\/\/gazetaregionalna.com\/index.php?rest_route=\/wp\/v2\/posts\/46931","targetHints":{"allow":["GET"]}}],"collection":[{"href":"https:\/\/gazetaregionalna.com\/index.php?rest_route=\/wp\/v2\/posts"}],"about":[{"href":"https:\/\/gazetaregionalna.com\/index.php?rest_route=\/wp\/v2\/types\/post"}],"author":[{"embeddable":true,"href":"https:\/\/gazetaregionalna.com\/index.php?rest_route=\/wp\/v2\/users\/7"}],"replies":[{"embeddable":true,"href":"https:\/\/gazetaregionalna.com\/index.php?rest_route=%2Fwp%2Fv2%2Fcomments&post=46931"}],"version-history":[{"count":3,"href":"https:\/\/gazetaregionalna.com\/index.php?rest_route=\/wp\/v2\/posts\/46931\/revisions"}],"predecessor-version":[{"id":46935,"href":"https:\/\/gazetaregionalna.com\/index.php?rest_route=\/wp\/v2\/posts\/46931\/revisions\/46935"}],"wp:featuredmedia":[{"embeddable":true,"href":"https:\/\/gazetaregionalna.com\/index.php?rest_route=\/wp\/v2\/media\/46934"}],"wp:attachment":[{"href":"https:\/\/gazetaregionalna.com\/index.php?rest_route=%2Fwp%2Fv2%2Fmedia&parent=46931"}],"wp:term":[{"taxonomy":"category","embeddable":true,"href":"https:\/\/gazetaregionalna.com\/index.php?rest_route=%2Fwp%2Fv2%2Fcategories&post=46931"},{"taxonomy":"post_tag","embeddable":true,"href":"https:\/\/gazetaregionalna.com\/index.php?rest_route=%2Fwp%2Fv2%2Ftags&post=46931"}],"curies":[{"name":"wp","href":"https:\/\/api.w.org\/{rel}","templated":true}]}}