{"id":46843,"date":"2021-07-07T14:42:27","date_gmt":"2021-07-07T14:42:27","guid":{"rendered":"https:\/\/gazetaregionalna.com\/?p=46843"},"modified":"2021-07-07T14:42:28","modified_gmt":"2021-07-07T14:42:28","slug":"kolejny-czarny-punkt-na-mapie-smiertelnych-wypadkow-tym-razem-w-kruszynie-sprawca-tragedii-pijany-kierowca","status":"publish","type":"post","link":"https:\/\/gazetaregionalna.com\/?p=46843","title":{"rendered":"Kolejny czarny punkt na mapie \u015bmiertelnych wypadk\u00f3w, tym razem w Kruszynie. Sprawc\u0105 tragedii pijany kierowca"},"content":{"rendered":"\n<h2 class=\"wp-block-heading\">Na mapie \u015bmiertelnych wypadk\u00f3w drogowych, kt\u00f3r\u0105 ka\u017cdego dnia aktualizuje policja pojawi\u0142 si\u0119 kolejny czarny punkt. Tym razem chodzi o \u015bmiertelne potr\u0105cenie rowerzystki w Kruszynie. Sprawc\u0105 tragedii jest pijany kierowca.<\/h2>\n\n\n\n<p>Do tragicznego w skutkach wypadku dosz\u0142o wieczorem w minion\u0105 niedziel\u0119. W Kruszynie w powiecie cz\u0119stochowskim w trakcie wyprzedzania dw\u00f3jki rowerzyst\u00f3w kierowca, pijany jak si\u0119 p\u00f3\u017aniej okaza\u0142o, kierowca skody potr\u0105ci\u0142 16-letni\u0105 dziewczyn\u0119 jad\u0105c\u0105 na jednym z jedno\u015blad\u00f3w. Dziewczyna zmar\u0142a po przewiezieniu do szpitala.<\/p>\n\n\n\n<p>Sprawc\u0105 wypadku jest 23-latek. W chwili wypadku mia\u0142 1,7 promila alkoholu we krwi. M\u0119\u017cczyzna zosta\u0142 tymczasowo aresztowany na 3 miesi\u0105ce. Postawiono mu zarzut spowodowania wypadku drogowego i ucieczki z miejsca zdarzenia. Grozi mu od 2 do 12 lat wi\u0119zienia.<\/p>\n","protected":false},"excerpt":{"rendered":"<p>Na mapie \u015bmiertelnych wypadk\u00f3w drogowych, kt\u00f3r\u0105 ka\u017cdego dnia aktualizuje policja pojawi\u0142 si\u0119 kolejny czarny punkt. Tym razem chodzi o \u015bmiertelne potr\u0105cenie rowerzystki w Kruszynie.<\/p>\n","protected":false},"author":7,"featured_media":19991,"comment_status":"open","ping_status":"open","sticky":false,"template":"","format":"standard","meta":{"_monsterinsights_skip_tracking":false,"_monsterinsights_sitenote_active":false,"_monsterinsights_sitenote_note":"","_monsterinsights_sitenote_category":0,"_uf_show_specific_survey":0,"_uf_disable_surveys":false,"footnotes":""},"categories":[94,4,2],"tags":[],"class_list":["post-46843","post","type-post","status-publish","format-standard","has-post-thumbnail","hentry","category-polecane","category-region","category-wiadomosci"],"_links":{"self":[{"href":"https:\/\/gazetaregionalna.com\/index.php?rest_route=\/wp\/v2\/posts\/46843","targetHints":{"allow":["GET"]}}],"collection":[{"href":"https:\/\/gazetaregionalna.com\/index.php?rest_route=\/wp\/v2\/posts"}],"about":[{"href":"https:\/\/gazetaregionalna.com\/index.php?rest_route=\/wp\/v2\/types\/post"}],"author":[{"embeddable":true,"href":"https:\/\/gazetaregionalna.com\/index.php?rest_route=\/wp\/v2\/users\/7"}],"replies":[{"embeddable":true,"href":"https:\/\/gazetaregionalna.com\/index.php?rest_route=%2Fwp%2Fv2%2Fcomments&post=46843"}],"version-history":[{"count":3,"href":"https:\/\/gazetaregionalna.com\/index.php?rest_route=\/wp\/v2\/posts\/46843\/revisions"}],"predecessor-version":[{"id":46848,"href":"https:\/\/gazetaregionalna.com\/index.php?rest_route=\/wp\/v2\/posts\/46843\/revisions\/46848"}],"wp:featuredmedia":[{"embeddable":true,"href":"https:\/\/gazetaregionalna.com\/index.php?rest_route=\/wp\/v2\/media\/19991"}],"wp:attachment":[{"href":"https:\/\/gazetaregionalna.com\/index.php?rest_route=%2Fwp%2Fv2%2Fmedia&parent=46843"}],"wp:term":[{"taxonomy":"category","embeddable":true,"href":"https:\/\/gazetaregionalna.com\/index.php?rest_route=%2Fwp%2Fv2%2Fcategories&post=46843"},{"taxonomy":"post_tag","embeddable":true,"href":"https:\/\/gazetaregionalna.com\/index.php?rest_route=%2Fwp%2Fv2%2Ftags&post=46843"}],"curies":[{"name":"wp","href":"https:\/\/api.w.org\/{rel}","templated":true}]}}