{"id":46830,"date":"2021-07-07T13:10:26","date_gmt":"2021-07-07T13:10:26","guid":{"rendered":"https:\/\/gazetaregionalna.com\/?p=46830"},"modified":"2021-07-07T14:19:08","modified_gmt":"2021-07-07T14:19:08","slug":"smiertelne-potracenie-na-pasach-myszkowska-policja-apeluje-o-ostroznosc","status":"publish","type":"post","link":"https:\/\/gazetaregionalna.com\/?p=46830","title":{"rendered":"\u015amiertelne potr\u0105cenie na pasach. Myszkowska policja apeluje o ostro\u017cno\u015b\u0107"},"content":{"rendered":"\n<h2 class=\"wp-block-heading\">\u015amiertelne potr\u0105cenie na pasach mia\u0142o miejsce w Myszkowie na ulicy Ko\u015bciuszki. Ofiar\u0105 jest 90-letnia kobieta. <\/h2>\n\n\n\n<p>Do tragedii dosz\u0142o na pasach w ulicy Ko\u015bciuszki. Kieruj\u0105cy samochodem Opel Insignia potr\u0105ci\u0142 na przej\u015bciu dla pieszych 90-latk\u0119. Kobieta trafi\u0142a do szpitala, ale niestety kilka godzin p\u00f3\u017aniej zmar\u0142a.<\/p>\n\n\n\n<p>Myszkowska policja apeluje o ostro\u017cno\u015b\u0107, zar\u00f3wno do kierowc\u00f3w, jak i pieszych. Policjanci przypominaj\u0105 o obowi\u0105zuj\u0105cych od miesi\u0105ca nowych regulacjach, kt\u00f3re m\u00f3wi\u0105 o tym, \u017ce \u201ezbli\u017caj\u0105c si\u0119 do przej\u015bcia dla pieszych, kieruj\u0105cy jest zobowi\u0105zany zachowa\u0107 szczeg\u00f3ln\u0105 ostro\u017cno\u015b\u0107 oraz zmniejszy\u0107 pr\u0119dko\u015b\u0107 tak, aby nie narazi\u0107 na niebezpiecze\u0144stwo&nbsp;pieszego&nbsp;znajduj\u0105cego si\u0119 na tym przej\u015bciu albo na nie wchodz\u0105cego i ust\u0105pi\u0107 pierwsze\u0144stwa pieszemu znajduj\u0105cemu si\u0119 na tym przej\u015bciu, albo&nbsp;wchodz\u0105cemu na to przej\u015bcie\u201d.<\/p>\n\n\n\n<p>Jednocze\u015bnie Komenda Powiatowa Policji w Myszkowie zwraca uwag\u0119, \u017ce nowe przepisy nie zwalniaj\u0105 r\u00f3wnie\u017c&nbsp;pieszego&nbsp;z obowi\u0105zku zachowania szczeg\u00f3lnej ostro\u017cno\u015bci podczas wchodzenia i przechodzenia przez jezdni\u0119 oraz korzystania z przej\u015bcia dla pieszych.<\/p>\n","protected":false},"excerpt":{"rendered":"<p>\u015amiertelne potr\u0105cenie na pasach mia\u0142o miejsce w Myszkowie na ulicy Ko\u015bciuszki. Ofiar\u0105 jest 90-letnia kobieta. Do tragedii dosz\u0142o na pasach w ulicy Ko\u015bciuszki. Kieruj\u0105cy<\/p>\n","protected":false},"author":7,"featured_media":46833,"comment_status":"open","ping_status":"open","sticky":false,"template":"","format":"standard","meta":{"_monsterinsights_skip_tracking":false,"_monsterinsights_sitenote_active":false,"_monsterinsights_sitenote_note":"","_monsterinsights_sitenote_category":0,"_uf_show_specific_survey":0,"_uf_disable_surveys":false,"footnotes":""},"categories":[94,26,4,2],"tags":[],"class_list":["post-46830","post","type-post","status-publish","format-standard","has-post-thumbnail","hentry","category-polecane","category-myszkow","category-region","category-wiadomosci"],"_links":{"self":[{"href":"https:\/\/gazetaregionalna.com\/index.php?rest_route=\/wp\/v2\/posts\/46830","targetHints":{"allow":["GET"]}}],"collection":[{"href":"https:\/\/gazetaregionalna.com\/index.php?rest_route=\/wp\/v2\/posts"}],"about":[{"href":"https:\/\/gazetaregionalna.com\/index.php?rest_route=\/wp\/v2\/types\/post"}],"author":[{"embeddable":true,"href":"https:\/\/gazetaregionalna.com\/index.php?rest_route=\/wp\/v2\/users\/7"}],"replies":[{"embeddable":true,"href":"https:\/\/gazetaregionalna.com\/index.php?rest_route=%2Fwp%2Fv2%2Fcomments&post=46830"}],"version-history":[{"count":4,"href":"https:\/\/gazetaregionalna.com\/index.php?rest_route=\/wp\/v2\/posts\/46830\/revisions"}],"predecessor-version":[{"id":46839,"href":"https:\/\/gazetaregionalna.com\/index.php?rest_route=\/wp\/v2\/posts\/46830\/revisions\/46839"}],"wp:featuredmedia":[{"embeddable":true,"href":"https:\/\/gazetaregionalna.com\/index.php?rest_route=\/wp\/v2\/media\/46833"}],"wp:attachment":[{"href":"https:\/\/gazetaregionalna.com\/index.php?rest_route=%2Fwp%2Fv2%2Fmedia&parent=46830"}],"wp:term":[{"taxonomy":"category","embeddable":true,"href":"https:\/\/gazetaregionalna.com\/index.php?rest_route=%2Fwp%2Fv2%2Fcategories&post=46830"},{"taxonomy":"post_tag","embeddable":true,"href":"https:\/\/gazetaregionalna.com\/index.php?rest_route=%2Fwp%2Fv2%2Ftags&post=46830"}],"curies":[{"name":"wp","href":"https:\/\/api.w.org\/{rel}","templated":true}]}}