{"id":46822,"date":"2021-07-07T12:53:03","date_gmt":"2021-07-07T12:53:03","guid":{"rendered":"https:\/\/gazetaregionalna.com\/?p=46822"},"modified":"2021-07-16T08:54:42","modified_gmt":"2021-07-16T08:54:42","slug":"dk46-do-przebudowy-jest-szansa-ze-roboty-rozpoczna-sie-jeszcze-tego-lata","status":"publish","type":"post","link":"https:\/\/gazetaregionalna.com\/?p=46822","title":{"rendered":"DK46 do przebudowy. Jest szansa, \u017ce roboty rozpoczn\u0105 si\u0119 jeszcze tego lata"},"content":{"rendered":"\n<h2 class=\"wp-block-heading\">Niebawem, jak zapowiada miasto, ma szans\u0119 rozpocz\u0105\u0107 si\u0119 przebudowa cz\u0119stochowskiego odcinka drogi DK46, czyli ulic: G\u0142\u00f3wnej i Przejazdowej. Miasto informuje, \u017ce procedury umo\u017cliwiaj\u0105ce rozpocz\u0119cie gruntownej przebudowy drogi wesz\u0142y w finaln\u0105 faz\u0119.<\/h2>\n\n\n\n<figure class=\"wp-block-image size-large\"><img decoding=\"async\" width=\"1024\" height=\"576\" data-src=\"https:\/\/gazetaregionalna.com\/wp-content\/uploads\/2021\/07\/prejazdowa1.jpg\" alt=\"\" class=\"wp-image-46826 lazyload\" data-srcset=\"https:\/\/gazetaregionalna.com\/wp-content\/uploads\/2021\/07\/prejazdowa1.jpg 1024w, https:\/\/gazetaregionalna.com\/wp-content\/uploads\/2021\/07\/prejazdowa1-300x169.jpg 300w, https:\/\/gazetaregionalna.com\/wp-content\/uploads\/2021\/07\/prejazdowa1-768x432.jpg 768w, https:\/\/gazetaregionalna.com\/wp-content\/uploads\/2021\/07\/prejazdowa1-696x392.jpg 696w, https:\/\/gazetaregionalna.com\/wp-content\/uploads\/2021\/07\/prejazdowa1-747x420.jpg 747w\" data-sizes=\"(max-width: 1024px) 100vw, 1024px\" src=\"data:image\/svg+xml;base64,PHN2ZyB3aWR0aD0iMSIgaGVpZ2h0PSIxIiB4bWxucz0iaHR0cDovL3d3dy53My5vcmcvMjAwMC9zdmciPjwvc3ZnPg==\" style=\"--smush-placeholder-width: 1024px; --smush-placeholder-aspect-ratio: 1024\/576;\" \/><figcaption>(fot. IBS)<\/figcaption><\/figure>\n\n\n\n<p>Chodzi o gruntowny remont ulic: G\u0142\u00f3wnej i Przejazdowej (DK-46) oraz&nbsp; budow\u0119 nowej drogi \u2013 tak zwanego obej\u015bcia ulic \u015bw. Barbary. Prace prowadzone b\u0119d\u0105 na DK46 od skrzy\u017cowania z ul. \u015bw. Jadwigi do w\u0119z\u0142a&nbsp;A1.<\/p>\n\n\n\n<p>Projekt podzielony na te dwie inwestycje uzyska\u0142, jak przekaza\u0142 Miejski Zarz\u0105d Dr\u00f3g w Cz\u0119stochowie, &nbsp;niezb\u0119dne, przepisowe zgody na odst\u0119pstwa od warunk\u00f3w technicznych&nbsp; wydane przez w\u0142a\u015bciwe ministerstwa. Teraz, zgodnie z procedur\u0105 przekazany zostanie przez przedstawiciela firm wykonawczych do s\u0142u\u017cb Wojewody \u015al\u0105skiego. Gdy te ostatnie dadz\u0105 inwestycji zielone \u015bwiat\u0142o, ruszy budowa.<\/p>\n\n\n\n<p>&#8211; Inwestycja obejmuje odcinek DK-46 od zachodniej granicy miasta do w\u0142\u0105czenia w ulic\u0119 Pu\u0142askiego \u2013 w sumie 7,2 km drogi (w tym ponad 1,7 km nowego odcinka) \u2013 przekaza\u0142o Biuro Prasowe Urz\u0119du Miasta Cz\u0119stochowy. &#8211; Nowy fragment DK-46, b\u0119dzie poprowadzony wzd\u0142u\u017c tor\u00f3w, od skrzy\u017cowania ul. G\u0142\u00f3wnej z ul. \u015bw. Jadwigi do w\u0142\u0105czenia w ul. Pu\u0142askiego przy dworcu PKP Stradom. <\/p>\n\n\n\n<p>Zakres prac b\u0119dzie bardzo du\u017cy, podobnie zreszt\u0105 jak koszt, kt\u00f3ry wyniesie blisko 98 mln z\u0142otych.<\/p>\n\n\n\n<p>Jak ju\u017c niemal rok temu zapowiada\u0142 rzecznik prasowy MZD Maciej Hasik, na miejskim odcinku DK46 wymienione b\u0119dzie praktycznie wszystko co pod ziemi\u0105 i na ziemi.<\/p>\n\n\n\n<p>\u2013 Inwestycja obejmie r\u00f3wnie\u017c nowy \u015blad drogi krajowej, tzw. obej\u015bcie ul. \u015bw. Barbary \u2014 od skrzy\u017cowania z ul. \u015bw. Jadwigi i \u015bw. Barbary, gdzie powstanie rondo \u2013 przekaza\u0142 rzecznik MZD. &#8211; &nbsp;Droga odbije wzd\u0142u\u017c linii PKP i dojdzie do ul. Pu\u0142askiego niedaleko w\u0119z\u0142a i dworca, to pozwoli na wyprowadzenie tranzytu z okolic centrum, dzielnicy Podjasnog\u00f3rskiej czy cz\u0119\u015bci Gnaszyna.<\/p>\n\n\n\n<p>MZD zapowiada, \u017ce w ramach zadania przebudowane b\u0105d\u017a wybudowane zostan\u0105 g\u0142\u00f3wne skrzy\u017cowania, infrastruktura podziemna i naziemna: m.in. odwodnienie, o\u015bwietlenie, chodniki, \u015bcie\u017cki rowerowe, elementy Inteligentnego Systemu Transportu oraz urz\u0105dzenia bezpiecze\u0144stwa ruchu drogowego.<\/p>\n","protected":false},"excerpt":{"rendered":"<p>Niebawem, jak zapowiada miasto, ma szans\u0119 rozpocz\u0105\u0107 si\u0119 przebudowa cz\u0119stochowskiego odcinka drogi DK46, czyli ulic: G\u0142\u00f3wnej i Przejazdowej. Miasto informuje, \u017ce procedury umo\u017cliwiaj\u0105ce rozpocz\u0119cie<\/p>\n","protected":false},"author":7,"featured_media":46828,"comment_status":"open","ping_status":"open","sticky":false,"template":"","format":"standard","meta":{"_monsterinsights_skip_tracking":false,"_monsterinsights_sitenote_active":false,"_monsterinsights_sitenote_note":"","_monsterinsights_sitenote_category":0,"_uf_show_specific_survey":0,"_uf_disable_surveys":false,"footnotes":""},"categories":[94,3,2],"tags":[],"class_list":["post-46822","post","type-post","status-publish","format-standard","has-post-thumbnail","hentry","category-polecane","category-czestochowa-informacje","category-wiadomosci"],"_links":{"self":[{"href":"https:\/\/gazetaregionalna.com\/index.php?rest_route=\/wp\/v2\/posts\/46822","targetHints":{"allow":["GET"]}}],"collection":[{"href":"https:\/\/gazetaregionalna.com\/index.php?rest_route=\/wp\/v2\/posts"}],"about":[{"href":"https:\/\/gazetaregionalna.com\/index.php?rest_route=\/wp\/v2\/types\/post"}],"author":[{"embeddable":true,"href":"https:\/\/gazetaregionalna.com\/index.php?rest_route=\/wp\/v2\/users\/7"}],"replies":[{"embeddable":true,"href":"https:\/\/gazetaregionalna.com\/index.php?rest_route=%2Fwp%2Fv2%2Fcomments&post=46822"}],"version-history":[{"count":6,"href":"https:\/\/gazetaregionalna.com\/index.php?rest_route=\/wp\/v2\/posts\/46822\/revisions"}],"predecessor-version":[{"id":47897,"href":"https:\/\/gazetaregionalna.com\/index.php?rest_route=\/wp\/v2\/posts\/46822\/revisions\/47897"}],"wp:featuredmedia":[{"embeddable":true,"href":"https:\/\/gazetaregionalna.com\/index.php?rest_route=\/wp\/v2\/media\/46828"}],"wp:attachment":[{"href":"https:\/\/gazetaregionalna.com\/index.php?rest_route=%2Fwp%2Fv2%2Fmedia&parent=46822"}],"wp:term":[{"taxonomy":"category","embeddable":true,"href":"https:\/\/gazetaregionalna.com\/index.php?rest_route=%2Fwp%2Fv2%2Fcategories&post=46822"},{"taxonomy":"post_tag","embeddable":true,"href":"https:\/\/gazetaregionalna.com\/index.php?rest_route=%2Fwp%2Fv2%2Ftags&post=46822"}],"curies":[{"name":"wp","href":"https:\/\/api.w.org\/{rel}","templated":true}]}}