{"id":46819,"date":"2021-07-07T12:27:48","date_gmt":"2021-07-07T12:27:48","guid":{"rendered":"https:\/\/gazetaregionalna.com\/?p=46819"},"modified":"2021-07-07T12:27:49","modified_gmt":"2021-07-07T12:27:49","slug":"kradli-stare-motocykle","status":"publish","type":"post","link":"https:\/\/gazetaregionalna.com\/?p=46819","title":{"rendered":"Kradli stare motocykle"},"content":{"rendered":"\n<h2 class=\"wp-block-heading\">Policjanci z Koniecpola i Olsztyna zatrzymali dw\u00f3ch m\u0142odych&nbsp; m\u0119\u017cczyzn, kt\u00f3rzy kradli stare motocykle w miejscowo\u015bciach wok\u00f3\u0142 Cz\u0119stochowy<\/h2>\n\n\n\n<p>Zatrzymani, to mieszka\u0144cy gmin: Jan\u00f3w i \u017barki w wieku 24 i 22 lata. Jak ustalono, obaj ukradli w sumie co najmniej dziewi\u0119\u0107 jedno\u015blad\u00f3w. Policjanci w wyniku przeprowadzonych przeszuka\u0144 odzyskali siedem motocykli. Dodatkowo wyja\u015bni\u0142o si\u0119, \u017ce rabusie maj\u0105 na swoim koncie jeszcze dwie inne kradzie\u017ce jedno\u015blad\u00f3w, kt\u00f3re nie zosta\u0142y zg\u0142oszone.<\/p>\n\n\n\n<p>Nad spraw\u0105 seryjnych kradzie\u017cy nie najm\u0142odszych motocykli pracowali od kilku tygodni policjanci z Koniecpola i Olsztyna.<\/p>\n\n\n\n<p>Do kradzie\u017cy dosz\u0142o na prze\u0142omie maja i czerwca. Policja wytypowa\u0142a m\u0119\u017cczyzn mog\u0105cych mie\u0107 zwi\u0105zek z t\u0105 spraw\u0105. Kilka dni temu \u015bledczy zatrzymali 24 i 22-latka podejrzewanych o dokonanie kradzie\u017cy.<\/p>\n\n\n\n<p>Policjanci krok po kroku ustalali i typowali miejsca przechowywania skradzionych motocykli. Jak si\u0119 okaza\u0142o, cz\u0119\u015b\u0107 z nich mia\u0142a ju\u017c nowych w\u0142a\u015bcicieli. \u0141\u0105czna warto\u015b\u0107 skradzionych pojazd\u00f3w wynios\u0142a prawie 37 tysi\u0119cy z\u0142otych. Siedem motocykli od razu odnaleziono. Potem , w trakcie \u015bledztwa ustalono, \u017ce z\u0142odzieje ukradli jeszcze dwa motocykle, o znikni\u0119ciu kt\u00f3rych policja nie wiedzia\u0142a.<\/p>\n\n\n\n<p>M\u0119\u017cczyznom postawiono zarzuty kradzie\u017cy i kradzie\u017cy z w\u0142amaniem. Obaj przyznali si\u0119 do pope\u0142nionych czyn\u00f3w. Grozi im teraz do 10 lat wi\u0119zienia.&nbsp;<\/p>\n","protected":false},"excerpt":{"rendered":"<p>Policjanci z Koniecpola i Olsztyna zatrzymali dw\u00f3ch m\u0142odych&nbsp; m\u0119\u017cczyzn, kt\u00f3rzy kradli stare motocykle w miejscowo\u015bciach wok\u00f3\u0142 Cz\u0119stochowy Zatrzymani, to mieszka\u0144cy gmin: Jan\u00f3w i \u017barki<\/p>\n","protected":false},"author":7,"featured_media":46821,"comment_status":"open","ping_status":"open","sticky":false,"template":"","format":"standard","meta":{"_monsterinsights_skip_tracking":false,"_monsterinsights_sitenote_active":false,"_monsterinsights_sitenote_note":"","_monsterinsights_sitenote_category":0,"_uf_show_specific_survey":0,"_uf_disable_surveys":false,"footnotes":""},"categories":[3,4,2],"tags":[],"class_list":["post-46819","post","type-post","status-publish","format-standard","has-post-thumbnail","hentry","category-czestochowa-informacje","category-region","category-wiadomosci"],"_links":{"self":[{"href":"https:\/\/gazetaregionalna.com\/index.php?rest_route=\/wp\/v2\/posts\/46819","targetHints":{"allow":["GET"]}}],"collection":[{"href":"https:\/\/gazetaregionalna.com\/index.php?rest_route=\/wp\/v2\/posts"}],"about":[{"href":"https:\/\/gazetaregionalna.com\/index.php?rest_route=\/wp\/v2\/types\/post"}],"author":[{"embeddable":true,"href":"https:\/\/gazetaregionalna.com\/index.php?rest_route=\/wp\/v2\/users\/7"}],"replies":[{"embeddable":true,"href":"https:\/\/gazetaregionalna.com\/index.php?rest_route=%2Fwp%2Fv2%2Fcomments&post=46819"}],"version-history":[{"count":1,"href":"https:\/\/gazetaregionalna.com\/index.php?rest_route=\/wp\/v2\/posts\/46819\/revisions"}],"predecessor-version":[{"id":46820,"href":"https:\/\/gazetaregionalna.com\/index.php?rest_route=\/wp\/v2\/posts\/46819\/revisions\/46820"}],"wp:featuredmedia":[{"embeddable":true,"href":"https:\/\/gazetaregionalna.com\/index.php?rest_route=\/wp\/v2\/media\/46821"}],"wp:attachment":[{"href":"https:\/\/gazetaregionalna.com\/index.php?rest_route=%2Fwp%2Fv2%2Fmedia&parent=46819"}],"wp:term":[{"taxonomy":"category","embeddable":true,"href":"https:\/\/gazetaregionalna.com\/index.php?rest_route=%2Fwp%2Fv2%2Fcategories&post=46819"},{"taxonomy":"post_tag","embeddable":true,"href":"https:\/\/gazetaregionalna.com\/index.php?rest_route=%2Fwp%2Fv2%2Ftags&post=46819"}],"curies":[{"name":"wp","href":"https:\/\/api.w.org\/{rel}","templated":true}]}}