{"id":46803,"date":"2021-07-06T19:19:09","date_gmt":"2021-07-06T19:19:09","guid":{"rendered":"https:\/\/gazetaregionalna.com\/?p=46803"},"modified":"2021-07-06T19:19:10","modified_gmt":"2021-07-06T19:19:10","slug":"juniorzy-bocar-wlokniarz-wygrali-w-tarnowie","status":"publish","type":"post","link":"https:\/\/gazetaregionalna.com\/?p=46803","title":{"rendered":"Juniorzy Bocar W\u0142\u00f3kniarz wygrali w Tarnowie"},"content":{"rendered":"\n<p>Kolejny turniej w Dru\u017cynowych Mistrzostwach Polski Junior\u00f3w wygrali we wtorek m\u0142odzie\u017cowcy Bocar W\u0142\u00f3kniarz. Podopieczni trenera Piotra \u015awiderskiego i S\u0142awomira Drabika triumfowali w Tarnowie.<\/p>\n\n\n\n<p>Bocar W\u0142\u00f3kniarz zdoby\u0142 47 punkt\u00f3w. Komplet 15 punkt\u00f3w wywalczy\u0142 Mateusz \u015awidnicki. 12 punkt\u00f3w z defektem (d,3,3,3,3) do\u0142o\u017cy\u0142 Bart\u0142omiej Kowalski. Franciszek Karczewski zdoby\u0142 11 \u201eoczek\u201d (0,3,3,2,3), a Kajetan Kupiec 9 punkt\u00f3w (2,1,2,1,3).<\/p>\n\n\n\n<p>Drugie miejsce w zawodach zaj\u0119li gospodarze z Tarnowa (36 punkt\u00f3w). Na 3. miejscu zosta\u0142 sklasyfikowany GKM Grudzi\u0105dz (25 punkt\u00f3w), a na 4. Start Gniezno (12 punkt\u00f3w).<\/p>\n\n\n\n<p>Cz\u0119stochowska dru\u017cyna jest jednym z g\u0142\u00f3wnych faworyt\u00f3w do zwyci\u0119stwa w tegorocznych DMPJ.<\/p>\n\n\n\n<p>Foto: Gazeta Regionalna\/AK<\/p>\n\n\n\n<figure class=\"wp-block-image size-large\"><img decoding=\"async\" width=\"1024\" height=\"603\" data-src=\"https:\/\/gazetaregionalna.com\/wp-content\/uploads\/2021\/07\/CKM-Stal-1-1024x603.jpg\" alt=\"\" class=\"wp-image-46458 lazyload\" data-srcset=\"https:\/\/gazetaregionalna.com\/wp-content\/uploads\/2021\/07\/CKM-Stal-1-1024x603.jpg 1024w, https:\/\/gazetaregionalna.com\/wp-content\/uploads\/2021\/07\/CKM-Stal-1-300x177.jpg 300w, https:\/\/gazetaregionalna.com\/wp-content\/uploads\/2021\/07\/CKM-Stal-1-768x452.jpg 768w, https:\/\/gazetaregionalna.com\/wp-content\/uploads\/2021\/07\/CKM-Stal-1-1536x905.jpg 1536w, https:\/\/gazetaregionalna.com\/wp-content\/uploads\/2021\/07\/CKM-Stal-1-2048x1206.jpg 2048w, https:\/\/gazetaregionalna.com\/wp-content\/uploads\/2021\/07\/CKM-Stal-1-696x410.jpg 696w, https:\/\/gazetaregionalna.com\/wp-content\/uploads\/2021\/07\/CKM-Stal-1-1068x629.jpg 1068w, https:\/\/gazetaregionalna.com\/wp-content\/uploads\/2021\/07\/CKM-Stal-1-1920x1131.jpg 1920w, https:\/\/gazetaregionalna.com\/wp-content\/uploads\/2021\/07\/CKM-Stal-1-713x420.jpg 713w, https:\/\/gazetaregionalna.com\/wp-content\/uploads\/2021\/07\/CKM-Stal-1-scaled.jpg 1200w\" data-sizes=\"(max-width: 1024px) 100vw, 1024px\" src=\"data:image\/svg+xml;base64,PHN2ZyB3aWR0aD0iMSIgaGVpZ2h0PSIxIiB4bWxucz0iaHR0cDovL3d3dy53My5vcmcvMjAwMC9zdmciPjwvc3ZnPg==\" style=\"--smush-placeholder-width: 1024px; --smush-placeholder-aspect-ratio: 1024\/603;\" \/><\/figure>\n\n\n\n<figure class=\"wp-block-image size-large\"><img decoding=\"async\" width=\"1024\" height=\"631\" data-src=\"https:\/\/gazetaregionalna.com\/wp-content\/uploads\/2021\/07\/CKM-Stal-0000000-1024x631.jpg\" alt=\"\" class=\"wp-image-46451 lazyload\" data-srcset=\"https:\/\/gazetaregionalna.com\/wp-content\/uploads\/2021\/07\/CKM-Stal-0000000-1024x631.jpg 1024w, https:\/\/gazetaregionalna.com\/wp-content\/uploads\/2021\/07\/CKM-Stal-0000000-300x185.jpg 300w, https:\/\/gazetaregionalna.com\/wp-content\/uploads\/2021\/07\/CKM-Stal-0000000-768x473.jpg 768w, https:\/\/gazetaregionalna.com\/wp-content\/uploads\/2021\/07\/CKM-Stal-0000000-1536x947.jpg 1536w, https:\/\/gazetaregionalna.com\/wp-content\/uploads\/2021\/07\/CKM-Stal-0000000-2048x1263.jpg 2048w, https:\/\/gazetaregionalna.com\/wp-content\/uploads\/2021\/07\/CKM-Stal-0000000-696x429.jpg 696w, https:\/\/gazetaregionalna.com\/wp-content\/uploads\/2021\/07\/CKM-Stal-0000000-1068x658.jpg 1068w, https:\/\/gazetaregionalna.com\/wp-content\/uploads\/2021\/07\/CKM-Stal-0000000-1920x1184.jpg 1920w, https:\/\/gazetaregionalna.com\/wp-content\/uploads\/2021\/07\/CKM-Stal-0000000-681x420.jpg 681w, https:\/\/gazetaregionalna.com\/wp-content\/uploads\/2021\/07\/CKM-Stal-0000000-356x220.jpg 356w, https:\/\/gazetaregionalna.com\/wp-content\/uploads\/2021\/07\/CKM-Stal-0000000-scaled.jpg 1200w\" data-sizes=\"(max-width: 1024px) 100vw, 1024px\" src=\"data:image\/svg+xml;base64,PHN2ZyB3aWR0aD0iMSIgaGVpZ2h0PSIxIiB4bWxucz0iaHR0cDovL3d3dy53My5vcmcvMjAwMC9zdmciPjwvc3ZnPg==\" style=\"--smush-placeholder-width: 1024px; --smush-placeholder-aspect-ratio: 1024\/631;\" \/><\/figure>\n","protected":false},"excerpt":{"rendered":"<p>Kolejny turniej w Dru\u017cynowych Mistrzostwach Polski Junior\u00f3w wygrali we wtorek m\u0142odzie\u017cowcy Bocar W\u0142\u00f3kniarz. Podopieczni trenera Piotra \u015awiderskiego i S\u0142awomira Drabika triumfowali w Tarnowie. Bocar<\/p>\n","protected":false},"author":15,"featured_media":46458,"comment_status":"open","ping_status":"open","sticky":false,"template":"","format":"standard","meta":{"_monsterinsights_skip_tracking":false,"_monsterinsights_sitenote_active":false,"_monsterinsights_sitenote_note":"","_monsterinsights_sitenote_category":0,"_uf_show_specific_survey":0,"_uf_disable_surveys":false,"footnotes":""},"categories":[5,7],"tags":[],"class_list":["post-46803","post","type-post","status-publish","format-standard","has-post-thumbnail","hentry","category-sport","category-zuzel"],"_links":{"self":[{"href":"https:\/\/gazetaregionalna.com\/index.php?rest_route=\/wp\/v2\/posts\/46803","targetHints":{"allow":["GET"]}}],"collection":[{"href":"https:\/\/gazetaregionalna.com\/index.php?rest_route=\/wp\/v2\/posts"}],"about":[{"href":"https:\/\/gazetaregionalna.com\/index.php?rest_route=\/wp\/v2\/types\/post"}],"author":[{"embeddable":true,"href":"https:\/\/gazetaregionalna.com\/index.php?rest_route=\/wp\/v2\/users\/15"}],"replies":[{"embeddable":true,"href":"https:\/\/gazetaregionalna.com\/index.php?rest_route=%2Fwp%2Fv2%2Fcomments&post=46803"}],"version-history":[{"count":1,"href":"https:\/\/gazetaregionalna.com\/index.php?rest_route=\/wp\/v2\/posts\/46803\/revisions"}],"predecessor-version":[{"id":46804,"href":"https:\/\/gazetaregionalna.com\/index.php?rest_route=\/wp\/v2\/posts\/46803\/revisions\/46804"}],"wp:featuredmedia":[{"embeddable":true,"href":"https:\/\/gazetaregionalna.com\/index.php?rest_route=\/wp\/v2\/media\/46458"}],"wp:attachment":[{"href":"https:\/\/gazetaregionalna.com\/index.php?rest_route=%2Fwp%2Fv2%2Fmedia&parent=46803"}],"wp:term":[{"taxonomy":"category","embeddable":true,"href":"https:\/\/gazetaregionalna.com\/index.php?rest_route=%2Fwp%2Fv2%2Fcategories&post=46803"},{"taxonomy":"post_tag","embeddable":true,"href":"https:\/\/gazetaregionalna.com\/index.php?rest_route=%2Fwp%2Fv2%2Ftags&post=46803"}],"curies":[{"name":"wp","href":"https:\/\/api.w.org\/{rel}","templated":true}]}}