{"id":4678,"date":"2019-07-29T08:01:37","date_gmt":"2019-07-29T08:01:37","guid":{"rendered":"https:\/\/gazetaregionalna.com\/?p=4678"},"modified":"2019-07-29T08:01:43","modified_gmt":"2019-07-29T08:01:43","slug":"region-chcesz-wstapic-do-policji-sprawdz-czy-zdasz-testy","status":"publish","type":"post","link":"https:\/\/gazetaregionalna.com\/?p=4678","title":{"rendered":"Region. Chcesz wst\u0105pi\u0107 do policji? Sprawd\u017a czy zdasz testy"},"content":{"rendered":"\n<p><strong>Kolejny ju\u017c raz Komenda Wojew\u00f3dzka Policji w Katowicach organizuje otwarte zaj\u0119cia dla wszystkich os\u00f3b zainteresowanych procesem rekrutacji do s\u0142u\u017cby w Policji. <\/strong><\/p>\n\n\n\n<p>31 lipca i 28 sierpnia br. w hali sportowej katowickiego oddzia\u0142u prewencji, wszystkie ch\u0119tne osoby b\u0119d\u0105 mog\u0142y osobi\u015bcie sprawdzi\u0107, jakie wymagania stawiane s\u0105 kandydatom. Uczestnicy maj\u0105 okazj\u0119 zmierzy\u0107 si\u0119 z testem sprawno\u015bci fizycznej oraz pozna\u0107, jak w praktyce wygl\u0105da rozmowa kwalifikacyjna do s\u0142u\u017cby w naszej formacji. Zapraszamy!<\/p>\n\n\n\n<p>Komenda Wojew\u00f3dzka Policji w Katowicach prowadzi dzia\u0142ania informacyjne, daj\u0105ce mo\u017cliwo\u015b\u0107 poznania specyfiki i charakteru s\u0142u\u017cby w Policji oraz przebiegu post\u0119powania rekrutacyjnego. Projekt powsta\u0142 z my\u015bl\u0105 o potrzebach m\u0142odych ludzi &#8211; absolwent\u00f3w szk\u00f3\u0142 \u015brednich planuj\u0105cych zwi\u0105za\u0107 swoj\u0105 drog\u0119 zawodow\u0105 z Policj\u0105, a tak\u017ce wszystkich osobach, kt\u00f3re chc\u0105 zasili\u0107 szeregi naszej formacji oraz sprawdzi\u0107, jak w praktyce wygl\u0105da rekrutacja do s\u0142u\u017cby. Podczas organizowanych przez katowick\u0105 komend\u0119 wojew\u00f3dzk\u0105 zaj\u0119\u0107, zainteresowani maj\u0105 mo\u017cliwo\u015b\u0107 praktycznego poznania dw\u00f3ch istotnych etap\u00f3w post\u0119powania kwalifikacyjnego: testu sprawno\u015bci fizycznej oraz rozmowy kwalifikacyjnej. Spotkania s\u0105 tak\u017ce okazj\u0105 do uzyskania informacji dotycz\u0105cych rekrutacji do s\u0142u\u017cby, kryteri\u00f3w doboru i wymaganych dokument\u00f3w.<\/p>\n\n\n\n<p>Przyst\u0105pienie do testu sprawno\u015bci fizycznej pozwoli zainteresowanym na sprawdzenie swoich umiej\u0119tno\u015bci i kondycji fizycznej, ale tak\u017ce na zdiagnozowanie ewentualnych element\u00f3w wymagaj\u0105cych poprawy, co umo\u017cliwi w przysz\u0142o\u015bci pozytywne zaliczenie testu sprawno\u015bci fizycznej podczas formalnej procedury kwalifikacyjnej do s\u0142u\u017cby w Policji. Natomiast praktyczne wskaz\u00f3wki dotycz\u0105ce rozmowy kwalifikacyjnej przyczyni\u0105 si\u0119 do kszta\u0142towania umiej\u0119tno\u015bci optymalnego prezentowania si\u0119 kandydat\u00f3w w procesie rekrutacji. <\/p>\n\n\n\n<p>Zaj\u0119cia prowadzone s\u0105 przez instruktor\u00f3w i pracownik\u00f3w do spraw rekrutacji z Wydzia\u0142u Doboru i Szkolenia Komendy Wojew\u00f3dzkiej Policji w Katowicach w dniach 31 lipca i 28 sierpnia 2019 r. o godz. 13 : 00 w hali sportowej Oddzia\u0142u Prewencji Policji w Katowicach przy ul. Koszarowej 17.<\/p>\n\n\n\n<p>Ze wzgl\u0119d\u00f3w organizacyjnych osoby zainteresowane udzia\u0142em w zaj\u0119ciach proszone s\u0105 o wcze\u015bniejszy kontakt na adres mailowy <strong><em>bartlomiej.lasek@ka.policja.gov.pl<\/em><\/strong> lub telefonicznie na nr <strong>3<em>2 2001761.<\/em><\/strong> <\/p>\n\n\n\n<p>W przypadku du\u017cego zainteresowania zostan\u0105 wyznaczone dodatkowe terminy zaj\u0119\u0107.<\/p>\n","protected":false},"excerpt":{"rendered":"<p>Kolejny ju\u017c raz Komenda Wojew\u00f3dzka Policji w Katowicach organizuje otwarte zaj\u0119cia dla wszystkich os\u00f3b zainteresowanych procesem rekrutacji do s\u0142u\u017cby w Policji. 31 lipca i<\/p>\n","protected":false},"author":3,"featured_media":4679,"comment_status":"open","ping_status":"open","sticky":false,"template":"","format":"standard","meta":{"_monsterinsights_skip_tracking":false,"_monsterinsights_sitenote_active":false,"_monsterinsights_sitenote_note":"","_monsterinsights_sitenote_category":0,"_uf_show_specific_survey":0,"_uf_disable_surveys":false,"footnotes":""},"categories":[44,4,2,13],"tags":[],"class_list":["post-4678","post","type-post","status-publish","format-standard","has-post-thumbnail","hentry","category-bezpieczenstwo","category-region","category-wiadomosci","category-wydarzenia"],"_links":{"self":[{"href":"https:\/\/gazetaregionalna.com\/index.php?rest_route=\/wp\/v2\/posts\/4678","targetHints":{"allow":["GET"]}}],"collection":[{"href":"https:\/\/gazetaregionalna.com\/index.php?rest_route=\/wp\/v2\/posts"}],"about":[{"href":"https:\/\/gazetaregionalna.com\/index.php?rest_route=\/wp\/v2\/types\/post"}],"author":[{"embeddable":true,"href":"https:\/\/gazetaregionalna.com\/index.php?rest_route=\/wp\/v2\/users\/3"}],"replies":[{"embeddable":true,"href":"https:\/\/gazetaregionalna.com\/index.php?rest_route=%2Fwp%2Fv2%2Fcomments&post=4678"}],"version-history":[{"count":1,"href":"https:\/\/gazetaregionalna.com\/index.php?rest_route=\/wp\/v2\/posts\/4678\/revisions"}],"predecessor-version":[{"id":4680,"href":"https:\/\/gazetaregionalna.com\/index.php?rest_route=\/wp\/v2\/posts\/4678\/revisions\/4680"}],"wp:featuredmedia":[{"embeddable":true,"href":"https:\/\/gazetaregionalna.com\/index.php?rest_route=\/wp\/v2\/media\/4679"}],"wp:attachment":[{"href":"https:\/\/gazetaregionalna.com\/index.php?rest_route=%2Fwp%2Fv2%2Fmedia&parent=4678"}],"wp:term":[{"taxonomy":"category","embeddable":true,"href":"https:\/\/gazetaregionalna.com\/index.php?rest_route=%2Fwp%2Fv2%2Fcategories&post=4678"},{"taxonomy":"post_tag","embeddable":true,"href":"https:\/\/gazetaregionalna.com\/index.php?rest_route=%2Fwp%2Fv2%2Ftags&post=4678"}],"curies":[{"name":"wp","href":"https:\/\/api.w.org\/{rel}","templated":true}]}}