{"id":46722,"date":"2021-07-06T08:23:06","date_gmt":"2021-07-06T08:23:06","guid":{"rendered":"https:\/\/gazetaregionalna.com\/?p=46722"},"modified":"2021-07-06T08:23:08","modified_gmt":"2021-07-06T08:23:08","slug":"marek-slosarski-i-jacek-gawlak-gloria-artis","status":"publish","type":"post","link":"https:\/\/gazetaregionalna.com\/?p=46722","title":{"rendered":"Marek \u015alosarski i Jacek Gawlak odznaczeni medalami \u201eZas\u0142u\u017cony Kulturze Gloria Artis\u201d"},"content":{"rendered":"\n<h2 class=\"wp-block-heading\">Podczas uroczysto\u015bci na Zamku Kr\u00f3lewskim w Warszawie wr\u0119czono odznaczenia dla nauczycieli i pracownik\u00f3w szk\u00f3\u0142 artystycznych. Medal &#8222;Zas\u0142u\u017cony Kulturze Gloria Artis&#8221; otrzymali Marek \u015alosarski i Jacek Gawlak z ZPSP w Cz\u0119stochowie.<\/h2>\n\n\n\n<p>W poniedzia\u0142ek, 5 lipca wr\u0119czono odznaczenia dla nauczycieli i pracownik\u00f3w szk\u00f3\u0142 artystycznych.  Uroczysto\u015b\u0107 mia\u0142a miejsce na Zamku Kr\u00f3lewskim w Warszawie. Uhonorowano 36 os\u00f3b. Z r\u0105k wiceminister Wandy Zwinogrodzkiej 18 os\u00f3b otrzyma\u0142o odznaczenia pa\u0144stwowe, w tym Krzy\u017c Kawalerski Orderu Odrodzenia Polski, Z\u0142oty i Br\u0105zowy Krzy\u017c Zas\u0142ugi oraz Z\u0142ote i Srebrne medale za d\u0142ugoletni\u0105 s\u0142u\u017cb\u0119. Przyznano tak\u017ce jeden medal Komisji Edukacji Narodowej oraz trzy odznaki \u201eZas\u0142u\u017cony dla Kultury Polskiej\u201d.<\/p>\n\n\n\n<p>Medale \u201eZas\u0142u\u017cony Kulturze Gloria Artis\u201d, przyznane przez wicepremiera, ministra kultury, dziedzictwa narodowego i sportu prof. Piotra Gli\u0144skiego, wr\u0119czy\u0142 dyrektor Departamentu Szkolnictwa Artystycznego i Edukacji Kulturalnej Jaros\u0142aw Wartak.<\/p>\n\n\n\n<p>Br\u0105zowe medale otrzymali jubiler Jacek Gawlak oraz aktor Marek \u015alosarski reprezentuj\u0105cy Zesp\u00f3\u0142 Pa\u0144stwowych Szk\u00f3\u0142 Plastycznych im. Malczewskiego w Cz\u0119stochowie.<\/p>\n\n\n\n<h2 class=\"wp-block-heading\">Kim s\u0105 nagrodzeni cz\u0119stochowianie?<\/h2>\n\n\n\n<p>Marka \u015alosarskiego znaj\u0105 wszyscy wielbiciele cz\u0119stochowskiej sceny. W latach 1989\u20131995 oraz 1998\u20132007 wsp\u00f3\u0142tworzy\u0142 zesp\u00f3\u0142 aktorski Teatru im. Mickiewicza (od 2003 do 2006 r. pe\u0142ni\u0142 r\u00f3wnie\u017c stanowisko zast\u0119pcy dyrektora). Zdobywca trzech Z\u0142otych Masek od 2007 r. jest zwi\u0105zany z Teatrem Powszechnym w \u0141odzi. <\/p>\n\n\n\n<p>Dzi\u015b na scenie przy ul. Kili\u0144skiego aktor wyst\u0119puje go\u015bcinnie, ostatnio mogli\u015bmy go ogl\u0105da\u0107 w takich spektaklach jak &#8222;Cudowna terapia&#8221;, &#8222;Testosteron&#8221; i  &#8222;Czy\u017c nie dobija si\u0119 koni?&#8221;. <\/p>\n\n\n\n<figure class=\"wp-block-image size-large\"><img decoding=\"async\" width=\"1000\" height=\"667\" data-src=\"https:\/\/gazetaregionalna.com\/wp-content\/uploads\/2021\/07\/Slosarski.jpg\" alt=\"\" class=\"wp-image-46728 lazyload\" data-srcset=\"https:\/\/gazetaregionalna.com\/wp-content\/uploads\/2021\/07\/Slosarski.jpg 1000w, https:\/\/gazetaregionalna.com\/wp-content\/uploads\/2021\/07\/Slosarski-300x200.jpg 300w, https:\/\/gazetaregionalna.com\/wp-content\/uploads\/2021\/07\/Slosarski-768x512.jpg 768w, https:\/\/gazetaregionalna.com\/wp-content\/uploads\/2021\/07\/Slosarski-696x464.jpg 696w, https:\/\/gazetaregionalna.com\/wp-content\/uploads\/2021\/07\/Slosarski-630x420.jpg 630w\" data-sizes=\"(max-width: 1000px) 100vw, 1000px\" src=\"data:image\/svg+xml;base64,PHN2ZyB3aWR0aD0iMSIgaGVpZ2h0PSIxIiB4bWxucz0iaHR0cDovL3d3dy53My5vcmcvMjAwMC9zdmciPjwvc3ZnPg==\" style=\"--smush-placeholder-width: 1000px; --smush-placeholder-aspect-ratio: 1000\/667;\" \/><figcaption>Marek \u015alosarski w spektaklu &#8222;Testosteron&#8221; (fot. Piotr D\u0142ubak\/Teatr im. Mickiewicza)<\/figcaption><\/figure>\n\n\n\n<p>Marka \u015alosarskiego dobrze znaj\u0105 te\u017c telewidzowie i kinomani. Mo\u017cna go by\u0142o bowiem ogl\u0105da\u0107 w takich produkcjach jak m.in. &#8222;Na dobre i na z\u0142e&#8221;, &#8222;Ratownicy&#8221;, &#8222;M jak mi\u0142o\u015b\u0107&#8221;, &#8222;Egzamin z \u017cycia&#8221;, &#8222;Ki&#8221; czy &#8222;Podejrzani zakochani&#8221;.<\/p>\n\n\n\n<p>Z kolei jubiler &#8211; z\u0142otnik Jacek Gawlak jest kontynuatorem rodzinnej firmy utworzonej przez ojca Eugeniusza w 1968 r. W 1975 r. uzyska\u0142 tytu\u0142\u00a0 Mistrza w rzemio\u015ble z\u0142otnictwo. Od 1979 r. Zak\u0142ad Z\u0142otniczy pod r\u0119k\u0105 rzemie\u015blnika dzia\u0142a zar\u00f3wno na rynku krajowym, jak i zagranicznym. Jest kierownikiem sekcji jubilerskiej w Zespole Szk\u00f3\u0142 Plastycznych im. Jacka Malczewskiego w Cz\u0119stochowie.<\/p>\n\n\n\n<p>Uczestniczy\u0142 dotychczas w licznych presti\u017cowych targach i wystawach. W swoim dorobku ma te\u017c liczne nagrody i odznaczenia. Gawlak specjalizuje si\u0119 w produkcji unikatowej bi\u017cuterii artystycznej, zar\u00f3wno o charakterze nowoczesnym jak i tradycyjnym. Zajmuje si\u0119 r\u00f3wnie\u017c wykonawstwem i renowacj\u0105 m.in. insygni\u00f3w w\u0142adzy rektorskich i prezydenckich (jak np. \u0142a\u0144cuchy rektorskie, dzieka\u0144skie, prezydenckie) oraz wyrob\u00f3w sakralnych (to m.in. pastora\u0142y czy insygnia w\u0142adzy kr\u00f3lewskiej do obraz\u00f3w \u015bwi\u0119tych).<\/p>\n\n\n\n<h2 class=\"wp-block-heading\">Kogo jeszcze odznaczono?<\/h2>\n\n\n\n<figure class=\"wp-block-image size-large\"><img decoding=\"async\" width=\"1024\" height=\"576\" data-src=\"https:\/\/gazetaregionalna.com\/wp-content\/uploads\/2021\/07\/odznaczenia-1024x576.jpg\" alt=\"\" class=\"wp-image-46732 lazyload\" data-srcset=\"https:\/\/gazetaregionalna.com\/wp-content\/uploads\/2021\/07\/odznaczenia-1024x576.jpg 1024w, https:\/\/gazetaregionalna.com\/wp-content\/uploads\/2021\/07\/odznaczenia-300x169.jpg 300w, https:\/\/gazetaregionalna.com\/wp-content\/uploads\/2021\/07\/odznaczenia-768x432.jpg 768w, https:\/\/gazetaregionalna.com\/wp-content\/uploads\/2021\/07\/odznaczenia-1536x864.jpg 1536w, https:\/\/gazetaregionalna.com\/wp-content\/uploads\/2021\/07\/odznaczenia-2048x1152.jpg 2048w, https:\/\/gazetaregionalna.com\/wp-content\/uploads\/2021\/07\/odznaczenia-696x392.jpg 696w, https:\/\/gazetaregionalna.com\/wp-content\/uploads\/2021\/07\/odznaczenia-1068x601.jpg 1068w, https:\/\/gazetaregionalna.com\/wp-content\/uploads\/2021\/07\/odznaczenia-1920x1080.jpg 1920w, https:\/\/gazetaregionalna.com\/wp-content\/uploads\/2021\/07\/odznaczenia-747x420.jpg 747w, https:\/\/gazetaregionalna.com\/wp-content\/uploads\/2021\/07\/odznaczenia-scaled.jpg 1200w\" data-sizes=\"(max-width: 1024px) 100vw, 1024px\" src=\"data:image\/svg+xml;base64,PHN2ZyB3aWR0aD0iMSIgaGVpZ2h0PSIxIiB4bWxucz0iaHR0cDovL3d3dy53My5vcmcvMjAwMC9zdmciPjwvc3ZnPg==\" style=\"--smush-placeholder-width: 1024px; --smush-placeholder-aspect-ratio: 1024\/576;\" \/><figcaption>Wr\u0119czenie odznacze\u0144 dla nauczycieli i pracownik\u00f3w szk\u00f3\u0142 artystycznych wr\u0119czone (fot. Jerzy Olszewski\/\/www.gov.pl)<\/figcaption><\/figure>\n\n\n\n<p>Opr\u00f3cz artyst\u00f3w zwi\u0105zanych z Cz\u0119stochow\u0105 br\u0105zowe medale otrzymali r\u00f3wnie\u017c: Romuald Go\u0142\u0119biowski (ZPSM Nr 2 w Warszawie), Andrzej Korzec (ZSP w Rzeszowie), dr Beata Lewi\u0144ska Gw\u00f3\u017ad\u017a (dyrektor ZPSP Warszawa), Tadeusz Kr\u00f3l (ZSP Bielsko-Bia\u0142a), Agata Lechowicz (OSB Gda\u0144sk), Ma\u0142gorzata Sztern-Dana (OSM I i II st. \u0141\u00f3d\u017a) oraz Andrzej Bujakiewicz i Maria Pawelec (PSM I i II st. w Kaliszu).<\/p>\n\n\n\n<p>Z kolei z\u0142ote medale \u201eZas\u0142u\u017cony Kulturze Gloria Artis\u201d otrzymali prof. W\u0142odzimierz Zalewski (AM \u0141\u00f3d\u017a) oraz prof. Stanis\u0142aw Krawczy\u0144ski (AM Krak\u00f3w). Srebrnymi medalami \u201eZas\u0142u\u017cony Kulturze Gloria Artis\u201d uhonorowano za\u015b Magdalen\u0119 Rokos\u0119 (ZPSP Cz\u0119stochowa), Miros\u0142awa R\u00f3\u017calskiego (dyrektor OSB Pozna\u0144) oraz Ryszarda Osmoli\u0144skiego (OSM I i II st. \u0141\u00f3d\u017a). Wi\u0119cej na ten temat na: <a href=\"https:\/\/www.gov.pl\/web\/kulturaisport\/odznaczenia-dla-nauczycieli-i-pracownikow-szkol-artystycznych-wreczone?fbclid=IwAR1GsxPgPiGyui__Zn9CiQj5nlTMmTlSMT6CHkA0ba9e1oMG2JIf2JfQ1hY\" target=\"_blank\" rel=\"noopener\">www.gov.pl<\/a>.<\/p>\n\n\n\n<p><strong>Zuzanna Suliga<\/strong><\/p>\n\n\n\n<p><strong><a href=\"https:\/\/gazetaregionalna.com\/fryderyki-2021-laureaci-muzyka_powazna\/\">Czytaj tak\u017ce: Fryderyki 2021 \u2013 muzyka powa\u017cna. W\u015br\u00f3d laureat\u00f3w tak\u017ce arty\u015bci zwi\u0105zani z Cz\u0119stochow\u0105<\/a><\/strong><\/p>\n","protected":false},"excerpt":{"rendered":"<p>Podczas uroczysto\u015bci na Zamku Kr\u00f3lewskim w Warszawie wr\u0119czono odznaczenia dla nauczycieli i pracownik\u00f3w szk\u00f3\u0142 artystycznych. Medal &#8222;Zas\u0142u\u017cony Kulturze Gloria Artis&#8221; otrzymali Marek \u015alosarski i<\/p>\n","protected":false},"author":18,"featured_media":46729,"comment_status":"open","ping_status":"open","sticky":false,"template":"","format":"standard","meta":{"_monsterinsights_skip_tracking":false,"_monsterinsights_sitenote_active":false,"_monsterinsights_sitenote_note":"","_monsterinsights_sitenote_category":0,"_uf_show_specific_survey":0,"_uf_disable_surveys":false,"footnotes":""},"categories":[94,3,12,1,2],"tags":[2276,2275,2125,669],"class_list":["post-46722","post","type-post","status-publish","format-standard","has-post-thumbnail","hentry","category-polecane","category-czestochowa-informacje","category-kultura-i-rozrywka","category-uncategorized","category-wiadomosci","tag-gloria-artis","tag-jacek-gawlak","tag-marek-slosarski","tag-medale"],"_links":{"self":[{"href":"https:\/\/gazetaregionalna.com\/index.php?rest_route=\/wp\/v2\/posts\/46722","targetHints":{"allow":["GET"]}}],"collection":[{"href":"https:\/\/gazetaregionalna.com\/index.php?rest_route=\/wp\/v2\/posts"}],"about":[{"href":"https:\/\/gazetaregionalna.com\/index.php?rest_route=\/wp\/v2\/types\/post"}],"author":[{"embeddable":true,"href":"https:\/\/gazetaregionalna.com\/index.php?rest_route=\/wp\/v2\/users\/18"}],"replies":[{"embeddable":true,"href":"https:\/\/gazetaregionalna.com\/index.php?rest_route=%2Fwp%2Fv2%2Fcomments&post=46722"}],"version-history":[{"count":8,"href":"https:\/\/gazetaregionalna.com\/index.php?rest_route=\/wp\/v2\/posts\/46722\/revisions"}],"predecessor-version":[{"id":46733,"href":"https:\/\/gazetaregionalna.com\/index.php?rest_route=\/wp\/v2\/posts\/46722\/revisions\/46733"}],"wp:featuredmedia":[{"embeddable":true,"href":"https:\/\/gazetaregionalna.com\/index.php?rest_route=\/wp\/v2\/media\/46729"}],"wp:attachment":[{"href":"https:\/\/gazetaregionalna.com\/index.php?rest_route=%2Fwp%2Fv2%2Fmedia&parent=46722"}],"wp:term":[{"taxonomy":"category","embeddable":true,"href":"https:\/\/gazetaregionalna.com\/index.php?rest_route=%2Fwp%2Fv2%2Fcategories&post=46722"},{"taxonomy":"post_tag","embeddable":true,"href":"https:\/\/gazetaregionalna.com\/index.php?rest_route=%2Fwp%2Fv2%2Ftags&post=46722"}],"curies":[{"name":"wp","href":"https:\/\/api.w.org\/{rel}","templated":true}]}}