{"id":46718,"date":"2021-07-06T07:00:08","date_gmt":"2021-07-06T07:00:08","guid":{"rendered":"https:\/\/gazetaregionalna.com\/?p=46718"},"modified":"2021-07-06T07:00:09","modified_gmt":"2021-07-06T07:00:09","slug":"wakacje-w-miescie-nie-musza-byc-nudne","status":"publish","type":"post","link":"https:\/\/gazetaregionalna.com\/?p=46718","title":{"rendered":"Wakacje w mie\u015bcie nie musz\u0105 by\u0107 nudne"},"content":{"rendered":"\n<h2 class=\"wp-block-heading\">Wakacje w mie\u015bcie nie musz\u0105 by\u0107 nudne, przekonuje samorz\u0105d cz\u0119stochowski i publikuje list\u0119 ofert przygotowanych w Cz\u0119stochowie z my\u015bl\u0105 o tych, kt\u00f3rzy letnie tygodnie sp\u0119dza\u0107 b\u0119d\u0105 g\u0142\u00f3wnie w domu.<\/h2>\n\n\n\n<p>Oferta jest bogata. Dla najm\u0142odszych przygotowano liczne zaj\u0119cia sportowe, np. szko\u0142\u0119 pod \u017caglami czy gr\u0119 w tenisa.<\/p>\n\n\n\n<p><br>Muzeum Cz\u0119stochowskie natomiast zaprasza dzieci na organizowane przez siebie wydarzenia \u2013warsztaty \u0142\u0105cz\u0105ce tw\u00f3rczo\u015b\u0107 z histori\u0105, archeologi\u0105, etnografi\u0105 czy wiedz\u0105 o przyrodzie, zar\u00f3wno w lipcu, jak i w sierpniu. Z propozycjami Muzeum mo\u017cna si\u0119 zapozna\u0107 pod linkiem <a href=\"https:\/\/www.muzeumczestochowa.pl\/inne\/lato-w-muzeum-2021\/\" target=\"_blank\" rel=\"noopener\">https:\/\/www.muzeumczestochowa.pl\/inne\/lato-w-muzeum-2021\/<\/a>\u00a0<\/p>\n\n\n\n<p>W letniej ofercie sporo jest r\u00f3wnie\u017c wycieczek, tych bliskich i tych dalszych. Przygotowa\u0142y je cz\u0119stochowskie kluby, organizacje, a tak\u017ce tradycyjnie PTTK.<\/p>\n\n\n\n<p>Pe\u0142na oferta propozycji zaj\u0119\u0107 w ramach \u201eLata w mie\u015bcie\u201d znajduje si\u0119 na stronie miasta:<\/p>\n\n\n\n<p><a href=\"https:\/\/www.czestochowa.pl\/page_id=1000398\" target=\"_blank\" rel=\"noopener\">https:\/\/www.czestochowa.pl\/page_id=1000398<\/a><\/p>\n","protected":false},"excerpt":{"rendered":"<p>Wakacje w mie\u015bcie nie musz\u0105 by\u0107 nudne, przekonuje samorz\u0105d cz\u0119stochowski i publikuje list\u0119 ofert przygotowanych w Cz\u0119stochowie z my\u015bl\u0105 o tych, kt\u00f3rzy letnie tygodnie<\/p>\n","protected":false},"author":7,"featured_media":46720,"comment_status":"open","ping_status":"open","sticky":false,"template":"","format":"standard","meta":{"_monsterinsights_skip_tracking":false,"_monsterinsights_sitenote_active":false,"_monsterinsights_sitenote_note":"","_monsterinsights_sitenote_category":0,"_uf_show_specific_survey":0,"_uf_disable_surveys":false,"footnotes":""},"categories":[2,3],"tags":[],"class_list":["post-46718","post","type-post","status-publish","format-standard","has-post-thumbnail","hentry","category-wiadomosci","category-czestochowa-informacje"],"_links":{"self":[{"href":"https:\/\/gazetaregionalna.com\/index.php?rest_route=\/wp\/v2\/posts\/46718","targetHints":{"allow":["GET"]}}],"collection":[{"href":"https:\/\/gazetaregionalna.com\/index.php?rest_route=\/wp\/v2\/posts"}],"about":[{"href":"https:\/\/gazetaregionalna.com\/index.php?rest_route=\/wp\/v2\/types\/post"}],"author":[{"embeddable":true,"href":"https:\/\/gazetaregionalna.com\/index.php?rest_route=\/wp\/v2\/users\/7"}],"replies":[{"embeddable":true,"href":"https:\/\/gazetaregionalna.com\/index.php?rest_route=%2Fwp%2Fv2%2Fcomments&post=46718"}],"version-history":[{"count":1,"href":"https:\/\/gazetaregionalna.com\/index.php?rest_route=\/wp\/v2\/posts\/46718\/revisions"}],"predecessor-version":[{"id":46719,"href":"https:\/\/gazetaregionalna.com\/index.php?rest_route=\/wp\/v2\/posts\/46718\/revisions\/46719"}],"wp:featuredmedia":[{"embeddable":true,"href":"https:\/\/gazetaregionalna.com\/index.php?rest_route=\/wp\/v2\/media\/46720"}],"wp:attachment":[{"href":"https:\/\/gazetaregionalna.com\/index.php?rest_route=%2Fwp%2Fv2%2Fmedia&parent=46718"}],"wp:term":[{"taxonomy":"category","embeddable":true,"href":"https:\/\/gazetaregionalna.com\/index.php?rest_route=%2Fwp%2Fv2%2Fcategories&post=46718"},{"taxonomy":"post_tag","embeddable":true,"href":"https:\/\/gazetaregionalna.com\/index.php?rest_route=%2Fwp%2Fv2%2Ftags&post=46718"}],"curies":[{"name":"wp","href":"https:\/\/api.w.org\/{rel}","templated":true}]}}