{"id":46698,"date":"2021-07-06T04:07:37","date_gmt":"2021-07-06T04:07:37","guid":{"rendered":"https:\/\/gazetaregionalna.com\/?p=46698"},"modified":"2021-07-06T04:07:38","modified_gmt":"2021-07-06T04:07:38","slug":"licznik-drogowych-tragedii-bije-policja-uruchomila-mape-ze-smiertelnymi-wypadkami","status":"publish","type":"post","link":"https:\/\/gazetaregionalna.com\/?p=46698","title":{"rendered":"Licznik drogowych tragedii bije. Policja uruchomi\u0142a map\u0119 ze \u015bmiertelnymi wypadkami"},"content":{"rendered":"\n<h2 class=\"wp-block-heading\">Kolejny rok wraz z nastaniem wakacji na stronach policji oraz w mediach spo\u0142eczno\u015bciowych pojawi\u0142a si\u0119 mapa, na kt\u00f3rej na bie\u017c\u0105co zaznaczane s\u0105 wakacyjne wypadki drogowe. To swoisty licznik tragedii, kt\u00f3ry pokazuje, ile os\u00f3b ginie na polskich drogach z powodu brawury, nadmiernej pr\u0119dko\u015bci oraz tak\u017ce alkoholu.<\/h2>\n\n\n\n<p>Mamy za sob\u0105 zaledwie kilka dni wakacji, tym czasem mapa \u015bmiertelnych wypadk\u00f3w zape\u0142nia si\u0119 punktami coraz szybciej.<\/p>\n\n\n\n<p>Przybywa na niej miejsc, kt\u00f3re zaznaczono ze wzgl\u0119du na tragedie, jakie rozegra\u0142y si\u0119 na drodze. Jak rok temu, policja prezentuje jest map\u0119 Polski z liczb\u0105 wypadk\u00f3w drogowych ze skutkiem \u015bmiertelnym wraz z informacj\u0105 o zdarzeniu: lokalizacja zdarzenia, og\u00f3lna informacja dotycz\u0105ce liczby ofiar, rodzaju uczestnika ruchu drogowego oraz rodzaju zdarzenia. <\/p>\n\n\n\n<p>Na mapie osobno zaznaczane s\u0105 wydarzenia z ostatniej doby oraz te tragedie, kt\u00f3re mia\u0142y miejsce od pocz\u0105tku wakacji. Te liczby przera\u017caj\u0105. Od pocz\u0105tku wakacji, na ten moment, odnotowano a\u017c 59 \u015bmiertelnych ofiar wypadk\u00f3w. Tylko ostatniej doby zgin\u0119\u0142o 5 os\u00f3b.<\/p>\n\n\n\n<p>Jak przekonuje policja, mapa wypadk\u00f3w wakacyjnych ma sk\u0142oni\u0107 kierowc\u00f3w do refleksji, a media do dyskusji na temat tego, co zrobi\u0107, aby polskie drogi by\u0142y bezpieczniejsze.<\/p>\n\n\n\n<p>Za ka\u017cdym punktem zaznaczonym na tej mapie, kryje si\u0119 ludzka tragedia, a spowodowana zosta\u0142a cz\u0119sto przez b\u0142ahe, wydawa\u0142oby si\u0119, zignorowanie przepis\u00f3w, brawur\u0119, zlekcewa\u017cenie senno\u015bci czy zm\u0119czenia podczas jazdy oraz niestety tak\u017ce alkohol.<\/p>\n","protected":false},"excerpt":{"rendered":"<p>Kolejny rok wraz z nastaniem wakacji na stronach policji oraz w mediach spo\u0142eczno\u015bciowych pojawi\u0142a si\u0119 mapa, na kt\u00f3rej na bie\u017c\u0105co zaznaczane s\u0105 wakacyjne wypadki<\/p>\n","protected":false},"author":7,"featured_media":46702,"comment_status":"open","ping_status":"open","sticky":false,"template":"","format":"standard","meta":{"_monsterinsights_skip_tracking":false,"_monsterinsights_sitenote_active":false,"_monsterinsights_sitenote_note":"","_monsterinsights_sitenote_category":0,"_uf_show_specific_survey":0,"_uf_disable_surveys":false,"footnotes":""},"categories":[18,94,2],"tags":[],"class_list":["post-46698","post","type-post","status-publish","format-standard","has-post-thumbnail","hentry","category-motoryzacja","category-polecane","category-wiadomosci"],"_links":{"self":[{"href":"https:\/\/gazetaregionalna.com\/index.php?rest_route=\/wp\/v2\/posts\/46698","targetHints":{"allow":["GET"]}}],"collection":[{"href":"https:\/\/gazetaregionalna.com\/index.php?rest_route=\/wp\/v2\/posts"}],"about":[{"href":"https:\/\/gazetaregionalna.com\/index.php?rest_route=\/wp\/v2\/types\/post"}],"author":[{"embeddable":true,"href":"https:\/\/gazetaregionalna.com\/index.php?rest_route=\/wp\/v2\/users\/7"}],"replies":[{"embeddable":true,"href":"https:\/\/gazetaregionalna.com\/index.php?rest_route=%2Fwp%2Fv2%2Fcomments&post=46698"}],"version-history":[{"count":3,"href":"https:\/\/gazetaregionalna.com\/index.php?rest_route=\/wp\/v2\/posts\/46698\/revisions"}],"predecessor-version":[{"id":46701,"href":"https:\/\/gazetaregionalna.com\/index.php?rest_route=\/wp\/v2\/posts\/46698\/revisions\/46701"}],"wp:featuredmedia":[{"embeddable":true,"href":"https:\/\/gazetaregionalna.com\/index.php?rest_route=\/wp\/v2\/media\/46702"}],"wp:attachment":[{"href":"https:\/\/gazetaregionalna.com\/index.php?rest_route=%2Fwp%2Fv2%2Fmedia&parent=46698"}],"wp:term":[{"taxonomy":"category","embeddable":true,"href":"https:\/\/gazetaregionalna.com\/index.php?rest_route=%2Fwp%2Fv2%2Fcategories&post=46698"},{"taxonomy":"post_tag","embeddable":true,"href":"https:\/\/gazetaregionalna.com\/index.php?rest_route=%2Fwp%2Fv2%2Ftags&post=46698"}],"curies":[{"name":"wp","href":"https:\/\/api.w.org\/{rel}","templated":true}]}}